{"id":191425,"date":"2025-10-21T11:41:08","date_gmt":"2025-10-21T11:41:08","guid":{"rendered":"https:\/\/www.europesays.com\/es\/191425\/"},"modified":"2025-10-21T11:41:08","modified_gmt":"2025-10-21T11:41:08","slug":"joey-di-maio-explica-el-retraso-de-la-regrabacion-de-manowar-the-aristocrats-cancelan-murcia-comunicado-de-rainover","status":"publish","type":"post","link":"https:\/\/www.europesays.com\/es\/191425\/","title":{"rendered":"Joey Di Maio explica el retraso de la regrabaci\u00f3n de MANOWAR. THE ARISTOCRATS cancelan Murcia. Comunicado de RAINOVER."},"content":{"rendered":"<p>\u00a0<\/p>\n<p style=\"text-align: center;\"><strong><a href=\"#MANOWAR2\">Joey Di Maio explica el retraso de la regrabaci\u00f3n de MANOWAR<\/a> \u2013 <a href=\"#ARISTOCRATS\">THE ARISTOCRATS cancelan Murcia<\/a> \u2013 <a href=\"#RAINOVER\">Comunicado de RAINOVER<\/a>.<\/strong><\/p>\n<p>El bajista de <a href=\"https:\/\/manowar.com\/\" target=\"_blank\" rel=\"noopener nofollow\"><strong>MANOWAR<\/strong><\/a> Joey Di Maio ha publicado un comunicado explicando porque se ha retrasado la <a href=\"https:\/\/www.rafabasa.com\/2025\/05\/25\/manowar-foreigner-doro\/#MANOWAR\" rel=\"nofollow noopener\" target=\"_blank\">regrabaci\u00f3n de su disco<\/a> \u201cSign Of The Hammer\u201d.<\/p>\n<p>\u201cAcabamos de celebrar el aniversario de \u201cSign Of The Hammer\u201d; un disco que ha significado el mundo para nosotros y vosotros durante m\u00e1s de 40 a\u00f1os.<\/p>\n<p>Ahora os voy a ofrecer una actualizaci\u00f3n sobre la regrabaci\u00f3n.<\/p>\n<p>Anunciamos este proyecto hace un tiempo y muchos de vosotros os pregunt\u00e1is: \u00bfD\u00f3nde est\u00e1?<\/p>\n<p>Es una pregunta justa. Merec\u00e9is una respuesta sincera, y aqu\u00ed est\u00e1:<\/p>\n<p>Regrabar un disco tan apreciado es una responsabilidad enorme para nosotros. Estas canciones son parte de vuestras vidas. Son himnos que os ayudado durante los momentos m\u00e1s duros.<\/p>\n<p>No nos tomamos eso a la ligera.<\/p>\n<p>As\u00ed que aqu\u00ed est\u00e1 lo que ha pasado:<\/p>\n<p>Grabamos todo. Escuchamos. Y no est\u00e1bamos satisfechos.<\/p>\n<p>El sonido no estaba ah\u00ed. No era el poder aplastante que mueve la tierra que esperamos de nosotros; y que merec\u00e9is. \u00bfAs\u00ed qu\u00e9 es lo que hicimos? Desmontamos nuestros estudios, intentamos configuraciones nuevas para el equipo, y lo grabamos otra vez. Pero segu\u00eda sin ser \u201ceso\u201d. Despu\u00e9s era el momento de prepararse para la gira y volver a la carretera.<\/p>\n<p>\u00bfPodr\u00edamos habernos apresurado? Seguro. Pero nosotros no somos as\u00ed. Nunca nos hemos comprometido y no vamos a empezar ahora.<\/p>\n<p>Totalmente asegurado: la grabaci\u00f3n de \u201cSign Of The Hammer\u201d se editar\u00e1. Y el <a href=\"https:\/\/www.rafabasa.com\/2025\/07\/16\/manowar-in-this-moment-benefactor-decease\/#MANOWAR\" rel=\"nofollow noopener\" target=\"_blank\">material nuevo<\/a> tambi\u00e9n.<\/p>\n<p>Y cuando llegue, va a sonar m\u00e1s crudo, ca\u00f1ero y poderoso que nada que hayamos hecho antes.<\/p>\n<p>Gracias por vuestra paciencia y lealtad. \u00a1Estad atentos!<\/p>\n<p>Hail and Kill!<br \/>Joey\u201d<\/p>\n<p><img fetchpriority=\"high\" decoding=\"async\" src=\"https:\/\/www.europesays.com\/es\/wp-content\/uploads\/2025\/10\/joey_demaio22.jpg\" alt=\"MANOWAR\" width=\"500\" height=\"333\"\/><\/p>\n<p>Ten\u00e9is fotos de su paso por Pamplona en este <a href=\"https:\/\/www.rafabasa.com\/2025\/03\/14\/fotos-de-manowar-en-el-kingdom-of-rock-festival-2025\/\" rel=\"nofollow noopener\" target=\"_blank\">enlace<\/a> y la cr\u00f3nica de su actuaci\u00f3n en <a href=\"https:\/\/www.rafabasa.com\/2025\/03\/12\/cronica-y-fotos-del-kingdom-of-rock-festival-con-manowar-doro-freedom-call-electrikeel\/\" rel=\"nofollow noopener\" target=\"_blank\">este<\/a>.<\/p>\n<p>\u00a0<\/p>\n<p><strong>THE ARISTOCRATS<\/strong> han cancelado su concierto en Murcia. Este es el comunicado de la banda y los organizadores:<\/p>\n<p>\u201cEste el comunicado oficial por parte de la banda:<\/p>\n<p>\u00abDebido a revisiones log\u00edsticas, el concierto de The Aristocrats en Murcia tiene que ser cancelado.\u00bb<\/p>\n<p>Todas las entradas adquiridas ser\u00e1n devueltas autom\u00e1ticamente sin necesidad de realizar ning\u00fan tr\u00e1mite.<\/p>\n<p>\u00bfC\u00f3mo devolver mi entrada?<\/p>\n<p>De manera autom\u00e1tica, no hay que realizar ning\u00fan tr\u00e1mite. Si en 30 d\u00edas no la has recibido escribe a este <a href=\"https:\/\/madnesslive.es\/es\/atencion-al-cliente?fbclid=IwZXh0bgNhZW0CMTAAYnJpZBExNWdmRm05VGNGalhZZ1FSagEefsVaMPMY6b8QVBIDsMOechDxsIdN-tFN8kHim1-H6dnqsfbH5myYSdk9nNY_aem_Rwnxkh9yaQXi9Ay1PSbJ1A\" target=\"_blank\" rel=\"noopener nofollow\">enlace<\/a>.\u201d<\/p>\n<p>El <a href=\"https:\/\/www.rafabasa.com\/2025\/05\/27\/the-aristocrats-de-nuevo-en-espana\/\" rel=\"nofollow noopener\" target=\"_blank\">resto de sus fechas<\/a> siguen adelante.<\/p>\n<p>\u00a0<\/p>\n<p>\u00a0<\/p>\n<p><strong>RAINOVER<\/strong> han publicado el siguiente comunicado respecto a su <a href=\"https:\/\/www.rafabasa.com\/2025\/07\/29\/dream-theater-rainover-satanic-armageddon\/#RAINOVER\" rel=\"nofollow noopener\" target=\"_blank\">batalla legal<\/a>:<\/p>\n<p>\u201cLa banda espa\u00f1ola de gothic metal RAINOVER (@rainover.band) ha dado a conocer, a trav\u00e9s de un v\u00eddeo publicado en sus redes sociales, que ha obtenido una resoluci\u00f3n judicial que les vuelve a dar la raz\u00f3n en el conflicto con su exteclista, quien ha creado una banda paralela con el mismo nombre haci\u00e9ndose pasar por la original. El exmiembro hab\u00eda solicitado que se impidiera al grupo el uso del nombre \u201cRainover\u201d de cara a su pr\u00f3ximo concierto, el 25 de octubre, en la Sala Spectrum de Murcia.<\/p>\n<p>La banda original, formada por Andrea Casanova, Antonio Perea, Quini Pelegr\u00edn y \u00c1lex Yuste, ya gan\u00f3 un primer pleito sobre los derechos de autor de las canciones del grupo. En esta ocasi\u00f3n, el juez, condenando de nuevo en costas al exteclista, considera que hay indicios serios de que \u00e9ste actu\u00f3 de mala fe al registrar la marca RAINOVER, aprovechando la caducidad de la inscripci\u00f3n registrada por todos los miembros originales tras abandonar la banda. Por lo tanto, como explica en el v\u00eddeo su cantante, Andrea Casanova, RAINOVER continuar\u00e1 tocando bajo sus siglas, siendo su pr\u00f3ximo concierto el 25 de octubre en la Sala Spectrum de Murcia junto a la banda sevillana Kaelis.<\/p>\n<p>En este concierto, la banda repasar\u00e1 toda su trayectoria discogr\u00e1fica, adem\u00e1s de adelantar alguna sorpresa de pr\u00f3ximos lanzamientos.\u201d<\/p>\n<p align=\"center\"><strong>Sigue el\u00a0<a href=\"https:\/\/whatsapp.com\/channel\/0029VaCprxVBA1f555USvT2O\" target=\"_blank\" rel=\"nofollow noopener\">Canal de RAFABASA.COM en WhatsApp<\/a>, donde encontrar\u00e1s todas nuestras novedades al instante<\/strong><\/p>\n<p>\u00a0<\/p>\n<p>\u00a0<\/p>\n<p>\u00a0<\/p>\n<p>\u00a0<\/p>\n<p>\u00a0<\/p>\n<p>\u00a0<\/p>\n","protected":false},"excerpt":{"rendered":"\u00a0 Joey Di Maio explica el retraso de la regrabaci\u00f3n de MANOWAR \u2013 THE ARISTOCRATS cancelan Murcia \u2013&hellip;\n","protected":false},"author":2,"featured_media":191426,"comment_status":"","ping_status":"","sticky":false,"template":"","format":"standard","meta":{"footnotes":""},"categories":[170],"tags":[146,147,25,24,53107,184,185,53498,23,53499],"class_list":{"0":"post-191425","1":"post","2":"type-post","3":"status-publish","4":"format-standard","5":"has-post-thumbnail","7":"category-musica","8":"tag-entertainment","9":"tag-entretenimiento","10":"tag-es","11":"tag-espana","12":"tag-manowar","13":"tag-music","14":"tag-musica","15":"tag-rainover","16":"tag-spain","17":"tag-the-aristocrats"},"share_on_mastodon":{"url":"https:\/\/pubeurope.com\/@es\/115411975442408797","error":""},"_links":{"self":[{"href":"https:\/\/www.europesays.com\/es\/wp-json\/wp\/v2\/posts\/191425","targetHints":{"allow":["GET"]}}],"collection":[{"href":"https:\/\/www.europesays.com\/es\/wp-json\/wp\/v2\/posts"}],"about":[{"href":"https:\/\/www.europesays.com\/es\/wp-json\/wp\/v2\/types\/post"}],"author":[{"embeddable":true,"href":"https:\/\/www.europesays.com\/es\/wp-json\/wp\/v2\/users\/2"}],"replies":[{"embeddable":true,"href":"https:\/\/www.europesays.com\/es\/wp-json\/wp\/v2\/comments?post=191425"}],"version-history":[{"count":0,"href":"https:\/\/www.europesays.com\/es\/wp-json\/wp\/v2\/posts\/191425\/revisions"}],"wp:featuredmedia":[{"embeddable":true,"href":"https:\/\/www.europesays.com\/es\/wp-json\/wp\/v2\/media\/191426"}],"wp:attachment":[{"href":"https:\/\/www.europesays.com\/es\/wp-json\/wp\/v2\/media?parent=191425"}],"wp:term":[{"taxonomy":"category","embeddable":true,"href":"https:\/\/www.europesays.com\/es\/wp-json\/wp\/v2\/categories?post=191425"},{"taxonomy":"post_tag","embeddable":true,"href":"https:\/\/www.europesays.com\/es\/wp-json\/wp\/v2\/tags?post=191425"}],"curies":[{"name":"wp","href":"https:\/\/api.w.org\/{rel}","templated":true}]}}