{"id":191431,"date":"2025-10-21T11:45:10","date_gmt":"2025-10-21T11:45:10","guid":{"rendered":"https:\/\/www.europesays.com\/es\/191431\/"},"modified":"2025-10-21T11:45:10","modified_gmt":"2025-10-21T11:45:10","slug":"masterchef-celebrity-elimina-otra-vez-a-la-misma-aspirante-este-programa-yo-ya-lo-he-visto-television","status":"publish","type":"post","link":"https:\/\/www.europesays.com\/es\/191431\/","title":{"rendered":"\u2018MasterChef Celebrity\u2019 elimina otra vez a la misma aspirante: \u201cEste programa yo ya lo he visto\u201d | Televisi\u00f3n"},"content":{"rendered":"<p class=\"\">\u201cValeria, hay que ponerse las pilas, hoy no estabas en tu mejor d\u00eda, a\u00fan as\u00ed has salvado los muebles\u201d, fueron las palabras que Pepe Rodr\u00edguez le dijo a Ros, que finalmente se salv\u00f3 de la eliminaci\u00f3n de MasterChef Celebrity este lunes. La c\u00f3mica se enfrent\u00f3 a la expulsi\u00f3n final junto a Soraya Arnelas, <a href=\"https:\/\/elpais.com\/television\/2025-10-07\/el-menu-mas-completo-de-masterchef-celebrity-expulsion-repesca-y-un-abandono-por-golpe-de-calor.html\" target=\"_self\" rel=\"nofollow noopener\" title=\"https:\/\/elpais.com\/television\/2025-10-07\/el-menu-mas-completo-de-masterchef-celebrity-expulsion-repesca-y-un-abandono-por-golpe-de-calor.html\">que tras ser repescada hace dos semanas<\/a>, volvi\u00f3 a ser eliminada del concurso de La 1. \u201cEste programa yo ya lo he visto\u201d, dijo Jos\u00e9 Manuel Parada tras volver a vivir la despedida de la cantante en el octavo episodio. \u201cEstoy teniendo un d\u00e9j\u00e0 vu\u00bb, insisti\u00f3 la Mala Rodr\u00edguez.<\/p>\n<p class=\"\">Soraya se justific\u00f3 ante el jurado explicando que hab\u00eda tenido \u201cun fallo garrafal\u201d que le hab\u00eda desbordado: \u201cHe intentado salvar algo que era imposible de salvar, no estoy orgullosa de mi plato pero s\u00ed estoy contenta de mi actitud. En lugar de venirme abajo y llorar he dicho: vamos a intentar defenderlo\u201d. La artista quiso dejar claro que hab\u00eda tenido mucha suerte por haber vivido la experiencia de MasterChef Celebrity dos veces. Y es que la extreme\u00f1a hab\u00eda regresado al programa tras haber sido la segunda eliminada de esta edici\u00f3n: \u201cYo me fui, me repescasteis, he vuelto a tener esa oportunidad y es bonito cuando uno sabe poner fin a la experiencia\u201d.<\/p>\n<p class=\"\">De esta segunda oportunidad, Arnelas destac\u00f3 el efecto que el concurso estaba teniendo en su vida personal: \u201cHab\u00e9is conseguido que cada vez que me enfrento a la cocina en mi casa me ponga retos, que mi marido se pique conmigo, y estamos mano a mano en la cocina m\u00e1s que nunca\u201d. En su despedida, la aspirante tambi\u00e9n dej\u00f3 claro que segu\u00eda pensando que Juanjo Bona acabar\u00eda siendo el ganador de MasterChef Celebrity 10: \u201cLo \u00fanico que tiene que hacer es cre\u00e9rselo un poco m\u00e1s, tienes un mont\u00f3n de buenas ideas y cuando arriesgas ganas\u201d.<\/p>\n<p>M\u00e1s informaci\u00f3n<\/p>\n<p class=\"\">Arnelas hab\u00eda liderado uno de los equipos en la prueba de exteriores, el rojo, que termin\u00f3 perdiendo este reto. A la prueba de eliminaci\u00f3n le acompa\u00f1aron Juanjo, Miguel y Valeria Ros. En esta ronda se enfrentaron al cocinado de un plato combinado. El cachopo vanguardista de Juanjo y la actualizaci\u00f3n de la merluza a la romana de Maril\u00f3 fueron los mejores platos. Ros y Arnelas recibieron las peores valoraciones. \u201cEse pollo biol\u00f3gico con patatas ha sido m\u00e1s una destrucci\u00f3n. El error con la harina te ha pesado mucho\u201d, concluy\u00f3 el jurado ante la extreme\u00f1a.<\/p>\n","protected":false},"excerpt":{"rendered":"\u201cValeria, hay que ponerse las pilas, hoy no estabas en tu mejor d\u00eda, a\u00fan as\u00ed has salvado los&hellip;\n","protected":false},"author":2,"featured_media":191432,"comment_status":"","ping_status":"","sticky":false,"template":"","format":"standard","meta":{"footnotes":""},"categories":[91],"tags":[146,147,25,24,256,6870,15297,25284,518,14560,23,807,3156],"class_list":{"0":"post-191431","1":"post","2":"type-post","3":"status-publish","4":"format-standard","5":"has-post-thumbnail","7":"category-entretenimiento","8":"tag-entertainment","9":"tag-entretenimiento","10":"tag-es","11":"tag-espana","12":"tag-famosos","13":"tag-la-1","14":"tag-masterchef","15":"tag-programas-entretenimiento","16":"tag-rtve","17":"tag-soraya","18":"tag-spain","19":"tag-television","20":"tag-tve"},"share_on_mastodon":{"url":"https:\/\/pubeurope.com\/@es\/115411991126507765","error":""},"_links":{"self":[{"href":"https:\/\/www.europesays.com\/es\/wp-json\/wp\/v2\/posts\/191431","targetHints":{"allow":["GET"]}}],"collection":[{"href":"https:\/\/www.europesays.com\/es\/wp-json\/wp\/v2\/posts"}],"about":[{"href":"https:\/\/www.europesays.com\/es\/wp-json\/wp\/v2\/types\/post"}],"author":[{"embeddable":true,"href":"https:\/\/www.europesays.com\/es\/wp-json\/wp\/v2\/users\/2"}],"replies":[{"embeddable":true,"href":"https:\/\/www.europesays.com\/es\/wp-json\/wp\/v2\/comments?post=191431"}],"version-history":[{"count":0,"href":"https:\/\/www.europesays.com\/es\/wp-json\/wp\/v2\/posts\/191431\/revisions"}],"wp:featuredmedia":[{"embeddable":true,"href":"https:\/\/www.europesays.com\/es\/wp-json\/wp\/v2\/media\/191432"}],"wp:attachment":[{"href":"https:\/\/www.europesays.com\/es\/wp-json\/wp\/v2\/media?parent=191431"}],"wp:term":[{"taxonomy":"category","embeddable":true,"href":"https:\/\/www.europesays.com\/es\/wp-json\/wp\/v2\/categories?post=191431"},{"taxonomy":"post_tag","embeddable":true,"href":"https:\/\/www.europesays.com\/es\/wp-json\/wp\/v2\/tags?post=191431"}],"curies":[{"name":"wp","href":"https:\/\/api.w.org\/{rel}","templated":true}]}}