{"id":191435,"date":"2025-10-21T11:47:08","date_gmt":"2025-10-21T11:47:08","guid":{"rendered":"https:\/\/www.europesays.com\/es\/191435\/"},"modified":"2025-10-21T11:47:08","modified_gmt":"2025-10-21T11:47:08","slug":"prodi-inyectara-10-millones-y-preve-reducir-la-plantilla-a-la-mitad","status":"publish","type":"post","link":"https:\/\/www.europesays.com\/es\/191435\/","title":{"rendered":"Prodi inyectar\u00e1 10 millones y prev\u00e9 reducir la plantilla a la mitad"},"content":{"rendered":"<p style=\"\">A las diez y media de esta ma\u00f1ana, la Comisi\u00f3n Nacional del Mercado de Valores (CNMV) ha autorizado de nuevo la cotizaci\u00f3n burs\u00e1til de la asturiana <a href=\"https:\/\/www.abc.es\/economia\/fuga-accionistas-minoritarios-duro-felguera-puertas-concurso-20251003131656-nt.html\" target=\"_self\" data-voc-vtm-id=\"in-text-traffic\" title=\"Duro Felguera\" data-mrf-link=\"www.abc.es\" rel=\"nofollow noopener\">Duro Felguera<\/a>, que estaba suspendida desde la apertura del mercado a la espera de que la compa\u00f1\u00eda publicara  &#8230; una informaci\u00f3n relevante relativa a su continuidad, que pasa por evitar el concurso de acreedores. Poco despu\u00e9s la empresa daba a conocer el plan, un ajuste masivo con el que prev\u00e9 convencer al juez y espantar el fantasma de la quiebra. <\/p>\n<p class=\"voc-p\" style=\"\">Seg\u00fan se lee en la nota remitida a la CNMV, la empresa va a enviar el documento al Juzgado de lo Mercantil n\u00ba 3 de Gij\u00f3n -el que ha llevado todo el caso- \u00abno m\u00e1s tarde del 30 de octubre de 2025\u00bb, <strong>un d\u00eda antes de que caduque el plazo legal<\/strong>, momento a partir del cu\u00e1l ya no habr\u00eda marcha atr\u00e1s. La clave estaba en proponer una reestructuraci\u00f3n de deuda que fuera cre\u00edble a ojos de los acreedores, y a toda prisa y con el cron\u00f3metro judicial corriendo en su contra, es lo que ha logrado firmar el Consejo de Administraci\u00f3n. <\/p>\n<p class=\"voc-p\" style=\"\">Esto se produce apenas unos d\u00edas despu\u00e9s de que el pasado tres de octubre la justicia asturiana le denegara al grupo una cuarta pr\u00f3rroga del preconcurso de acreedores en el que se encuentra desde hace ya m\u00e1s de diez meses, hecho que<strong> aceler\u00f3 irremediablemente los plazos<\/strong> de la negociaci\u00f3n y provoc\u00f3 la salida de los accionistas minoritarios, que representan un 2% del capital de la empresa. <\/p>\n<p class=\"voc-p\" style=\"\">El acuerdo incluye venta de activos, despidos masivos y devaluaci\u00f3n de los activos, aunque la clave ha sido una inyecci\u00f3n de capital por parte de la mexicana Prodi, que posee el 30% del accionariado. Concretamente, el socio y acreedor aportar\u00e1 10 millones de euros que podr\u00e1n ser capitalizados para aumentar su participaci\u00f3n en el capital social. Hay que recordar que, en octubre de 2023, Duro Felguera dio entrada a este socio y a la tambi\u00e9n mexicana Mota M\u00e9xico (por un 23% de los t\u00edtulos) a cambio de 50 y 40 millones de euros respectivamente, que deb\u00edan servir para que la empresa levantara el vuelo. No fue el caso, como tampoco fue suficiente, por cierto, <strong>un pr\u00e9stamo de 120 millones otorgado por la SEPI<\/strong> (dependiente del Ministerio de Hacienda) en 2021 para hacer frente a los estragos de la pandemia. <\/p>\n<p class=\"voc-p\" style=\"\">Con todo, la empresa se encuentra en una situaci\u00f3n que el Consejo define como \u00abal borde del colapso\u00bb, con un patrimonio neto negativo (a nivel consolidado) de 289 millones de euros y p\u00e9rdidas acumuladas por importe de 25 millones. <\/p>\n<p>\nReducci\u00f3n de capital y ventas\n<\/p>\n<p class=\"voc-p\" style=\"\">En lo que refiere a las acciones, el plan pasa por una  <strong>reducci\u00f3n de capital <\/strong>de hasta ocho millones de euros. Esto incluye la totalidad de los t\u00edtulos que componen el capital social de la empresa, que hoy ya cotizan a 0,025 c\u00e9ntimos, respecto a los 0,05 de ayer -es decir, que los inversores han perdido la mitad de su dinero- y la amortizaci\u00f3n de acciones en manos de Prodi y Mota por 2,9 millones de euros. Como consecuencia de esta reducci\u00f3n de capital, Prodi mantendr\u00e1 un porcentaje de control, mientras que Mota sale del grupo. <\/p>\n<p class=\"voc-p\" style=\"\">A los diez millones que va a aportar Prodi se suman, seg\u00fan se lee en la nota remitida a la CNMV, otros veinte millones que la empresa conseguir\u00e1 a trav\u00e9s de desinversiones. Concretamente, la compa\u00f1\u00eda ha acordado la venta de su sede en Gij\u00f3n por trece millones de euros, as\u00ed como la sociedad Felguera Tecnolog\u00edas de la Informaci\u00f3n y parte de su negocio de calderer\u00eda pesada. A esto se a\u00f1adir\u00e1, quiz\u00e1, la venta de DF Intelligent Systems, a\u00fan en fase de negociaci\u00f3n. <\/p>\n<p class=\"voc-p\" style=\"\">Con estas operaciones,<strong> la firma se embolsar\u00e1 <\/strong><strong>treinta millones de euros<\/strong> en total, que es la caja que dice necesitar para hacer frente a la fase de reestructuraci\u00f3n, que se extender\u00e1 hasta inicios de 2026. <\/p>\n<p class=\"voc-p\" style=\"\">Dicha reestructuraci\u00f3n se llevar\u00e1 a cabo mediante quitas de acreedores, que en algunos casos pueden alcanzar hasta el 100% de la deuda. En el caso del pr\u00e9stamo con la SEPI, la empresa contempla modificar el contrato para extender el vencimiento hasta 2035, as\u00ed como un nuevo calendario de amortizaci\u00f3n que prev\u00e9 pagos de 20 millones de euros en 2029, 30 millones en 2032 y 70 millones en 2035.<\/p>\n<p>\nPrev\u00e9 reducir la plantilla a 500 empleados\n<\/p>\n<p class=\"voc-p\" style=\"\">L\u00f3gicamente, <strong>todo este proceso se cobrar\u00e1 los puestos de trabajo de buena parte de la plantilla<\/strong>, tanto es as\u00ed que el grupo prev\u00e9 que a finales de este a\u00f1o tendr\u00e1 cerca de 500 trabajadores, la mitad de los que tiene actualmente (1.005). Ya en agosto, Duro Felguera confirm\u00f3 180 despidos en Espa\u00f1a a trav\u00e9s de un ERE, a los que se sumar\u00e1n otros 52 finiquitos pendientes en otros pa\u00edses y las salidas en calderer\u00eda pesada. A partir de ah\u00ed, la compa\u00f1\u00eda no ha detallado en qu\u00e9 flecos de su negocio llevar\u00e1 a cabo el resto de despidos, m\u00e1s all\u00e1 de explicar que acometer\u00e1 una \u00abreestructuraci\u00f3n\u00bb de su plantilla para adaptarla a las condiciones de mercado. <\/p>\n<p class=\"voc-p\" style=\"\">Concluida la parte m\u00e1s dura, Duro Felguera <strong>\u00abcontempla la b\u00fasqueda de veinte millones de financiaci\u00f3n\u00bb<\/strong> adicionales -se lee en la nota de la CNMV- para lo que llaman \u00abla fase de crecimiento\u00bb, en la que prev\u00e9n acelerar la actividad comercial y la contrataci\u00f3n de nuevos proyectos estrat\u00e9gicos. A partir de ah\u00ed, est\u00e1 por ver si este plan obtiene la autorizaci\u00f3n judicial y, lo m\u00e1s importante, si resulta ser lo que la empresa necesitaba para sobrevivir. Un lastre may\u00fasculo son los litigios que acumula la asturiana en varios pa\u00edses, por un total de 980 millones de euros. <\/p>\n","protected":false},"excerpt":{"rendered":"A las diez y media de esta ma\u00f1ana, la Comisi\u00f3n Nacional del Mercado de Valores (CNMV) ha autorizado&hellip;\n","protected":false},"author":2,"featured_media":191436,"comment_status":"","ping_status":"","sticky":false,"template":"","format":"standard","meta":{"footnotes":""},"categories":[80],"tags":[82,7899,35793,2562,95,94,25,24,2563,23,9986],"class_list":{"0":"post-191435","1":"post","2":"type-post","3":"status-publish","4":"format-standard","5":"has-post-thumbnail","7":"category-economia","8":"tag-business","9":"tag-cnmv","10":"tag-cotizacion","11":"tag-duro","12":"tag-economia","13":"tag-economy","14":"tag-es","15":"tag-espana","16":"tag-felguera","17":"tag-spain","18":"tag-suspende"},"share_on_mastodon":{"url":"https:\/\/pubeurope.com\/@es\/115411999134679892","error":""},"_links":{"self":[{"href":"https:\/\/www.europesays.com\/es\/wp-json\/wp\/v2\/posts\/191435","targetHints":{"allow":["GET"]}}],"collection":[{"href":"https:\/\/www.europesays.com\/es\/wp-json\/wp\/v2\/posts"}],"about":[{"href":"https:\/\/www.europesays.com\/es\/wp-json\/wp\/v2\/types\/post"}],"author":[{"embeddable":true,"href":"https:\/\/www.europesays.com\/es\/wp-json\/wp\/v2\/users\/2"}],"replies":[{"embeddable":true,"href":"https:\/\/www.europesays.com\/es\/wp-json\/wp\/v2\/comments?post=191435"}],"version-history":[{"count":0,"href":"https:\/\/www.europesays.com\/es\/wp-json\/wp\/v2\/posts\/191435\/revisions"}],"wp:featuredmedia":[{"embeddable":true,"href":"https:\/\/www.europesays.com\/es\/wp-json\/wp\/v2\/media\/191436"}],"wp:attachment":[{"href":"https:\/\/www.europesays.com\/es\/wp-json\/wp\/v2\/media?parent=191435"}],"wp:term":[{"taxonomy":"category","embeddable":true,"href":"https:\/\/www.europesays.com\/es\/wp-json\/wp\/v2\/categories?post=191435"},{"taxonomy":"post_tag","embeddable":true,"href":"https:\/\/www.europesays.com\/es\/wp-json\/wp\/v2\/tags?post=191435"}],"curies":[{"name":"wp","href":"https:\/\/api.w.org\/{rel}","templated":true}]}}