{"id":191445,"date":"2025-10-21T11:52:07","date_gmt":"2025-10-21T11:52:07","guid":{"rendered":"https:\/\/www.europesays.com\/es\/191445\/"},"modified":"2025-10-21T11:52:07","modified_gmt":"2025-10-21T11:52:07","slug":"el-gobierno-de-almeida-cede-a-la-comunidad-la-venta-del-batan-para-recuperar-su-tradicion-taurina","status":"publish","type":"post","link":"https:\/\/www.europesays.com\/es\/191445\/","title":{"rendered":"El Gobierno de Almeida cede a la Comunidad la Venta del Bat\u00e1n para recuperar su tradici\u00f3n taurina"},"content":{"rendered":"<p>    MADRID 21 Oct. (EUROPA PRESS) &#8211; <\/p>\n<p>   El Gobierno de Jos\u00e9 Luis Mart\u00ednez-Almeida ha hecho efectiva la cesi\u00f3n de la Venta del Bat\u00e1n a favor de la Comunidad de Madrid para recuperar la tradici\u00f3n taurina de este espacio municipal.<\/p>\n<p>   Esta \u00abcesi\u00f3n de gesti\u00f3n integral\u00bb al Gobierno regional se produce cuatro a\u00f1os despu\u00e9s del convenio de colaboraci\u00f3n suscrito entre Comunidad y Ayuntamiento para la ubicaci\u00f3n de la Escuela de Tauromaquia de la Comunidad de Madrid Jos\u00e9 Cubero Yiyo en estas instalaciones.<\/p>\n<p>   En concreto, el documento de cesi\u00f3n publicado el pasado 8 de octubre en el Bolet\u00edn Oficial del Ayuntamiento de Madrid (BOAM), al que ha tenido acceso Europa Press, recoge que la Venta del Bat\u00e1n ocupa un recinto vallado, dentro del cual existen diversas edificaciones, as\u00ed como instalaciones no cubiertas. Alcanza una superficie de suelo de 65.215 metros cuadrados, seg\u00fan la medici\u00f3n que figura en el Catastro.<\/p>\n<p>   Esta operaci\u00f3n se tramitado a trav\u00e9s de la figura jur\u00eddica &#8216;mutaci\u00f3n demanial subjetiva sin transferencia de titularidad&#8217;, con el que este bien de dominio p\u00fablico cambia de administraci\u00f3n sin necesidad de compraventa. El valor estimado de estas instalaciones asciende a 2.671.401,84 euros.<\/p>\n<p>    Al detalle, este espacio est\u00e1 compuesto por corrales para la exhibici\u00f3n de reses bravas, la vivienda del mayoral, edificaci\u00f3n prefabricada en la que se ubica la escuela de tauromaquia, plaza de toros port\u00e1til de la escuela de tauromaquia y bar-restaurante, diversas construcciones que ocupan una superficie total de 1.352,83 m2 y terrenos vinculados a las mismas con una superficie total de 10.717,62 m2.<\/p>\n<p>   El uso o actividad de este recinto, tal y como detalla el anuncio, ser\u00e1 \u00abla custodia y aclimataci\u00f3n de reses bravas en espera de traslado a las plazas de toros\u00bb. Asimismo, establece como uso compatible \u00abla ense\u00f1anza del toreo en el \u00e1mbito de la Escuela de Tauromaquia\u00bb.<\/p>\n<p>OBRAS EN ALGUNAS INSTALACIONES <\/p>\n<p>   Por su parte, la Comunidad de Madrid deber\u00e1 acometer obras en algunas instalaciones \u00abmuy deterioradas\u00bb, por ejemplo, en la zona de restauraci\u00f3n y cafeter\u00eda para poder ofrecer este servicio y as\u00ed \u00abpotenciar la gastronom\u00eda madrile\u00f1a\u00bb.<\/p>\n<p>    El bolet\u00edn municipal tambi\u00e9n recoge que con esta cesi\u00f3n sine die se permitir\u00e1 la celebraci\u00f3n de \u00abfestejos taurinos con muerte de las reses, como novilladas con picadores, sin picadores y festivales taurinos, as\u00ed como la posibilidad de celebrar clases pr\u00e1cticas y tentaderos sin muerte de las reses lidiadas\u00bb.<\/p>\n<p>   Para la directora general de Cultura del Ayuntamiento, Mar\u00eda Jos\u00e9 Barrero, esta cesi\u00f3n no conlleva ninguna p\u00e9rdida de competencias para el Consistorio, sino que supone \u00abun gran paso hacia la recuperaci\u00f3n del uso taurino de la totalidad de las instalaciones de la Venta del Bat\u00e1n\u00bb, seg\u00fan ha trasladado durante la Comisi\u00f3n de Cultura, Turismo y Deporte celebrada este martes a la pregunta formulada por el concejal de Vox Fernando Mart\u00ednez Vidal.<\/p>\n<p>MODELO MIXTO DE GESTI\u00d3N<\/p>\n<p>   Al hilo de este tema, en la misma comisi\u00f3n, Mart\u00ednez Vidal (Vox) ha retado al Partido Popular a aclarar si va a dar la \u00abbatalla cultural\u00bb en este aspecto tras \u00abrenunciar\u00bb a su escuela de tauromaquia con la Venta del Bat\u00e1n.<\/p>\n<p>   \u00abLa pregunta es si el PP municipal est\u00e1 dando esa batalla cultural o si la va a dejar en manos de la se\u00f1ora (Isabel) D\u00edaz Ayuso. El Ayuntamiento ha renunciado despu\u00e9s de 47 a\u00f1os a su escuela de tauromaquia en la Venta del Bat\u00e1n. Creo que los toros es la fiesta m\u00e1s culta. Nos gustar\u00eda que el Ayuntamiento de Madrid supiera estar a la altura\u00bb, ha se\u00f1alado.<\/p>\n<p>   En este aspecto, la directora general de Cultura ha resaltado que el Ayuntamiento de Madrid defiende un \u00abmodelo mixto de gesti\u00f3n\u00bb, ya sean con instituciones p\u00fablicas o privadas y que la cesi\u00f3n \u00abno es algo nuevo, es algo que se lleva gestando y fraguando desde hace a\u00f1os\u00bb.<\/p>\n<p>   \u00abDe hecho, en el a\u00f1o 2021 se firm\u00f3 un convenio con la Comunidad de Madrid y desde esa fecha gestiona parte de las instalaciones\u00bb, ha explicado la directora general, quien ha a\u00f1adido que en este caso concreto, \u00abdesde luego\u00bb, tienen la m\u00e1xima confianza de que la Comunidad de Madrid \u00abva a realizar la mejor gesti\u00f3n\u00bb.<\/p>\n<p>   En todo caso, la cuesti\u00f3n, seg\u00fan ha detallado Barrero, era que el Ejecutivo auton\u00f3mico presentase un proyecto \u00abinteresante, que garantizase la protecci\u00f3n integral patrimonial y un adecuado uso del conjunto\u00bb. \u00abEsta decisi\u00f3n nos parece la mejor por dos razones. En primer lugar, porque el proyecto de la Comunidad de Madrid garantiza, la completa rehabilitaci\u00f3n del conjunto y, en segundo lugar, porque garantiza un uso m\u00e1s eficiente y eficaz de los recursos p\u00fablicos\u00bb, ha asegurado.<\/p>\n<p>M\u00c1S MADRID CRITICA QUE SE USE \u00abEL DINERO DE TODOS\u00bb<\/p>\n<p>   Por su parte, la concejala de M\u00e1s Madrid Pilar S\u00e1nchez ha rechazado catalogar la tauromaquia con cultura y ha apuntado a una \u00abp\u00e9rdida de afici\u00f3n a la tauromaquia\u00bb, una actividad \u00absobrevive\u00bb gracias a \u00abtodo el dinero que le est\u00e1 dando el PP\u00bb.<\/p>\n<p>   S\u00e1nchez ha se\u00f1alado que el convenio al que se ha referido la directora general en su intervenci\u00f3n \u00abno ha servido\u00bb para sacar a las instalaciones de la Venta de su \u00abestado ruinoso\u00bb ni \u00ablevantar el vuelo\u00bb con una Escuela de Tauromaquia (&#8216;Jos\u00e9 Cubero Yiyo&#8217;) tras cuatro a\u00f1os de actividad.<\/p>\n<p>   La edil ha apuntado que, en realidad, la idea que \u00absiempre alegr\u00f3 el equipo de Cultura de Almeida\u00bb era encontrar un inversor privado \u00abpara quedarse con la venta en r\u00e9gimen de concesi\u00f3n de la zona de restauraci\u00f3n\u00bb. \u00abPero claro, la inversi\u00f3n era muy cuantiosa y ning\u00fan empresario o ha decidido aceptar este riesgo\u00bb, ha afirmado.<\/p>\n<p>   Por ello, ha se\u00f1alado que la Comunidad de Madrid asumir\u00e1 este \u00abriesgo\u00bb con el \u00abdinero de todos\u00bb con un proyecto que contar\u00e1 con \u00abzonas para eventos, en las que se podr\u00e1n celebrar todo tipo de actividades y espect\u00e1culos como festejos taurinos con muerte de las reses y jornadas para colegios, la cultura\u00bb. \u00abPues bien, todo este proyecto choca frontalmente con la declaraci\u00f3n de Bien de Inter\u00e9s Cultural (BIC) de la Casa de Campo\u00bb, ha advertido S\u00e1nchez.<\/p>\n","protected":false},"excerpt":{"rendered":"MADRID 21 Oct. (EUROPA PRESS) &#8211; El Gobierno de Jos\u00e9 Luis Mart\u00ednez-Almeida ha hecho efectiva la cesi\u00f3n de&hellip;\n","protected":false},"author":2,"featured_media":191446,"comment_status":"","ping_status":"","sticky":false,"template":"","format":"standard","meta":{"footnotes":""},"categories":[277],"tags":[373,168,25,24,23,167,374],"class_list":{"0":"post-191445","1":"post","2":"type-post","3":"status-publish","4":"format-standard","5":"has-post-thumbnail","7":"category-toreo","8":"tag-bullfighting","9":"tag-deportes","10":"tag-es","11":"tag-espana","12":"tag-spain","13":"tag-sports","14":"tag-toreo"},"share_on_mastodon":{"url":"https:\/\/pubeurope.com\/@es\/115412018273796569","error":""},"_links":{"self":[{"href":"https:\/\/www.europesays.com\/es\/wp-json\/wp\/v2\/posts\/191445","targetHints":{"allow":["GET"]}}],"collection":[{"href":"https:\/\/www.europesays.com\/es\/wp-json\/wp\/v2\/posts"}],"about":[{"href":"https:\/\/www.europesays.com\/es\/wp-json\/wp\/v2\/types\/post"}],"author":[{"embeddable":true,"href":"https:\/\/www.europesays.com\/es\/wp-json\/wp\/v2\/users\/2"}],"replies":[{"embeddable":true,"href":"https:\/\/www.europesays.com\/es\/wp-json\/wp\/v2\/comments?post=191445"}],"version-history":[{"count":0,"href":"https:\/\/www.europesays.com\/es\/wp-json\/wp\/v2\/posts\/191445\/revisions"}],"wp:featuredmedia":[{"embeddable":true,"href":"https:\/\/www.europesays.com\/es\/wp-json\/wp\/v2\/media\/191446"}],"wp:attachment":[{"href":"https:\/\/www.europesays.com\/es\/wp-json\/wp\/v2\/media?parent=191445"}],"wp:term":[{"taxonomy":"category","embeddable":true,"href":"https:\/\/www.europesays.com\/es\/wp-json\/wp\/v2\/categories?post=191445"},{"taxonomy":"post_tag","embeddable":true,"href":"https:\/\/www.europesays.com\/es\/wp-json\/wp\/v2\/tags?post=191445"}],"curies":[{"name":"wp","href":"https:\/\/api.w.org\/{rel}","templated":true}]}}