{"id":191447,"date":"2025-10-21T11:54:14","date_gmt":"2025-10-21T11:54:14","guid":{"rendered":"https:\/\/www.europesays.com\/es\/191447\/"},"modified":"2025-10-21T11:54:14","modified_gmt":"2025-10-21T11:54:14","slug":"los-dos-meses-magicos-de-tommy-fleetwood","status":"publish","type":"post","link":"https:\/\/www.europesays.com\/es\/191447\/","title":{"rendered":"Los dos meses m\u00e1gicos de Tommy Fleetwood"},"content":{"rendered":"<p data-gtm-element-container=\"modulo-texto-link\" class=\"paragraph\"><strong>\u201cDurante todo el d\u00eda de hoy estuve pensando si podr\u00eda ponerme en condiciones de lograrlo. <\/strong>Es una de esas peque\u00f1as cosas que significan mucho para m\u00ed, much\u00edsimo\u00bb, contaba <strong>Tommy Fleetwood<\/strong> tras atender este domingo a los periodistas presentes en el <strong>Campeonato de la India del DP World Tour<\/strong>. Acababa de ganar <strong>un nuevo t\u00edtulo para un palmar\u00e9s que ha crecido como la espuma <\/strong>en las \u00faltimas semanas.<\/p>\n<p>        Lee tambi\u00e9n<\/p>\n<p>    Redacci\u00f3n<\/p>\n<p>             <img loading=\"lazy\" decoding=\"async\" data-full-src=\"https:\/\/www.mundodeportivo.com\/uploads\/2025\/10\/19\/68f5071cbc0c9.jpeg\" alt=\"Horizontal\" src=\"https:\/\/www.europesays.com\/es\/wp-content\/uploads\/2025\/10\/68f5071cbc0c9.jpeg\" class=\"lazy\" width=\"104\" height=\"108\"\/><\/p>\n<p>        Lee tambi\u00e9n<\/p>\n<p>    EFE<\/p>\n<p>             <img loading=\"lazy\" decoding=\"async\" data-full-src=\"https:\/\/www.mundodeportivo.com\/uploads\/2025\/10\/18\/68f3a7101a6f6.jpeg\" alt=\"Horizontal\" src=\"https:\/\/www.europesays.com\/es\/wp-content\/uploads\/2025\/10\/68f3a7101a6f6.jpeg\" class=\"lazy\" width=\"104\" height=\"108\"\/><\/p>\n<p>        Lee tambi\u00e9n<\/p>\n<p>    EFE<\/p>\n<p>             <img loading=\"lazy\" decoding=\"async\" data-full-src=\"https:\/\/www.mundodeportivo.com\/uploads\/2025\/10\/17\/68f29c93b9ebd.jpeg\" alt=\"Tommy Fleetwood, en el tee del hoyo 13 en Nueva Delhi\" src=\"https:\/\/www.europesays.com\/es\/wp-content\/uploads\/2025\/10\/68f29c93b9ebd.jpeg\" class=\"lazy\" width=\"104\" height=\"108\"\/><\/p>\n<p data-gtm-element-container=\"modulo-texto-link\" class=\"paragraph\">A sus 34 a\u00f1os, el ingl\u00e9s es sin duda el jugador del momento. Es cierto que son quiz\u00e1 otros grandes nombres los que brillan si se retrocede a un pasado de meses atr\u00e1s, pero <strong>si solo se tienen en cuenta las \u00faltimas semanas no hay nadie que pueda sonre\u00edr mas ahora mismo en el planeta golf.<\/strong><\/p>\n<p data-gtm-element-container=\"modulo-texto-link\" class=\"paragraph\"><strong>El pasado 24 de agosto, Fleetwood acumulaba m\u00e1s de a\u00f1o y medio sin ganar un solo torneo<\/strong>. Su \u00faltimo \u00e9xito se remontaba al Dubai Invitational del circuito europeo, en el que en enero de 2024 gan\u00f3 de forma ajustada a Thriston Lawrence y a Rory McIlroy. Pero, desde entonces, no ha parado de ganar, incluyendo los dos mayores eventos que se pon\u00edan en liza desde entonces.<\/p>\n<p data-gtm-element-container=\"modulo-texto-link\" class=\"paragraph\">El primero fue el <strong>Tour Championship<\/strong> que decid\u00eda el campe\u00f3n de la <strong>FedEx Cup del PGA Tour <\/strong>a finales de agosto. Aprovechando el nuevo formato que decid\u00eda al campe\u00f3n de la temporada regular, con todo en juego para todos a una carta, Fleetwood, que nunca hab\u00eda ganado un torneo en el circuito estadounidense, se llev\u00f3 la victoria con autoridad en el evento de cierre de la temporada y as\u00ed sum\u00f3 dos \u00e9xitos en uno: primer triunfo en el PGA Tour y general de la temporada, el mayor \u00e9xito en su carrera.<\/p>\n<p>Hombre clave en la Ryder<\/p>\n<p data-gtm-element-container=\"modulo-texto-link\" class=\"paragraph\">Puede discutirlo la realidad vivida un mes despu\u00e9s, a finales de septiembre. La <strong>Ryder Cup<\/strong>, el evento por excelencia del golf mundial, no solamente dejaba una sufrida victoria de Europa fuera de casa contra Estados Unidos, sino que<strong> Fleetwood era el gran l\u00edder del equipo azul en ella<\/strong>. Tras dar continuidad a su brillante momento, el ingl\u00e9s era el \u00fanico jugador de la competici\u00f3n en sumar<strong> cuatro puntos<\/strong> para su equipo, en una actuaci\u00f3n absolutamente determinante para el equipo de Luke Donald.<\/p>\n<p data-gtm-element-container=\"modulo-texto-link\" class=\"paragraph\">Acababa tras ella la parte fuerte del 2025, pero no para un Fleetwood con cuentas pendientes. Particip\u00f3 en el Alfred Dunhill (vigesimoprimero) y<strong> este domingo se llev\u00f3 un nuevo t\u00edtulo de post\u00edn en la India<\/strong>, entre un elenco de grandes estrellas del golf europeo. Brillante especialmente el viernes y el domingo, sum\u00f3 su octavo t\u00edtulo en el circuito continental para poner fin a esa sequ\u00eda de un a\u00f1o y nueve meses en \u00e9l.\u00a0<\/p>\n<p data-gtm-element-container=\"modulo-texto-link\" class=\"paragraph\"><strong>\u00abA pesar de todo lo bueno que me ha sucedido este a\u00f1o, he acabado decepcionado con un par de cosas\u00bb<\/strong>, contaba Fleetwood tras su victoria, dando valor a lo mucho que ha tenido que pelear para vivir este momento. Los<strong> &#8216;majors&#8217;<\/strong>, de hecho, no le han visto pelear arriba, con un decimosexto puesto en el British como su mejor resultado.<\/p>\n<p data-gtm-element-container=\"modulo-texto-link\" class=\"paragraph\">Ser\u00e1 un reto pendiente para el 2026, pero antes quiere seguir dando continuidad a su 2025 m\u00e1gico, puesto que su victoria este domingo le otorga plaza para los torneos finales del circuito europeo en Abu Dabi y en Dub\u00e1i. <strong>El momento m\u00e1gico de Tommy Fleetwood buscar\u00e1 un broche por todo lo alto.<\/strong><\/p>\n","protected":false},"excerpt":{"rendered":"\u201cDurante todo el d\u00eda de hoy estuve pensando si podr\u00eda ponerme en condiciones de lograrlo. Es una de&hellip;\n","protected":false},"author":2,"featured_media":191448,"comment_status":"","ping_status":"","sticky":false,"template":"","format":"standard","meta":{"footnotes":""},"categories":[275],"tags":[168,25,24,329,23,167],"class_list":{"0":"post-191447","1":"post","2":"type-post","3":"status-publish","4":"format-standard","5":"has-post-thumbnail","7":"category-golf","8":"tag-deportes","9":"tag-es","10":"tag-espana","11":"tag-golf","12":"tag-spain","13":"tag-sports"},"share_on_mastodon":{"url":"https:\/\/pubeurope.com\/@es\/115412026487623506","error":""},"_links":{"self":[{"href":"https:\/\/www.europesays.com\/es\/wp-json\/wp\/v2\/posts\/191447","targetHints":{"allow":["GET"]}}],"collection":[{"href":"https:\/\/www.europesays.com\/es\/wp-json\/wp\/v2\/posts"}],"about":[{"href":"https:\/\/www.europesays.com\/es\/wp-json\/wp\/v2\/types\/post"}],"author":[{"embeddable":true,"href":"https:\/\/www.europesays.com\/es\/wp-json\/wp\/v2\/users\/2"}],"replies":[{"embeddable":true,"href":"https:\/\/www.europesays.com\/es\/wp-json\/wp\/v2\/comments?post=191447"}],"version-history":[{"count":0,"href":"https:\/\/www.europesays.com\/es\/wp-json\/wp\/v2\/posts\/191447\/revisions"}],"wp:featuredmedia":[{"embeddable":true,"href":"https:\/\/www.europesays.com\/es\/wp-json\/wp\/v2\/media\/191448"}],"wp:attachment":[{"href":"https:\/\/www.europesays.com\/es\/wp-json\/wp\/v2\/media?parent=191447"}],"wp:term":[{"taxonomy":"category","embeddable":true,"href":"https:\/\/www.europesays.com\/es\/wp-json\/wp\/v2\/categories?post=191447"},{"taxonomy":"post_tag","embeddable":true,"href":"https:\/\/www.europesays.com\/es\/wp-json\/wp\/v2\/tags?post=191447"}],"curies":[{"name":"wp","href":"https:\/\/api.w.org\/{rel}","templated":true}]}}