{"id":191450,"date":"2025-10-21T11:56:08","date_gmt":"2025-10-21T11:56:08","guid":{"rendered":"https:\/\/www.europesays.com\/es\/191450\/"},"modified":"2025-10-21T11:56:08","modified_gmt":"2025-10-21T11:56:08","slug":"iuri-leitao-sinuhe-fernandez-yago-agirre-kanter-schrettl-costiou-y-belletta-fichajes-y-renovaciones-confirmadas-para-2026","status":"publish","type":"post","link":"https:\/\/www.europesays.com\/es\/191450\/","title":{"rendered":"I\u00fari Leit\u00e3o, Sinuh\u00e9 Fern\u00e1ndez, Yago Agirre, Kanter, Schrettl, Costiou y Belletta, fichajes y renovaciones confirmadas para 2026"},"content":{"rendered":"<p>&#13;<br \/>\n&#13;<\/p>\n<p><img loading=\"lazy\" decoding=\"async\" src=\"https:\/\/www.europesays.com\/es\/wp-content\/uploads\/2025\/10\/peloton-tour-francia-et09-llegada-2025-sirotti.jpg\" width=\"556\" height=\"418\" class=\"setborder\" alt=\"I\u00fari Leit\u00e3o, Sinuh\u00e9 Fern\u00e1ndez, Yago Agirre, Kanter, Schrettl, Costiou y Belletta, fichajes y renovaciones confirmadas para 2026\" title=\"I\u00fari Leit\u00e3o, Sinuh\u00e9 Fern\u00e1ndez, Yago Agirre, Kanter, Schrettl, Costiou y Belletta, fichajes y renovaciones confirmadas para 2026\"\/><br \/>\n&#13;<br \/>\n&#13;<br \/>\n&#13;<br \/>\n<a href=\"https:\/\/www.esciclismo.com\/actualidad\/esciclismo\/\" rel=\"nofollow noopener\" target=\"_blank\">EsCiclismo.com<\/a> \u00b7 <a href=\"https:\/\/www.esciclismo.com\/actualidad\/carretera\/\" rel=\"nofollow noopener\" target=\"_blank\">Competici\u00f3n Carretera<\/a>  \u00b7 21\/10\/2025<\/p>\n<p>Con la temporada de ciclismo 2025 pr\u00e1cticamente finalizada y a falta de tan solo un par de pruebas por disputar, los equipos UCI WorldTour y ProTeam contin\u00faan perfilando sus plantillas de cara a 2026. En las \u00faltimas horas se han producido movimientos relevantes tanto en forma de renovaciones como de fichajes, entre los que destacan nombres consolidados como Max Kanter o I\u00fari Leit\u00e3o, y j\u00f3venes promesas como Yago Agirre, Marco Schrettl, Dario Igor Belletta, Ewen Costiou y Sinuh\u00e9 Fern\u00e1ndez.<\/p>\n<p>&#13;<br \/>\nMax Kanter, dos a\u00f1os m\u00e1s con XDS-Astana&#13;<\/p>\n<p>El alem\u00e1n Max Kanter seguir\u00e1 vinculado con el conjunto XDS-Astana hasta el final de la temporada 2027. El esprinter de 27 a\u00f1os ha firmado una renovaci\u00f3n por dos campa\u00f1as tras una excelente temporada 2025, en la que ha logrado una victoria en la Famenne Ardenne Classic y varios podios en pruebas como la Cl\u00e1sica de Almer\u00eda, Paris\u2013Chauny y Omloop van het Houtland, adem\u00e1s de numerosos Top-10 en cl\u00e1sicas de prestigio como <a href=\"https:\/\/www.esciclismo.com\/especiales\/la_panne\/\" rel=\"nofollow noopener\" target=\"_blank\">Brujas\u2013La Panne<\/a> y el <a href=\"https:\/\/www.esciclismo.com\/especiales\/scheldeprijs\/\" rel=\"nofollow noopener\" target=\"_blank\">Gran Premio Escalada<\/a>.<\/p>\n<p>&#13;<\/p>\n<p><b id=\"P2\"\/>Con esta renovaci\u00f3n, el equipo kazajo se asegura la continuidad de uno de sus velocistas m\u00e1s fiables, consolidando su bloque de llegadas masivas para las pr\u00f3ximas temporadas.<\/p>\n<p>&#13;<br \/>\nEl joven Marco Schrettl da el salto al WorldTour con XDS-Astana&#13;<\/p>\n<p><b id=\"P3\"\/>El mismo equipo tambi\u00e9n ha anunciado el fichaje del austriaco Marco Schrettl, bronce en el Mundial sub-23 disputado en Ruanda. El ciclista de 22 a\u00f1os, que ha brillado esta temporada con victorias en el Orlen Nations Grand Prix, el Campeonato Nacional sub-23 y el Trofeo San Vendemiano, ha firmado por tres a\u00f1os (2026\u20132028) con el equipo kazajo. Schrettl es considerado uno de los talentos emergentes del ciclismo austr\u00edaco y se espera que contin\u00fae su progresi\u00f3n en el m\u00e1ximo nivel.<\/p>\n<p>&#13;<br \/>\nDario Igor Belletta, nueva joya italiana para el Polti-VisitMalta&#13;<\/p>\n<p><b id=\"P4\"\/>El Polti-VisitMalta sigue reforzando su bloque joven con la incorporaci\u00f3n del prometedor Dario Igor Belletta, procedente del equipo amateur Solme Olmo y con experiencia en el Visma Development. El italiano, de 21 a\u00f1os, ha destacado en 2025 con un segundo puesto en la Milano\u2013Busseto y el Campeonato de Italia sub-23, adem\u00e1s de lograr una victoria en la Visegrad 4 Kerekparverseny. Campe\u00f3n del mundo en pista como junior, Belletta se une a la estructura dirigida por Ivan Basso y los hermanos Contador, con la ambici\u00f3n de desarrollarse como uno de los ciclistas m\u00e1s completos de su generaci\u00f3n.<\/p>\n<p>&#13;<br \/>\nGroupama-FDJ apuesta por el talento franc\u00e9s con Ewen Costiou&#13;<\/p>\n<p><b id=\"P5\"\/>El franc\u00e9s Ewen Costiou, procedente del Ark\u00e9a\u2013B&amp;B Hotels, ha firmado con el Groupama-FDJ para las temporadas 2026 y 2027. Con 22 a\u00f1os, el bret\u00f3n es un puncheur-escalador ofensivo que encaja perfectamente en la nueva generaci\u00f3n de talentos del equipo galo, donde compartir\u00e1 filas con otros j\u00f3venes como Romain Gr\u00e9goire o Lenny Martinez. Costiou buscar\u00e1 dar un paso adelante en su progresi\u00f3n dentro de una estructura consolidada del ciclismo franc\u00e9s.<\/p>\n<p>&#13;<br \/>\nI\u00fari Leit\u00e3o continuar\u00e1 con Caja Rural-Seguros RGA&#13;<\/p>\n<p>El campe\u00f3n ol\u00edmpico I\u00fari Leit\u00e3o seguir\u00e1 defendiendo los colores del Caja Rural-Seguros RGA en 2026, sumando as\u00ed su quinta temporada consecutiva con la formaci\u00f3n navarra. El velocista portugu\u00e9s ha firmado una renovaci\u00f3n tras un a\u00f1o en el que brill\u00f3 con su victoria en el Trofeo Palma, m\u00faltiples actuaciones destacadas en la <a href=\"https:\/\/www.esciclismo.com\/especiales\/vuelta-portugal\/\" rel=\"nofollow noopener\" target=\"_blank\">Volta a Portugal<\/a> y su presencia en el Top-10 de la Itzulia (5\u00ba en Lodosa). Leit\u00e3o, conocido tambi\u00e9n por sus logros en pista, es una de las piezas clave del conjunto verde y continuar\u00e1 siendo una de sus referencias en las llegadas masivas.<\/p>\n<p>&#13;<br \/>\nSinuh\u00e9 Fern\u00e1ndez prolonga su crecimiento con Burgos-Burpellet-BH&#13;<\/p>\n<p>Por su parte, el asturiano Sinuh\u00e9 Fern\u00e1ndez ha renovado con el Burgos-Burpellet-BH tras una temporada en la que debut\u00f3 en la <a href=\"https:\/\/www.esciclismo.com\/especiales\/vuelta-espana\/\" rel=\"nofollow noopener\" target=\"_blank\">Vuelta a Espa\u00f1a<\/a> y se consolid\u00f3 como un gregario combativo y fiable. El corredor de 25 a\u00f1os ha protagonizado m\u00faltiples escapadas a lo largo del curso y ha destacado en pruebas como el Giro de Emilia, donde fue premiado como mejor escalador, o el GP Beiras e Serra da Estrela, con buenas actuaciones en la monta\u00f1a. El equipo conf\u00eda en su progresi\u00f3n como hombre de equipo y cazador de etapas.<\/p>\n<p>&#13;<br \/>\nYago Agirre, nueva promesa vasca para el Euskaltel-Euskadi&#13;<\/p>\n<p>El Euskaltel-Euskadi contin\u00faa fiel a su filosof\u00eda de cantera y refuerza su plantilla 2026 con la incorporaci\u00f3n del guipuzcoano Yago Agirre, campe\u00f3n de Espa\u00f1a sub-23 este a\u00f1o en Granada. El ciclista de Donostia, de 21 a\u00f1os, ha firmado por dos temporadas (2026 y 2027) tras destacar tambi\u00e9n con victorias en la contrarreloj de la Vuelta a Madrid y una etapa de la Vuelta a Zamora.<\/p>\n<p>&#13;<\/p>\n<p>Agirre llega al primer equipo procedente del filial Euskadi Fundazioa, convirti\u00e9ndose en el tercer corredor que asciende desde la base tras Gari Ugarte y Samuel Fern\u00e1ndez. Con experiencia en el pelot\u00f3n profesional tras dos a\u00f1os en el conjunto alem\u00e1n Saris Rouvy Sauerland Team, el joven vasco ha sido uno de los nombres m\u00e1s destacados del calendario sub-23 nacional. Su versatilidad y capacidad en recorridos exigentes lo convierten en una de las grandes esperanzas del ciclismo vasco para los pr\u00f3ximos a\u00f1os.<\/p>\n<p>&#13;<\/p>\n<p>Con su fichaje, ya son cuatro las novedades anunciadas por la formaci\u00f3n naranja para 2026, que seguir\u00e1 apostando por los j\u00f3venes talentos vascos y por una estructura basada en el desarrollo progresivo de corredores formados en casa.<\/p>\n<p>&#13;<\/p>\n<p>&#13;<br \/>\nEstos movimientos contin\u00faan dando forma a un mercado de fichajes que ha sido especialmente activo en el final de temporada, a falta de apenas unas pruebas menores por disputar. Mientras los ciclistas afrontan el periodo de descanso, los equipos trabajan intensamente en la planificaci\u00f3n de una nueva campa\u00f1a que volver\u00e1 a reunir a las grandes figuras del ciclismo internacional.<\/p>\n<p>&#13;<br \/>\n&#13;<br \/>\n&#13;<br \/>\nEsCiclismo &#8211; Todos los derechos reservados. Est\u00e1 prohibido todo tipo de reproducci\u00f3n sin autorizaci\u00f3n expresa escrita.<br \/>&#13;<br \/>\n&#13;<\/p>\n","protected":false},"excerpt":{"rendered":"&#13; &#13; &#13; &#13; &#13; EsCiclismo.com \u00b7 Competici\u00f3n Carretera \u00b7 21\/10\/2025 Con la temporada de ciclismo 2025 pr\u00e1cticamente&hellip;\n","protected":false},"author":2,"featured_media":191451,"comment_status":"","ping_status":"","sticky":false,"template":"","format":"standard","meta":{"footnotes":""},"categories":[273],"tags":[313,24171,312,168,25,24,23,167,1152],"class_list":{"0":"post-191450","1":"post","2":"type-post","3":"status-publish","4":"format-standard","5":"has-post-thumbnail","7":"category-ciclismo","8":"tag-ciclismo","9":"tag-con","10":"tag-cycling","11":"tag-deportes","12":"tag-es","13":"tag-espana","14":"tag-spain","15":"tag-sports","16":"tag-temporada"},"share_on_mastodon":{"url":"https:\/\/pubeurope.com\/@es\/115412034382315422","error":""},"_links":{"self":[{"href":"https:\/\/www.europesays.com\/es\/wp-json\/wp\/v2\/posts\/191450","targetHints":{"allow":["GET"]}}],"collection":[{"href":"https:\/\/www.europesays.com\/es\/wp-json\/wp\/v2\/posts"}],"about":[{"href":"https:\/\/www.europesays.com\/es\/wp-json\/wp\/v2\/types\/post"}],"author":[{"embeddable":true,"href":"https:\/\/www.europesays.com\/es\/wp-json\/wp\/v2\/users\/2"}],"replies":[{"embeddable":true,"href":"https:\/\/www.europesays.com\/es\/wp-json\/wp\/v2\/comments?post=191450"}],"version-history":[{"count":0,"href":"https:\/\/www.europesays.com\/es\/wp-json\/wp\/v2\/posts\/191450\/revisions"}],"wp:featuredmedia":[{"embeddable":true,"href":"https:\/\/www.europesays.com\/es\/wp-json\/wp\/v2\/media\/191451"}],"wp:attachment":[{"href":"https:\/\/www.europesays.com\/es\/wp-json\/wp\/v2\/media?parent=191450"}],"wp:term":[{"taxonomy":"category","embeddable":true,"href":"https:\/\/www.europesays.com\/es\/wp-json\/wp\/v2\/categories?post=191450"},{"taxonomy":"post_tag","embeddable":true,"href":"https:\/\/www.europesays.com\/es\/wp-json\/wp\/v2\/tags?post=191450"}],"curies":[{"name":"wp","href":"https:\/\/api.w.org\/{rel}","templated":true}]}}