{"id":191452,"date":"2025-10-21T11:57:11","date_gmt":"2025-10-21T11:57:11","guid":{"rendered":"https:\/\/www.europesays.com\/es\/191452\/"},"modified":"2025-10-21T11:57:11","modified_gmt":"2025-10-21T11:57:11","slug":"se-presenta-el-calendario-del-tour-historico-2026","status":"publish","type":"post","link":"https:\/\/www.europesays.com\/es\/191452\/","title":{"rendered":"Se presenta el calendario del Tour Hist\u00f3rico 2026"},"content":{"rendered":"<p>HVM Racing ha presentado su calendario para la temporada 2026. El promotor de carreras de coches hist\u00f3ricos recorrer\u00e1 cuatro pa\u00edses para participar en diez eventos diferentes.<\/p>\n<p>La primera ronda de la pr\u00f3xima temporada se celebrar\u00e1 del 24 al 26 de abril de 2026 en Dijon-Prenois. El emblem\u00e1tico Gran Premio Kennol de Francia Hist\u00f3rica regresar\u00e1 al circuito Paul Ricard del 8 al 10 de mayo, con cuatro de las seis categor\u00edas del campeonato.<\/p>\n<p>El Campeonato Franc\u00e9s de Circuitos Hist\u00f3ricos (Historic Tour) y la F\u00f3rmula Cl\u00e1sica InterSeries se disputar\u00e1n en los circuitos franceses y europeos m\u00e1s prestigiosos.<\/p>\n<p>Destacados en el calendario de HVM Racing la pr\u00f3xima temporada:<\/p>\n<ul>\n<li><strong>24-26 ABR<\/strong> \u2013 Recorrido hist\u00f3rico, Dijon-Prenois (FR, SPS) \u2013 200 km<\/li>\n<li><strong>08-10 MAY<\/strong> \u2013 Gran Premio Kennol de Francia Hist\u00f3rica, Paul Ricard (<a href=\"https:\/\/es.autohebdo.fr\/noticias\/coche\/f%C3%B3rmula-2\" data-internallinksmanager029f6b8e52c=\"14\" title=\"f\u00f3rmula 2\" rel=\"nofollow noopener\" target=\"_blank\">F2<\/a>, <a href=\"https:\/\/es.autohebdo.fr\/noticias\/coche\/f%C3%B3rmula-3\" data-internallinksmanager029f6b8e52c=\"62\" title=\"f\u00f3rmula 3\" rel=\"nofollow noopener\" target=\"_blank\">F3<\/a>, FR) \u2013 200 km<\/li>\n<li><strong>22-23 MAY<\/strong> \u2013 Tour hist\u00f3rico, Val de Vienne (FR, SPS) \u2013 200 km<\/li>\n<li><strong>29-31 MAY<\/strong> \u2013 Festival Hist\u00f3rico de Masters, Brands Hatch (F2, F3)<\/li>\n<li><strong>19-21 JUN<\/strong> \u2013 GP hist\u00f3rico Zandvoort, Zandvoort (F2, F3)<\/li>\n<li><strong>03-05 JUL<\/strong> \u2013 Copa de Carreras de Magny-Cours, Magny-Cours<\/li>\n<li><strong>11-13 SEP<\/strong> \u2013 Copa Dijon Motors, Dijon-Prenois (F2, F3) \u2013 300 km<\/li>\n<li><strong>18-20 SEP<\/strong> \u2013 Recorrido hist\u00f3rico, Charada (FR, SPS) \u2013 200 km<\/li>\n<li><strong>02-04 OCT<\/strong> \u2013 Gran Premio Hist\u00f3rico de Italia, Mugello (F2, F3)<\/li>\n<li><strong>16-18 OCT<\/strong> \u2013 Recorrido hist\u00f3rico de Magny-Cours (FR, SPS) \u2013 200 km<\/li>\n<\/ul>\n<p class=\"gt-block\"><strong>LEA TAMBI\u00c9N &gt;\u00a0<a href=\"https:\/\/es.autohebdo.fr\/noticias\/-resistencia%2C\/24-horas-de-Le-Mans\/Ya-se-conoce-la-fecha-de-apertura-de-entradas-para-las-24-Horas-de-Le-Mans-2026.html\" rel=\"nofollow noopener\" target=\"_blank\">Ya se conoce la fecha de apertura de entradas para las 24 Horas de Le Mans 2026<\/a><\/strong><\/p>\n","protected":false},"excerpt":{"rendered":"HVM Racing ha presentado su calendario para la temporada 2026. El promotor de carreras de coches hist\u00f3ricos recorrer\u00e1&hellip;\n","protected":false},"author":2,"featured_media":191453,"comment_status":"","ping_status":"","sticky":false,"template":"","format":"standard","meta":{"footnotes":""},"categories":[270],"tags":[168,25,24,306,271,272,53507,53508,23,167],"class_list":{"0":"post-191452","1":"post","2":"type-post","3":"status-publish","4":"format-standard","5":"has-post-thumbnail","7":"category-formula-1","8":"tag-deportes","9":"tag-es","10":"tag-espana","11":"tag-f1","12":"tag-formula-1","13":"tag-formula1","14":"tag-grand-prix-de-france-historique","15":"tag-hvm-racing","16":"tag-spain","17":"tag-sports"},"share_on_mastodon":{"url":"https:\/\/pubeurope.com\/@es\/115412038094248344","error":""},"_links":{"self":[{"href":"https:\/\/www.europesays.com\/es\/wp-json\/wp\/v2\/posts\/191452","targetHints":{"allow":["GET"]}}],"collection":[{"href":"https:\/\/www.europesays.com\/es\/wp-json\/wp\/v2\/posts"}],"about":[{"href":"https:\/\/www.europesays.com\/es\/wp-json\/wp\/v2\/types\/post"}],"author":[{"embeddable":true,"href":"https:\/\/www.europesays.com\/es\/wp-json\/wp\/v2\/users\/2"}],"replies":[{"embeddable":true,"href":"https:\/\/www.europesays.com\/es\/wp-json\/wp\/v2\/comments?post=191452"}],"version-history":[{"count":0,"href":"https:\/\/www.europesays.com\/es\/wp-json\/wp\/v2\/posts\/191452\/revisions"}],"wp:featuredmedia":[{"embeddable":true,"href":"https:\/\/www.europesays.com\/es\/wp-json\/wp\/v2\/media\/191453"}],"wp:attachment":[{"href":"https:\/\/www.europesays.com\/es\/wp-json\/wp\/v2\/media?parent=191452"}],"wp:term":[{"taxonomy":"category","embeddable":true,"href":"https:\/\/www.europesays.com\/es\/wp-json\/wp\/v2\/categories?post=191452"},{"taxonomy":"post_tag","embeddable":true,"href":"https:\/\/www.europesays.com\/es\/wp-json\/wp\/v2\/tags?post=191452"}],"curies":[{"name":"wp","href":"https:\/\/api.w.org\/{rel}","templated":true}]}}