{"id":191454,"date":"2025-10-21T11:58:10","date_gmt":"2025-10-21T11:58:10","guid":{"rendered":"https:\/\/www.europesays.com\/es\/191454\/"},"modified":"2025-10-21T11:58:10","modified_gmt":"2025-10-21T11:58:10","slug":"gudmundsson-sigue-al-margen-en-el-san-pablo-burgos","status":"publish","type":"post","link":"https:\/\/www.europesays.com\/es\/191454\/","title":{"rendered":"Gudmundsson sigue al margen en el San Pablo Burgos"},"content":{"rendered":"<p>El Recoletas Salud San Pablo Burgos regres\u00f3 ayer a los entrenamientos para preparar el encuentro del s\u00e1bado -21.00 horas- contra el Casademont Zaragoza y lo hizo con Jon Axel Gudmundsson a\u00fan recuper\u00e1ndose de su lesi\u00f3n en el hombro. El base island\u00e9s contin\u00faa al margen del grupo y Luke Fischer y Ra\u00fal Neto tampoco se ejercitaron con normalidad.<\/p>\n<p>Gudmundsson estuvo presente en la vuelta a los entrenamientos de los suyos tras el tropiezo contra el Real Madrid y se le vio trabajando al margen junto al preparador f\u00edsico y los fisioterapeutas. Realiz\u00f3 ejercicios de rehabilitaci\u00f3n para mejorar de su hombro derecho y tambi\u00e9n estuvo corriendo por la banda, pero no fue parte activa de la sesi\u00f3n junto con el resto de sus compa\u00f1eros. Habr\u00e1 que ver c\u00f3mo evoluciona de su lesi\u00f3n a lo largo de esta semana para saber si reaparecer\u00e1 ante el Zaragoza o tendr\u00e1 que esperar.<\/p>\n<p>El base island\u00e9s fue el mejor en el estreno del San Pablo ante el B\u00e0squet Girona en la ACB y acus\u00f3 mucho su ausencia en los dos \u00faltimos encuentros ligueros, sobre todo en la cancha del Bilbao Basket, pero Bruno Savignani dej\u00f3 claro el pasado viernes que no va a arriesgar con nadie: \u00abNo me gusta forzar a los jugadores, creo que el jugador tiene que sentirse c\u00f3modo para aportar. Prefiero tener a alguien que est\u00e9 al 100% y aportando el m\u00e1ximo que a otro m\u00e1s determinante al que le falten determinadas cosas, porque al final no tenemos una cosa ni otra\u00bb.<\/p>\n<p>M\u00e1s all\u00e1 de Gudmundsson, su compa\u00f1ero Fischer tampoco entren\u00f3 con el resto de sus compa\u00f1eros (&#8230;).<\/p>\n<p><strong>(M\u00e1s informaci\u00f3n, en la edici\u00f3n impresa de Diario de Burgos de este martes o <a href=\"https:\/\/suscripciones.promecal.es\/DIARIODEBURGOS\" target=\"_blank\" rel=\"nofollow noopener\">aqu\u00ed<\/a>)<\/strong><\/p>\n","protected":false},"excerpt":{"rendered":"El Recoletas Salud San Pablo Burgos regres\u00f3 ayer a los entrenamientos para preparar el encuentro del s\u00e1bado -21.00&hellip;\n","protected":false},"author":2,"featured_media":191455,"comment_status":"","ping_status":"","sticky":false,"template":"","format":"standard","meta":{"footnotes":""},"categories":[269],"tags":[299,298,45346,7224,14681,5369,168,25,24,831,3048,3919,23,167],"class_list":{"0":"post-191454","1":"post","2":"type-post","3":"status-publish","4":"format-standard","5":"has-post-thumbnail","7":"category-baloncesto","8":"tag-baloncesto","9":"tag-basketball","10":"tag-basquet-girona","11":"tag-bilbao-basket","12":"tag-bruno-savignani","13":"tag-casademont-zaragoza","14":"tag-deportes","15":"tag-es","16":"tag-espana","17":"tag-liga-acb","18":"tag-real-madrid","19":"tag-san-pablo-burgos","20":"tag-spain","21":"tag-sports"},"share_on_mastodon":{"url":"https:\/\/pubeurope.com\/@es\/115412042334189892","error":""},"_links":{"self":[{"href":"https:\/\/www.europesays.com\/es\/wp-json\/wp\/v2\/posts\/191454","targetHints":{"allow":["GET"]}}],"collection":[{"href":"https:\/\/www.europesays.com\/es\/wp-json\/wp\/v2\/posts"}],"about":[{"href":"https:\/\/www.europesays.com\/es\/wp-json\/wp\/v2\/types\/post"}],"author":[{"embeddable":true,"href":"https:\/\/www.europesays.com\/es\/wp-json\/wp\/v2\/users\/2"}],"replies":[{"embeddable":true,"href":"https:\/\/www.europesays.com\/es\/wp-json\/wp\/v2\/comments?post=191454"}],"version-history":[{"count":0,"href":"https:\/\/www.europesays.com\/es\/wp-json\/wp\/v2\/posts\/191454\/revisions"}],"wp:featuredmedia":[{"embeddable":true,"href":"https:\/\/www.europesays.com\/es\/wp-json\/wp\/v2\/media\/191455"}],"wp:attachment":[{"href":"https:\/\/www.europesays.com\/es\/wp-json\/wp\/v2\/media?parent=191454"}],"wp:term":[{"taxonomy":"category","embeddable":true,"href":"https:\/\/www.europesays.com\/es\/wp-json\/wp\/v2\/categories?post=191454"},{"taxonomy":"post_tag","embeddable":true,"href":"https:\/\/www.europesays.com\/es\/wp-json\/wp\/v2\/tags?post=191454"}],"curies":[{"name":"wp","href":"https:\/\/api.w.org\/{rel}","templated":true}]}}