{"id":191459,"date":"2025-10-21T12:01:13","date_gmt":"2025-10-21T12:01:13","guid":{"rendered":"https:\/\/www.europesays.com\/es\/191459\/"},"modified":"2025-10-21T12:01:13","modified_gmt":"2025-10-21T12:01:13","slug":"los-museos-de-malaga-gastan-cuatro-millones-de-euros-en-seguridad-para-evitar-robos-como-el-del-louvre","status":"publish","type":"post","link":"https:\/\/www.europesays.com\/es\/191459\/","title":{"rendered":"Los museos de M\u00e1laga gastan cuatro millones de euros en seguridad para evitar robos como el del Louvre"},"content":{"rendered":"<p>El \u00faltimo <a href=\"https:\/\/www.diariosur.es\/culturas\/arte\/ocho-joyas-robadas-louvre-20251020133052-ntrc.html\" target=\"_self\" data-voc-vtm-id=\"in-text-traffic\" title=\"robo del siglo en el Louvre\" data-mrf-link=\"www.diariosur.es\" rel=\"nofollow noopener\">robo del siglo en el Louvre<\/a> ha hecho temblar a los museos de todo el mundo. Cuatro ladrones de guante blanco y  &#8230; una gr\u00faa han sido suficientes para dejar en evidencia que la seguridad del gran centro cultural de Francia -y uno de los m\u00e1s prestigiosos del mundo- es mejorable, por lo que el resto de instituciones se han puesto a revisar sus protocolos. Precisamente, la protecci\u00f3n es un cap\u00edtulo muy presente en una ciudad de museos como M\u00e1laga. Solo hay que fijarse en los n\u00fameros, ya que el apartado de la custodia de las colecciones art\u00edsticas es una de las que m\u00e1s engorda la factura anual de los espacios expositivos de la capital. <\/p>\n<p class=\"v-p\">En todos los casos analizados por SUR, estos servicios son prestados de forma externa por empresas especializadas en seguridad, a las que las pinacotecas malague\u00f1as dedican una cifra total cada vez mayor en sus presupuestos y que este 2025 ha superado los cuatro millones de euros.<\/p>\n<p class=\"v-p\">Hasta ahora, la plantilla de m\u00e1s de 70 agentes y vigilantes que velan por las obras colgadas en los principales museos malague\u00f1os ten\u00edan como amenaza los atentados a cuadros que han proliferado en los \u00faltimos a\u00f1os como forma de protesta de diferentes causas, adem\u00e1s de supervisar el tr\u00e1nsito y la seguridad de los visitantes sin que afecte a las colecciones. No obstante, tras el espectacular robo de pel\u00edcula de las joyas reales en el Louvre el pasado domingo, los equipos de protecci\u00f3n han vuelto a poner en lo alto de la lista de tareas esta amenaza al tomar conciencia de las carencias de uno de los centros culturales referentes en el mundo.<\/p>\n<p class=\"v-p\">En M\u00e1laga, no hay casos registrados de robos de piezas de arte en las \u00faltimas dos d\u00e9cadas, aunque el peligro de que ocurra es una de los evidentes temores de los gestores culturales y propietarios de pinturas, esculturas, dibujos y grabados. Solo hay que recordar el reciente caso de <a href=\"https:\/\/www.diariosur.es\/culturas\/arte\/denuncian-desaparicion-picasso-debia-expuesto-granada-20251015010020-ntrc.html\" target=\"_self\" data-voc-vtm-id=\"in-text-traffic\" title=\"Granada, con la desaparici\u00f3n de un peque\u00f1o dibujo de Pablo Picasso\" data-mrf-link=\"www.diariosur.es\" rel=\"nofollow noopener\">Granada, con la desaparici\u00f3n de un peque\u00f1o dibujo de Pablo Picasso<\/a> durante el proceso de traslado de una exposici\u00f3n. Una pieza que sigue sin aparecer y que investiga la Polic\u00eda para dar con su paradero o identificar si se trata de una sustracci\u00f3n.<\/p>\n<p><img decoding=\"async\" loading=\"lazy\" src=\"https:\/\/www.europesays.com\/es\/wp-content\/uploads\/2025\/10\/Centro Pompidou seguridad1_20251020190546-U66526133533Cxs-650x455@Diario Sur.jpg\" class=\"v-a-img\" width=\"650\" height=\"455\" alt=\"Un vigilante observa la zona el emblem\u00e1tico Cubo del Centro Pompidou M\u00e1laga.\" data-voc-vtm-id=\"in-text-traffic\"\/><\/p>\n<p>Un vigilante observa la zona el emblem\u00e1tico Cubo del Centro Pompidou M\u00e1laga.<\/p>\n<p>SUR<\/p>\n<p><img loading=\"lazy\" decoding=\"async\" src=\"https:\/\/www.europesays.com\/es\/wp-content\/uploads\/2025\/10\/Centro Pompidou seguridad1_20251020190546-U66526133533Cxs-650x455@Diario Sur.jpg\" class=\"v-mdl__img-z\" width=\"650\" height=\"455\" alt=\"\"\/><\/p>\n<p>\nPese a la pol\u00edtica general de recortes, la inversi\u00f3n en seguridad muse\u00edstica de M\u00e1laga crece un 25% en el presente a\u00f1o\n<\/p>\n<p class=\"v-p\">Mientras que los recortes se extienden de un sector a otro, el de la seguridad en M\u00e1laga no parece estar afectado por los ajustes, sino todo lo contrario. As\u00ed, el presupuesto global de 4.063.774 euros para financiar los equipos de seguridad de los seis grandes museos de la capital supone un relevante incremento del 26% en este apartado, frente a los <a href=\"https:\/\/www.diariosur.es\/culturas\/vale-proteger-picasso-20240606004956-nt.html\" target=\"_self\" data-voc-vtm-id=\"in-text-traffic\" title=\"3,2 millones de euros que se destinaron a este mismo concepto en 2024\" data-mrf-link=\"www.diariosur.es\" rel=\"nofollow noopener\">3,2 millones de euros que se destinaron a este mismo concepto en 2024<\/a>.<\/p>\n<p>El Picasso no habla pero invierte<\/p>\n<p class=\"v-p\">Si desgranamos estos datos globales, el Museo Picasso M\u00e1laga (MPM) es el que dedica m\u00e1s recursos econ\u00f3micos y de personal a la custodia de su sede en el Palacio de Buenavista, algo l\u00f3gico por otra parte ya que es el centro expositivo con las obras m\u00e1s cotizadas de las colecciones malague\u00f1as y el que recibe m\u00e1s visitas de toda Andaluc\u00eda (792.353 personas el pasado a\u00f1o). De esta forma, la pinacoteca de calle San Agust\u00edn es la m\u00e1s concienciada con la necesidad de este servicio ya que ha incrementado su partida hasta gastar m\u00e1s de dos euros por visitante y elevar hasta 1,6 millones de euros la inversi\u00f3n este a\u00f1o.<\/p>\n<p>\nEl Museo Picasso y el Carmen Thyssen con los museos que m\u00e1s han incrementado su inversi\u00f3n en seguridad en el presente a\u00f1o\n<\/p>\n<p class=\"v-p\">Aunque el MPM declina hablar sobre su seguridad y lo ocurrido en el Louvre, el museo l\u00edder en M\u00e1laga deja claro en su portal de transparencia que su apuesta por la seguridad ha mejorado considerablemente el presente a\u00f1o al aumentar su presupuesto en este apartado y elevar la suma un 61% en 2025, ya que en el ejercicio anterior dedic\u00f3 a este mismo servicio un mill\u00f3n de euros. Una cifra destacada para un museo cuyo patrimonio asciende a una valoraci\u00f3n contable tampoco desde\u00f1able: 93 millones de euros.<\/p>\n<p><img decoding=\"async\" loading=\"lazy\" src=\"https:\/\/www.europesays.com\/es\/wp-content\/uploads\/2025\/10\/Museo Thyssen salvador salas (8)-U06041403467xwD-650x455@Diario Sur.jpg\" class=\"v-a-img\" width=\"650\" height=\"455\" alt=\"Un vigilante del Museo Carmen Thyssen custodia la colecci\u00f3n en una de las salas de la pinacoteca.\" data-voc-vtm-id=\"in-text-traffic\"\/><\/p>\n<p>Un vigilante del Museo Carmen Thyssen custodia la colecci\u00f3n en una de las salas de la pinacoteca.<\/p>\n<p>Salvador Salas<\/p>\n<p><img loading=\"lazy\" decoding=\"async\" src=\"https:\/\/www.europesays.com\/es\/wp-content\/uploads\/2025\/10\/Museo Thyssen salvador salas (8)-U06041403467xwD-650x455@Diario Sur.jpg\" class=\"v-mdl__img-z\" width=\"650\" height=\"455\" alt=\"\"\/><\/p>\n<p class=\"v-p\">En el siguiente escal\u00f3n nos encontramos tres museos con cifras similares en su defensa de las instalaciones: Colecci\u00f3n Museo Ruso, con 631.616 euros; Centro Pompidou, con 627.126 euros, y Museo Carmen Thyssen, con 605.000 euros. De todos ellos, el mayor incremento este 2025 lo ha registrado la \u00faltima pinacoteca, con un 46%, que tambi\u00e9n ha mejorado su inversi\u00f3n en este cap\u00edtulo para igualar al de sus competidores. Con cifras similares, pero un nivel m\u00e1s abajo en recursos para su protecci\u00f3n, cierran esta lista tanto la Casa Natal Picasso, con 285.108 euros, y el Museo de M\u00e1laga, con 281.869 euros. Entre todos suman una inversi\u00f3n millonaria para evitar que sus colecciones sufran el ataque de los ladrones con arte.<\/p>\n","protected":false},"excerpt":{"rendered":"El \u00faltimo robo del siglo en el Louvre ha hecho temblar a los museos de todo el mundo.&hellip;\n","protected":false},"author":2,"featured_media":191460,"comment_status":"","ping_status":"","sticky":false,"template":"","format":"standard","meta":{"footnotes":""},"categories":[173],"tags":[229,233,231,230,232,234,146,147,25,24,1557,6971,23489,9212,3855,4724,3873,11989,585,23],"class_list":{"0":"post-191459","1":"post","2":"type-post","3":"status-publish","4":"format-standard","5":"has-post-thumbnail","7":"category-arte-y-diseno","8":"tag-arte","9":"tag-arte-y-diseno","10":"tag-arts","11":"tag-arts-and-design","12":"tag-design","13":"tag-diseno","14":"tag-entertainment","15":"tag-entretenimiento","16":"tag-es","17":"tag-espana","18":"tag-euros","19":"tag-evitar","20":"tag-gastan","21":"tag-louvre","22":"tag-malaga","23":"tag-millones","24":"tag-museos","25":"tag-robos","26":"tag-seguridad","27":"tag-spain"},"share_on_mastodon":{"url":"https:\/\/pubeurope.com\/@es\/115412054183939275","error":""},"_links":{"self":[{"href":"https:\/\/www.europesays.com\/es\/wp-json\/wp\/v2\/posts\/191459","targetHints":{"allow":["GET"]}}],"collection":[{"href":"https:\/\/www.europesays.com\/es\/wp-json\/wp\/v2\/posts"}],"about":[{"href":"https:\/\/www.europesays.com\/es\/wp-json\/wp\/v2\/types\/post"}],"author":[{"embeddable":true,"href":"https:\/\/www.europesays.com\/es\/wp-json\/wp\/v2\/users\/2"}],"replies":[{"embeddable":true,"href":"https:\/\/www.europesays.com\/es\/wp-json\/wp\/v2\/comments?post=191459"}],"version-history":[{"count":0,"href":"https:\/\/www.europesays.com\/es\/wp-json\/wp\/v2\/posts\/191459\/revisions"}],"wp:featuredmedia":[{"embeddable":true,"href":"https:\/\/www.europesays.com\/es\/wp-json\/wp\/v2\/media\/191460"}],"wp:attachment":[{"href":"https:\/\/www.europesays.com\/es\/wp-json\/wp\/v2\/media?parent=191459"}],"wp:term":[{"taxonomy":"category","embeddable":true,"href":"https:\/\/www.europesays.com\/es\/wp-json\/wp\/v2\/categories?post=191459"},{"taxonomy":"post_tag","embeddable":true,"href":"https:\/\/www.europesays.com\/es\/wp-json\/wp\/v2\/tags?post=191459"}],"curies":[{"name":"wp","href":"https:\/\/api.w.org\/{rel}","templated":true}]}}