{"id":191461,"date":"2025-10-21T12:02:10","date_gmt":"2025-10-21T12:02:10","guid":{"rendered":"https:\/\/www.europesays.com\/es\/191461\/"},"modified":"2025-10-21T12:02:10","modified_gmt":"2025-10-21T12:02:10","slug":"siri-husvedt-la-historia-no-es-progreso-y-este-que-vivimos-es-un-momento-complicado","status":"publish","type":"post","link":"https:\/\/www.europesays.com\/es\/191461\/","title":{"rendered":"Siri Husvedt: \u201cLa historia no es progreso. Y este que vivimos es un momento complicado\u201d"},"content":{"rendered":"<p class=\"\">Hay una presencia que llen\u00f3 la quinta edici\u00f3n del <b>Festival de Literatura Expandida de Magaluf<\/b> (FLEM) en 2025 desde la primera l\u00ednea de su cartel. La de <b>Siri Husvedt <\/b>(Northfield, Estados Unidos, 1955). La escritora, ensayista y poeta estadounidense que comparti\u00f3 su vida durante 43 a\u00f1os con otro escritor inolvidable, <b>Paul Auster<\/b>. Una Siri que levant\u00f3 el aplauso emocionado de <b>Miquel Ferrer<\/b>, copropietario y fundador de <b>Rata Corner<\/b>, librer\u00eda en Palma que organiza este festival en cinco ediciones ya imperdible de la mano de <b>Meli\u00e1 Hotels International<\/b>, a trav\u00e9s de su marca INNSide, en concreto el<b> INNSide by Meli\u00e1 Calvia Beach <\/b>de Magaluf, alrededor del que esta cita literaria se celebra. Siri hab\u00eda contestado al mail. Siri hab\u00eda dicho s\u00ed. Y Siri no solo llen\u00f3 la edici\u00f3n de 2025 con su ponencia junto a <b>Paula Bonet <\/b>del viernes tarde, Siri llen\u00f3 cada uno de los rincones del FLEM, como<b> Bob Pop<\/b>, presente en cada uno de los actos que se viven. Siri est\u00e1 en el desayuno, Siri est\u00e1 en las comidas, Siri est\u00e1 en los pasillos, Siri est\u00e1 en cada conversaci\u00f3n. Es Siri. Y est\u00e1 all\u00ed, en Magaluf. Sola, independiente y mirando al mar cuando no le toca hablar o firmar. Siempre con esa sonrisa azul como el agua a los pies del INNSide by Meli\u00e1 Calvi\u00e1 Beach. Que calma y arrulla. Como sus letras. <\/p>\n<p class=\"\">Porque Siri es una mujer de sonrisa cercana y franca, de ojos azules y figura n\u00f3rdica, producto de sus ra\u00edces noruegas, que sonr\u00ede mucho y tiene la voz dulce, muy dulce, entremezclada con la de su traductora en la cita con AS, <b>Emma Soler<\/b>, exacta y tan dulce como la de la propia escritora. Las dos van mezcl\u00e1ndose en una conversaci\u00f3n que viaja desde el propio FLEM hasta los modos de escribir en su casa y su \u00faltimo libro, ese en el que ha revivido la voz de su marido, de<b> Paul Auster<\/b>, Ghost Stories, en el que mezcla cartas y recuerdos para completar las 35 p\u00e1ginas que \u00e9ste dej\u00f3 escritas a su nieto, <b>Miles<\/b>, justo antes de morir. Esas en las que le contaba a su versi\u00f3n madura c\u00f3mo era su familia y el mundo en el que rodeaba. Ese cuyos avances peligran. Porque la historia no es progreso. Y cuando mira alrededor ve ya derechos en retroceso. <\/p>\n<p class=\"\"><b>\u00bfQu\u00e9 supone para usted el FLEM, la llamada de este Festival de Literatura Expansiva de Magaluf?<\/b><\/p>\n<p class=\"\">Yo nunca hab\u00eda estado en Mallorca, as\u00ed que para m\u00ed esta es una aventura. Pero entend\u00ed tambi\u00e9n que este festival literario forma parte de una transformaci\u00f3n de ese municipio, y eso me parece muy emocionante y emotivo.<\/p>\n<p class=\"\"><b>Su charla en el festival fue con Paula Bonet, autora valenciana con una mirada, como la suya, muy feminista.<\/b><\/p>\n<p class=\"\">Antes de ir descubr\u00ed que compart\u00edamos lo que yo llamo solapamientos, es decir, cosas en com\u00fan: en la pintura, en la escritura, en el feminismo. Me di cuenta de que era la interlocutora perfecta. Sylvia Plath, Goya\u2026 son tambi\u00e9n muy importantes para m\u00ed, como para ella. Y la yuxtaposici\u00f3n entre el arte visual y el texto. Son elementos que compartimos profundamente, aunque ella es claramente una artista visual y yo no.<\/p>\n<p class=\"\"><b>\u00bfPor qu\u00e9 Goya es importante para usted? \u00bfCu\u00e1ndo lo descubri\u00f3?<\/b><\/p>\n<p class=\"\">(Suspira) A ver\u2026 Creo que descubr\u00ed a Goya cuando era una ni\u00f1a. Pero d\u00e9jame pensar. He escrito tres ensayos sobre Goya, y me di cuenta de que \u00e9l puede ilustrar, por ejemplo, los desastres de la guerra, pero tambi\u00e9n Los caprichos. Me fascinan los artistas que no puedo aprehender al cien por cien, aquellos en los que siempre queda algo por captar. Esa complejidad de la obra, ese poder de emocionarte con algo que no se acaba nunca, es lo que te mantiene ah\u00ed, mirando y preguntando: \u201c\u00bfQu\u00e9 pasa aqu\u00ed? \u00bfPor qu\u00e9 esta obra es tan potente?\u201d. Paula me mostr\u00f3 un cuadro de Zurbar\u00e1n que no conoc\u00eda, una muestra que se hizo aqu\u00ed en Espa\u00f1a con tres versiones de la misma pintura. Era el cad\u00e1ver de un santo, pero pintado por Zurbar\u00e1n como si estuviera vivo, de pie. Absolutamente fascinante. Descubr\u00ed con esto que tenemos una hermandad de intereses. Adem\u00e1s, me dio un libro con una serie de im\u00e1genes relacionadas con el embarazo, una filosof\u00eda que me interesa much\u00edsimo. Todav\u00eda es un campo de investigaci\u00f3n peque\u00f1o, pero mi inter\u00e9s concreto, sobre el que he estado escribiendo y espero publicar pronto un libro, es el papel de la placenta. La placenta como \u00f3rgano intermedio. No puede haber embarazo sin placenta, pero tambi\u00e9n como concepto filos\u00f3fico: significa que cada ser humano est\u00e1 vinculado a una madre a trav\u00e9s de un \u00f3rgano generado por tejido embri\u00f3nico y materno. Muy pocas personas han hablado de la placenta. Arist\u00f3teles lo hizo. Tiene un simbolismo muy fuerte sobre qu\u00e9 significa nacer, aunque es un tema bastante abstracto.<\/p>\n<p><img decoding=\"async\" src=\"https:\/\/www.europesays.com\/es\/wp-content\/uploads\/2025\/10\/DVIW7RUVZVFTNJW23YANL2QPYY.jpg\" alt=\"Momento de la charla del FLEM 2025 entre Paula Bonet y Siri Husvedt.\" class=\"mm__img\"   width=\"7008\" height=\"4672\" loading=\"lazy\"\/><\/p>\n<p>Ampliar<\/p>\n<p>Momento de la charla del FLEM 2025 entre Paula Bonet y Siri Husvedt.<\/p>\n<p class=\"\"><b>Usted, en una entrevista hace a\u00f1os, dec\u00eda sobre el primer mandato de Donald Trump: \u201cLa historia no es progreso, los derechos se pueden perder\u201d. \u00bfEst\u00e1 volviendo a suceder?<\/b><\/p>\n<p class=\"\">Absolutamente. Est\u00e1 pasando, al cien por cien. El progreso es una idea del siglo XIX, no tan antigua. La idea de que mejoramos y mejoramos est\u00e1 vinculada a los avances tecnol\u00f3gicos, y en parte es verdad: se ve en la medicina, en ciertos aspectos de la tecnolog\u00eda que permiten mayor control sobre el mundo natural. Pero eso no significa, por ejemplo, que en el feminismo, una historia muy antigua, no haya momentos de retroceso.<\/p>\n<p class=\"\"><b>\u00bfY este puede ser uno de esos momentos?<\/b><\/p>\n<p class=\"\">S\u00ed, s\u00ed. Cosas que ten\u00edamos conseguidas pueden perderse. Y reconozco que la \u00fanica manera de avanzar es mediante la acci\u00f3n colectiva.<\/p>\n<p class=\"\"><b>Ohhhh.<\/b><\/p>\n<p class=\"\">S\u00ed, s\u00ed. Es la \u00fanica. Tiene que ser una uni\u00f3n de gente que no necesariamente est\u00e9 de acuerdo en todo. Basta con que se unan contra lo que est\u00e1 sucediendo, aunque no coincidan en todo. Por ejemplo: la p\u00e9rdida del derecho al aborto. El retroceso en lo que llamamos en Estados Unidos diversidad, equidad e inclusi\u00f3n, que ahora parecen palabras horrendas (r\u00ede): \u201c\u00a1Oh, no!\u201d. Es una locura. Hay un movimiento contra el pluralismo, y eso es lo que hay que recuperar. Para ello, es necesario unir a todas las personas que est\u00e9n de acuerdo en eso, aunque no lo est\u00e9n en todo lo dem\u00e1s.<\/p>\n<p class=\"\"><b>\u00bfQu\u00e9 importante es dejar el legado de los pensamientos en los libros?<\/b> <\/p>\n<p class=\"\">Totalmente. No s\u00e9 qui\u00e9n ser\u00eda yo si no viviera con las palabras de los muertos. Estoy completamente a favor de la lectura. Porque esas palabras, esas personas que habitan, todas esas voces\u2026 significa que interiorizas todo tipo de debates interesantes sobre la vida. Entonces (r\u00ede), una persona te dice algo o habla con otra, y puede ser o filos\u00f3fico o una feminista de los a\u00f1os setenta, pero est\u00e1n todos ah\u00ed. Y, aunque es una frase antigua, realmente, leer es una expansi\u00f3n de la conciencia.<\/p>\n<blockquote><p>\u201cNo s\u00e9 qui\u00e9n ser\u00eda yo si no viviera con las palabras de los muertos\u201d<\/p><\/blockquote>\n<p>Siri Husvedt<\/p>\n<p class=\"\"><b>Usted se levanta a escribir a las cinco de la ma\u00f1ana, he le\u00eddo.<\/b> <\/p>\n<p class=\"\">No, a las cinco y media (r\u00ede).<\/p>\n<p class=\"\"><b>\u00bfC\u00f3mo es su proceso de escritura? \u00bfY cu\u00e1ntas veces se encuentra con ese nudo en el que cuesta escribir?<\/b><\/p>\n<p class=\"\">Siempre. Cuando te sientas a trabajar, hay d\u00edas buenos y d\u00edas malos. Pero tengo un truco muy pr\u00e1ctico, muy de pies en la tierra: cuando estoy bloqueada, me levanto y ando. El movimiento de los dedos y el de andar son motores, actos corporales. Simplemente levantarte, o en mi caso, mi estudio est\u00e1 cerca de donde tengo la lavadora, ir a doblar las toallas, hace que lo bloqueado se desbloquee con el movimiento. Hay algo muy antiguo en eso. Escrib\u00ed un art\u00edculo acad\u00e9mico, no muy accesible en internet, sobre el ritmo de la escritura. Hablando de Virginia Woolf, dec\u00eda que empezaba a escribir en su mente mientras caminaba. Y hay una cita de Mandelstam, el autor ruso, que dec\u00eda: \u201cCu\u00e1ntas sandalias debi\u00f3 gastar Dante escribiendo La Divina Comedia\u201d. A mi marido, Paul Auster, le encantaba esa cita. Porque escribir tiene mucho que ver con andar, con deambular.<\/p>\n<p class=\"\"><b>Hablaba ahora de su marido, de Paul. Le\u00ed una carta de agradecimiento que escribi\u00f3 tras su muerte, dando las gracias por tanto cari\u00f1o recibido hacia \u00e9l, hacia usted, hacia su familia.<\/b><\/p>\n<p class=\"\">Fue muy emotivo (su voz baja, se vuelve un velo). Porque hubo gente que no le conoc\u00eda, pero le hab\u00eda le\u00eddo, y sufri\u00f3 su p\u00e9rdida. Se sintieron tristes, y eso es un regalo para la familia, para m\u00ed y para Sophie. No todo el mundo tiene eso. Muchas veces, la gente simplemente desaparece.<\/p>\n<p class=\"\"><b>Recuerdo en un libro suyo una imagen sobre la p\u00e9rdida del padre, en la que hablaba de la ropa en el armario, de prendas que ya nunca m\u00e1s iban a habitar un cuerpo.<\/b><\/p>\n<p class=\"\">S\u00ed, s\u00ed. Es un ritual de duelo. De las cosas. Con su padre, Paul\u2026 Su padre era un hombre al que realmente no conoc\u00eda, y por tanto la fuerza de esos objetos, su potencia\u2026 En cierto modo, por la tragedia que se produjo, la abuela de Paul asesin\u00f3 a su abuelo, ese secreto qued\u00f3 escondido. \u00c9l lo revel\u00f3 en ese libro donde aparece esta escena. El padre de Paul fue una persona traumatizada, y creo que para sobrevivir tuvo que pasar de puntillas por su existencia. Ese libro habla de c\u00f3mo el hijo busca. Y la ropa, por tanto, es el fantasma del fantasma. Es un libro muy bello.<\/p>\n<blockquote><p>\u201cPara m\u00ed es muy emotivo volver a escuchar la voz, la prosa de Paul (Auster) en Ghost Stories\u00bb<\/p><\/blockquote>\n<p>Siri Husvedt<\/p>\n<p class=\"\"><b>Antes de fallecer, \u00e9l estaba escribiendo un libro que era <\/b><b>Cartas para Miles<\/b><b>, su nieto.<\/b><\/p>\n<p class=\"\">\u00c9l quer\u00eda hacer un libro peque\u00f1o, de cien o doscientas p\u00e1ginas, con cartas para su nieto, al que hab\u00eda conocido. Pero cuando Paul falleci\u00f3, Miles solo ten\u00eda cuatro meses. As\u00ed que escribi\u00f3 esas cartas para ese ni\u00f1o ya crecido, cont\u00e1ndole historias de la familia. Lleg\u00f3 a escribir 35 p\u00e1ginas. Cuando muri\u00f3, empec\u00e9 a escribir mi libro unos quince d\u00edas despu\u00e9s. Me di cuenta de que publicar solo esas 35 p\u00e1ginas inacabadas, como un peque\u00f1o panfleto, no iba a ser gran cosa. Pens\u00e9: \u201cVoy a incorporar esas cartas en una memoria m\u00e1s amplia, a contextualizarlas, no a enmarcarlas\u201d. Sab\u00eda que ser\u00edan piezas separadas, mi texto y, en alg\u00fan lugar, el suyo, pero mientras avanzaba pens\u00e9: \u201cNo, no\u2026\u201d. Porque yo tambi\u00e9n ten\u00eda cartas que escrib\u00ed a Paul, y notas que \u00e9l me escribi\u00f3 a m\u00ed. Est\u00e1n entretejidas, y as\u00ed tienen m\u00e1s fuerza. Cuando llegas a su voz en esas cartas, es claramente su voz. Se produce un cambio, y para m\u00ed, como su esposa, es muy emotivo escucharle de nuevo. La plasticidad de su prosa, su ritmo\u2026 todo eso est\u00e1 ah\u00ed.<\/p>\n<p class=\"\"><b>\u00bfTen\u00edan procesos similares al escribir en casa?<\/b> <\/p>\n<p class=\"\">Muy buena pregunta. Paul fue cambiando con el tiempo. Si lees Ciudad de cristal o El palacio de la luna, ves c\u00f3mo su prosa evoluciona. En los primeros libros, muy bonitos, la prosa se va aligerando con los a\u00f1os, se hace m\u00e1s el\u00e1stica. Cuando llegas a 4 3 2 1, que es monumental, tiene algo casi tolstoiano. Es una m\u00e1quina con engranajes que avanzan, pero en la m\u00fasica de la prosa se percibe ese cambio. En Baumgartner, su \u00faltima novela, la estructura es muy compleja, pero se lee como si nadaras. Salta en el tiempo, va a la infancia, a los ancestros\u2026 Cuando la escrib\u00eda, me dec\u00eda (baja la voz hasta un susurro): \u201cNo tengo ni idea de lo que estoy haciendo\u201d. Y yo: \u201cLee el cap\u00edtulo que acabo de escribir, porque no tengo ni idea\u201d. Nos le\u00edamos en voz alta, y yo le hac\u00eda comentarios, a veces bastante dr\u00e1sticos: \u201cOye, vas perdido, por aqu\u00ed no\u201d (r\u00ede). Pero en Baumgartner le dije: \u201cNo, sigue, sigue por ah\u00ed\u201d. Porque no pasaba nada malo, no hab\u00eda errores. Cuando pienso lo complicado que es escribir, creo que solo se puede generar una estructura as\u00ed a partir de una enso\u00f1aci\u00f3n, como si se hablara en sue\u00f1os. Incre\u00edble.<\/p>\n<p class=\"\"><b>Siri, qu\u00e9 importante es que las mujeres hablen de lo que les ocurre a las mujeres.<\/b><\/p>\n<p class=\"\">Es muy importante. Uno de los motivos por los que me interesa tanto el tema de la placenta no es porque todas las mujeres den a luz, no todas lo hacen ni deben hacerlo, sino porque todas las personas nacemos de un cuerpo, de otro cuerpo. Y eso ha sido tan ignorado en la historia de la filosof\u00eda occidental que es fundamental reconocerlo: salimos del cuerpo de otra persona. Y \u00bfqu\u00e9 significa esto? Que hay que hablar del drama de la maternidad, de la menstruaci\u00f3n, de la fertilidad. Qu\u00e9 significan, c\u00f3mo se han conformado dentro de la historia y c\u00f3mo han herido y da\u00f1ado a tantas mujeres de una forma muy profunda. Hay que hablar de ello (dice antes de despedirse con una sonrisa gigantesca, que llena toda la habitaci\u00f3n, como sus letras las librer\u00edas).<\/p>\n<p>Noticias relacionadas<a href=\"https:\/\/as.com\/meristation\/libros\/los-10-mejores-libros-de-paul-auster-y-las-novelas-por-las-que-siempre-se-le-recordara-n\/\" class=\"mm__wr\" title=\"De \u2018La trilog\u00eda de Nueva York\u2019 a \u20184 3 2 1\u2032, un repaso a las historias por las que el mundo de la literatura nunca olvidar\u00e1 la obra del autor, Premio Pr\u00edncipe de Asturias de las Letras en 2006.\" data-tb-link=\"\" rel=\"nofollow noopener\" target=\"_blank\"><img decoding=\"async\" src=\"https:\/\/www.europesays.com\/es\/wp-content\/uploads\/2025\/10\/5Y66L433V5D2ZGGWZIK4R6D7QE.jpg\" alt=\"Los 10 mejores libros de Paul Auster y las novelas por las que siempre se le recordar\u00e1\" class=\"mm__img\" height=\"9\" width=\"16\"   loading=\"lazy\" data-tb-thumbnail=\"\"\/><\/a><a href=\"https:\/\/as.com\/meristation\/libros\/magaluf-nueva-capital-del-libro-n\/\" class=\"mm__wr\" title=\"La localidad mallorquina celebra desde hoy, y hasta el domingo 5 de octubre, la 4\u00aa edici\u00f3n del FLEM, Festival de Literatura Expandida, en el hotel INNSide by Meli\u00e1 Calvi\u00e1 Beach, organizado junto a la librer\u00eda Rata Corner.\" data-tb-link=\"\" rel=\"nofollow noopener\" target=\"_blank\"><img decoding=\"async\" src=\"https:\/\/www.europesays.com\/es\/wp-content\/uploads\/2025\/10\/74WSKPI4E5EFFCEOAATUFSQIFQ.jpg\" alt=\"Magaluf, nueva capital del libro\" class=\"mm__img\" height=\"9\" width=\"16\"   loading=\"lazy\" data-tb-thumbnail=\"\"\/><\/a><\/p>\n<p class=\"\">Suscr\u00edbete al <a href=\"https:\/\/www.youtube.com\/@meristation\" target=\"_self\" rel=\"nofollow noopener\" title=\"https:\/\/www.youtube.com\/@meristation\">canal de MeriStation en YouTube<\/a>, tu web de videojuegos y entretenimiento para conocer todas las noticias y novedades sobre el mundo del videojuego, cine, series, manga y anime. An\u00e1lisis, entrevistas, tr\u00e1ileres, gameplays, p\u00f3dcast y mucho m\u00e1s. Tambi\u00e9n te animamos a seguir <a href=\"https:\/\/www.tiktok.com\/@meristation\" rel=\"nofollow noopener\" title=\"https:\/\/www.tiktok.com\/@meristation\" target=\"_blank\">nuestra cuenta de TikTok<\/a>. <\/p>\n<p class=\"\">\u00a1S\u00edguenos en ambas y, si est\u00e1s interesado en licenciar este contenido, pincha <a href=\"https:\/\/profesional.elpais.com\/landing-sindicacion\/?utm_medium=interno&amp;utm_source=crosslinking&amp;utm_campaign=sindicacion_as_pie_articulos\" target=\"_blank\" rel=\"nofollow noopener\" title=\"https:\/\/profesional.elpais.com\/landing-sindicacion\/?utm_medium=interno&amp;utm_source=crosslinking&amp;utm_campaign=sindicacion_as_pie_articulos\">aqu\u00ed<\/a>!<\/p>\n<p><script async src=\"\/\/www.tiktok.com\/embed.js\"><\/script><\/p>\n","protected":false},"excerpt":{"rendered":"Hay una presencia que llen\u00f3 la quinta edici\u00f3n del Festival de Literatura Expandida de Magaluf (FLEM) en 2025&hellip;\n","protected":false},"author":2,"featured_media":191462,"comment_status":"","ping_status":"","sticky":false,"template":"","format":"standard","meta":{"footnotes":""},"categories":[172],"tags":[224,146,147,25,24,225,23],"class_list":{"0":"post-191461","1":"post","2":"type-post","3":"status-publish","4":"format-standard","5":"has-post-thumbnail","7":"category-libros","8":"tag-books","9":"tag-entertainment","10":"tag-entretenimiento","11":"tag-es","12":"tag-espana","13":"tag-libros","14":"tag-spain"},"share_on_mastodon":{"url":"https:\/\/pubeurope.com\/@es\/115412058018042622","error":""},"_links":{"self":[{"href":"https:\/\/www.europesays.com\/es\/wp-json\/wp\/v2\/posts\/191461","targetHints":{"allow":["GET"]}}],"collection":[{"href":"https:\/\/www.europesays.com\/es\/wp-json\/wp\/v2\/posts"}],"about":[{"href":"https:\/\/www.europesays.com\/es\/wp-json\/wp\/v2\/types\/post"}],"author":[{"embeddable":true,"href":"https:\/\/www.europesays.com\/es\/wp-json\/wp\/v2\/users\/2"}],"replies":[{"embeddable":true,"href":"https:\/\/www.europesays.com\/es\/wp-json\/wp\/v2\/comments?post=191461"}],"version-history":[{"count":0,"href":"https:\/\/www.europesays.com\/es\/wp-json\/wp\/v2\/posts\/191461\/revisions"}],"wp:featuredmedia":[{"embeddable":true,"href":"https:\/\/www.europesays.com\/es\/wp-json\/wp\/v2\/media\/191462"}],"wp:attachment":[{"href":"https:\/\/www.europesays.com\/es\/wp-json\/wp\/v2\/media?parent=191461"}],"wp:term":[{"taxonomy":"category","embeddable":true,"href":"https:\/\/www.europesays.com\/es\/wp-json\/wp\/v2\/categories?post=191461"},{"taxonomy":"post_tag","embeddable":true,"href":"https:\/\/www.europesays.com\/es\/wp-json\/wp\/v2\/tags?post=191461"}],"curies":[{"name":"wp","href":"https:\/\/api.w.org\/{rel}","templated":true}]}}