{"id":191468,"date":"2025-10-21T12:06:08","date_gmt":"2025-10-21T12:06:08","guid":{"rendered":"https:\/\/www.europesays.com\/es\/191468\/"},"modified":"2025-10-21T12:06:08","modified_gmt":"2025-10-21T12:06:08","slug":"la-fbcyl-presenta-el-fanatic-mini-la-primera-gran-cita-del-baloncesto-base-de-la-temporada","status":"publish","type":"post","link":"https:\/\/www.europesays.com\/es\/191468\/","title":{"rendered":"La FBCyL presenta el Fanatic Mini, la primera gran cita del baloncesto base de la temporada"},"content":{"rendered":"<p>Descripci\u00f3n<\/p>\n<p>Esta ma\u00f1ana, a las 11:30 horas, el Sal\u00f3n de Recepciones del Ayuntamiento de Valladolid ha sido el escenario de la presentaci\u00f3n oficial del Fanatic Mini 2025, uno de los eventos m\u00e1s esperados del baloncesto formativo en Castilla y Le\u00f3n.<\/p>\n<p>En el acto han estado presentes Mayte Mart\u00ednez, concejala de Deportes y Participaci\u00f3n Ciudadana del Ayuntamiento de Valladolid, acompa\u00f1ada por \u00d3scar Casta\u00f1eda, presidente de la Federaci\u00f3n de Baloncesto de Castilla y Le\u00f3n; Samuel Puente, vicepresidente y delegado provincial de la FBCyL en Valladolid; y Pablo Villa, director de Estrategia e Inversi\u00f3n en Promociones CAVIDEL, empresa colaboradora del evento.<\/p>\n<p>Durante la presentaci\u00f3n, se ha destacado la importancia del Fanatic Mini como punto de encuentro y convivencia para los m\u00e1s j\u00f3venes, fomentando los valores del deporte y el esp\u00edritu de equipo. Para muchos de los participantes, este Fanatic supondr\u00e1 adem\u00e1s el estreno oficial de la temporada, una oportunidad ideal para retomar sensaciones tras el verano. El evento reunir\u00e1 a equipos procedentes de todos los rincones de Castilla y Le\u00f3n, consolid\u00e1ndose como una aut\u00e9ntica fiesta del baloncesto de base.<\/p>\n<p>El Fanatic Mini se celebrar\u00e1 el s\u00e1bado 25 de octubre en el Polideportivo Pisuerga, y est\u00e1 dirigido a equipos de categor\u00eda alev\u00edn de primer a\u00f1o (nacidos en 2015) y benjam\u00edn (nacidos en 2016 y 2017). Cada conjunto disputar\u00e1 dos partidos a lo largo de la jornada, en un ambiente l\u00fadico y participativo.<\/p>\n<p>La Federaci\u00f3n de Baloncesto de Castilla y Le\u00f3n ha anunciado adem\u00e1s que todos los participantes recibir\u00e1n un obsequio conmemorativo del torneo, como recuerdo de una jornada que, m\u00e1s all\u00e1 de la competici\u00f3n, busca celebrar el crecimiento del baloncesto de base en la comunidad.<\/p>\n","protected":false},"excerpt":{"rendered":"Descripci\u00f3n Esta ma\u00f1ana, a las 11:30 horas, el Sal\u00f3n de Recepciones del Ayuntamiento de Valladolid ha sido el&hellip;\n","protected":false},"author":2,"featured_media":191469,"comment_status":"","ping_status":"","sticky":false,"template":"","format":"standard","meta":{"footnotes":""},"categories":[93],"tags":[4115,4109,249,1250,4107,4114,777,4110,168,25,24,260,4108,4112,10,4111,4116,4113,23,167,1607],"class_list":{"0":"post-191468","1":"post","2":"type-post","3":"status-publish","4":"format-standard","5":"has-post-thumbnail","7":"category-deportes","8":"tag-agendas","9":"tag-alcaldia","10":"tag-ayudas","11":"tag-ayuntamiento","12":"tag-castilla","13":"tag-centros","14":"tag-ciudad","15":"tag-corporacion","16":"tag-deportes","17":"tag-es","18":"tag-espana","19":"tag-gente","20":"tag-leon","21":"tag-normativas","22":"tag-noticias","23":"tag-presupuestos","24":"tag-publicaciones","25":"tag-servicios","26":"tag-spain","27":"tag-sports","28":"tag-valladolid"},"share_on_mastodon":{"url":"https:\/\/pubeurope.com\/@es\/115412073550624148","error":""},"_links":{"self":[{"href":"https:\/\/www.europesays.com\/es\/wp-json\/wp\/v2\/posts\/191468","targetHints":{"allow":["GET"]}}],"collection":[{"href":"https:\/\/www.europesays.com\/es\/wp-json\/wp\/v2\/posts"}],"about":[{"href":"https:\/\/www.europesays.com\/es\/wp-json\/wp\/v2\/types\/post"}],"author":[{"embeddable":true,"href":"https:\/\/www.europesays.com\/es\/wp-json\/wp\/v2\/users\/2"}],"replies":[{"embeddable":true,"href":"https:\/\/www.europesays.com\/es\/wp-json\/wp\/v2\/comments?post=191468"}],"version-history":[{"count":0,"href":"https:\/\/www.europesays.com\/es\/wp-json\/wp\/v2\/posts\/191468\/revisions"}],"wp:featuredmedia":[{"embeddable":true,"href":"https:\/\/www.europesays.com\/es\/wp-json\/wp\/v2\/media\/191469"}],"wp:attachment":[{"href":"https:\/\/www.europesays.com\/es\/wp-json\/wp\/v2\/media?parent=191468"}],"wp:term":[{"taxonomy":"category","embeddable":true,"href":"https:\/\/www.europesays.com\/es\/wp-json\/wp\/v2\/categories?post=191468"},{"taxonomy":"post_tag","embeddable":true,"href":"https:\/\/www.europesays.com\/es\/wp-json\/wp\/v2\/tags?post=191468"}],"curies":[{"name":"wp","href":"https:\/\/api.w.org\/{rel}","templated":true}]}}