{"id":191474,"date":"2025-10-21T12:09:13","date_gmt":"2025-10-21T12:09:13","guid":{"rendered":"https:\/\/www.europesays.com\/es\/191474\/"},"modified":"2025-10-21T12:09:13","modified_gmt":"2025-10-21T12:09:13","slug":"la-direccion-de-xbox-confirma-la-nueva-generacion-de-consolas-y-se-refiere-a-un-cambio-de-ritmo","status":"publish","type":"post","link":"https:\/\/www.europesays.com\/es\/191474\/","title":{"rendered":"La direcci\u00f3n de Xbox confirma la nueva generaci\u00f3n de consolas y se refiere a un \u201ccambio de ritmo\u201d"},"content":{"rendered":"<p class=\"ft-text ft-helper-align-justify\">Tras los buenos resultados iniciales que est\u00e1 cosechando la reci\u00e9n lanzada ROG Xbox Ally (y su variante Ally X), la presidenta de <a class=\"ft-link ft-link--decoration\" href=\"https:\/\/www.elperiodicomediterraneo.com\/tags\/xbox\/\" rel=\"nofollow noopener\" target=\"_blank\">Xbox<\/a>, Sarah Bond, regresa con unas declaraciones en Variety y Good Morning America donde destaca que Microsoft no abandona el mercado de consolas y que contin\u00faan trabajando en la sucesora de Series X|S.<\/p>\n<p>Abiertos a nuevas f\u00f3rmulas de hardware<\/p>\n<p class=\"ft-text ft-helper-align-justify\">Bond anticipa que Xbox est\u00e1 abierta a nuevas f\u00f3rmulas de hardware y que colaboran con AMD para prototipar y dise\u00f1ar el pr\u00f3ximo dispositivo orientado al consumidor. En paralelo, ense\u00f1\u00f3<strong> los laboratorios \u201cdonde el equipo est\u00e1 dise\u00f1ando, creando prototipos y probando la pr\u00f3xima generaci\u00f3n de Xbox\u201d<\/strong>, explica. \u201cEn Xbox, nuestra intenci\u00f3n es que juegues a los juegos que quieras, con quien quieras y donde quieras.\u201d<\/p>\n<p class=\"ft-text ft-helper-align-justify\">\u201cTenemos nuestro hardware de pr\u00f3xima generaci\u00f3n en desarrollo. Hemos estado analizando el prototipado y el dise\u00f1o. Anunciamos una <strong>colaboraci\u00f3n con AMD<\/strong> al respecto, as\u00ed que est\u00e1 por venir. Vimos aqu\u00ed una oportunidad para innovar de una forma nueva y ofrecer a los jugadores otras opciones, adem\u00e1s de nuestro hardware de pr\u00f3xima generaci\u00f3n\u201d, explica. \u201cSiempre estamos atentos a las necesidades de jugadores y creadores. Cuando haya demanda de innovaci\u00f3n, la desarrollaremos\u201d.<\/p>\n<p>ROG Xbox Ally &#8211; GMA<\/p>\n<p class=\"ft-text ft-helper-align-justify\">Seg\u00fan la directiva, el lanzamiento de ROG Xbox Ally no debe interpretarse como una salida del modelo tradicional de consola, sino como una opci\u00f3n adicional mientras llega el nuevo hardware. \u201cSe trata de ofrecer una experiencia Xbox que no est\u00e9 limitada a una sola tienda ni atada a un \u00fanico dispositivo\u201d. A todo esto, alega que ASUS es quien fija el precio del modelo Ally X al tratarse de su dispositivo, cuya salida comercial fue el 16 de octubre de 2025 con PVP en Europa de 599 \u20ac para ROG Xbox Ally y 899 \u20ac para ROG Xbox Ally X.<\/p>\n<p class=\"ft-text ft-helper-align-justify\">En conjunto lo enmarca en un cambio de ritmo para optimizar la experiencia en Windows con la \u201cpantalla completa de Xbox\u201d, ampliar el programa de compatibilidad para consolas port\u00e1tiles y ofrecer m\u00e1s ventajas a los suscriptores. Pero no se detuvo a comentar en las subidas de precio en Espa\u00f1a y la UE, donde los nuevos PVP quedan en <strong>599,99 \u20ac para Xbox Series X, 399,99 \u20ac para Xbox Series S (1 TB) y 349,99 \u20ac para Series S (512 GB).<\/strong> Adem\u00e1s, se han variado las caracter\u00edsticas de las suscripciones Game Pass, cuyo modelo Ultimate ha pasado a 26,99 \u20ac\/mes desde el 1 de octubre para nuevas altas, aplic\u00e1ndose a los suscriptores actuales a partir del 4 de noviembre.<\/p>\n<p><img decoding=\"async\" src=\"https:\/\/www.europesays.com\/es\/wp-content\/uploads\/2025\/10\/48998214-238f-4d25-9edb-fe86326385dd_alta-libre-aspect-ratio_default_0.jpg\" width=\"1200\" height=\"675\" alt=\"Xbox.\" class=\"ft-helper-img-rd\" loading=\"lazy\" hasdataaida=\"true\"\/><\/p>\n<p class=\"ft-helper-fontColor-quaternary ft-helper-fontSize-body-S ft-helper-spacer-t-xxs\">Xbox.  \/ Microsoft<\/p>\n<p>Todo por y para los jugadores<\/p>\n<p class=\"ft-text ft-helper-align-justify\">En cambio, Bond insiste en la intenci\u00f3n de<strong> \u201cofrecer m\u00e1s opciones\u00bb al jugador<\/strong>. En este espectro, no habla de abandonar la consola, sino de ampliar las formas de jugar. Por un lado, refuerzan Windows en formato port\u00e1til con la experiencia Xbox a pantalla completa y un programa oficial de compatibilidad para port\u00e1tiles que identifica los juegos mejor adaptados a estos equipos. Por otro lado, apoyan hardware de terceros como ROG Xbox Ally y Ally X, mientras siguen dise\u00f1ando la pr\u00f3xima Xbox junto a AMD.<\/p>\n","protected":false},"excerpt":{"rendered":"Tras los buenos resultados iniciales que est\u00e1 cosechando la reci\u00e9n lanzada ROG Xbox Ally (y su variante Ally&hellip;\n","protected":false},"author":2,"featured_media":191475,"comment_status":"","ping_status":"","sticky":false,"template":"","format":"standard","meta":{"footnotes":""},"categories":[81],"tags":[119,123,124,1779,4796,25,24,4936,10070,795,117,121,122,23,118,120,132,1112],"class_list":{"0":"post-191474","1":"post","2":"type-post","3":"status-publish","4":"format-standard","5":"has-post-thumbnail","7":"category-ciencia-y-tecnologia","8":"tag-ciencia","9":"tag-ciencia-y-tecnologia","10":"tag-cienciaytecnologia","11":"tag-confirma","12":"tag-direccion","13":"tag-es","14":"tag-espana","15":"tag-generacion","16":"tag-microsoft","17":"tag-nueva","18":"tag-science","19":"tag-science-and-technology","20":"tag-scienceandtechnology","21":"tag-spain","22":"tag-technology","23":"tag-tecnologia","24":"tag-videojuegos","25":"tag-xbox"},"share_on_mastodon":{"url":"https:\/\/pubeurope.com\/@es\/115412085507964755","error":""},"_links":{"self":[{"href":"https:\/\/www.europesays.com\/es\/wp-json\/wp\/v2\/posts\/191474","targetHints":{"allow":["GET"]}}],"collection":[{"href":"https:\/\/www.europesays.com\/es\/wp-json\/wp\/v2\/posts"}],"about":[{"href":"https:\/\/www.europesays.com\/es\/wp-json\/wp\/v2\/types\/post"}],"author":[{"embeddable":true,"href":"https:\/\/www.europesays.com\/es\/wp-json\/wp\/v2\/users\/2"}],"replies":[{"embeddable":true,"href":"https:\/\/www.europesays.com\/es\/wp-json\/wp\/v2\/comments?post=191474"}],"version-history":[{"count":0,"href":"https:\/\/www.europesays.com\/es\/wp-json\/wp\/v2\/posts\/191474\/revisions"}],"wp:featuredmedia":[{"embeddable":true,"href":"https:\/\/www.europesays.com\/es\/wp-json\/wp\/v2\/media\/191475"}],"wp:attachment":[{"href":"https:\/\/www.europesays.com\/es\/wp-json\/wp\/v2\/media?parent=191474"}],"wp:term":[{"taxonomy":"category","embeddable":true,"href":"https:\/\/www.europesays.com\/es\/wp-json\/wp\/v2\/categories?post=191474"},{"taxonomy":"post_tag","embeddable":true,"href":"https:\/\/www.europesays.com\/es\/wp-json\/wp\/v2\/tags?post=191474"}],"curies":[{"name":"wp","href":"https:\/\/api.w.org\/{rel}","templated":true}]}}