{"id":191478,"date":"2025-10-21T12:11:10","date_gmt":"2025-10-21T12:11:10","guid":{"rendered":"https:\/\/www.europesays.com\/es\/191478\/"},"modified":"2025-10-21T12:11:10","modified_gmt":"2025-10-21T12:11:10","slug":"un-casco-un-guante-y-las-llaves-del-camion-el-rastro-dejado-por-los-ladrones-durante-su-huida-tras-el-robo-del-louvre","status":"publish","type":"post","link":"https:\/\/www.europesays.com\/es\/191478\/","title":{"rendered":"Un casco, un guante y las llaves del cami\u00f3n, el rastro dejado por los ladrones durante su huida tras el robo del Louvre"},"content":{"rendered":"<p style=\"\">La investigaci\u00f3n sobre el atraco al Museo del <strong>Louvre<\/strong> contin\u00faa en marcha, tras el robo en plena luz del d\u00eda de <a href=\"https:\/\/www.abc.es\/historia\/maldicion-joyas-corona-francesa-vendidas-republica-robadas-20251019172526-nt.html#vca=modulo-rel-uno&amp;vso=abc&amp;vmc=noticias-rel&amp;vli=cultura\" data-voc-vtm-id=\"in-text-traffic\" title=\"joyas de la corona francesa\" data-mrf-link=\"www.abc.es\" rel=\"nofollow noopener\" target=\"_blank\">joyas de la corona francesa<\/a> ejecutado el domingo por la ma\u00f1ana. El diario &#8216;Le Parisien&#8217; publica que la polic\u00eda francesa ha recuperado  &#8230; varios objetos abandonados en el lugar y durante la huida que pueden ayudar a reconstruir la secuencia de la fuga y los accesos utilizados. <\/p>\n<p class=\"voc-p\" style=\"\">De acuerdo con el citado medio, los cuatro sospechosos<a href=\"https:\/\/www.abc.es\/cultura\/momento-ladron-rompe-vitrina-robo-louvre-20251020092942-nt.html\" data-voc-vtm-id=\"in-text-traffic\" title=\" huyeron del lugar en moto \" data-mrf-link=\"www.abc.es\" rel=\"nofollow noopener\" target=\"_blank\"> huyeron del lugar en moto <\/a>y abandonaron durante la fuga un casco de moto y un guante. Estas pistas materiales se unen a un chaleco hallado en la<strong> plataforma elevadora<\/strong>, as\u00ed como las llaves del cami\u00f3n equipado con una gr\u00faa que utilizaron los delincuentes para acceder al balc\u00f3n y a las ventanas de la galer\u00eda de Apolo. Todo ello indicar\u00eda que no solo se trat\u00f3 de una \u00abentrada r\u00e1pida\u00bb, sino de una <strong>huida preparada<\/strong>. <\/p>\n<p class=\"voc-p\" style=\"\">Seg\u00fan AFP, las autoridades han <strong>reforzado la b\u00fasqueda <\/strong>y unos 60 investigadores trabajan bajo la hip\u00f3tesis de que una banda perfectamente planificada estuvo detr\u00e1s del robo, en el que se sustrajeron joyas de incalcubable valor.<\/p>\n<p class=\"voc-p\" style=\"\">La huida fue r\u00e1pida: dur\u00f3 <a href=\"https:\/\/www.abc.es\/cultura\/arte\/louvre-gran-museo-nacional-estado-critico-convertido-20251020184600-nt.html\" data-voc-vtm-id=\"in-text-traffic\" title=\"apenas siete minutos\" rel=\"nofollow noopener\" target=\"_blank\">apenas siete minutos<\/a>, seg\u00fan indic\u00f3 el Ministerio del Interior. Los investigadores revisan im\u00e1genes del Louvre como de las principales carreteras de salida de Par\u00eds, para dar con los cuatro sospechosos. El ministro del Interior, Laurent\u202fNunez, se\u00f1al\u00f3 que \u00ab<strong>hay muchos v\u00eddeos<\/strong> y esa es una de las l\u00edneas de trabajo de los investigadores\u00bb. <\/p>\n<p class=\"voc-p\" style=\"\">El robo ha encendido nuevamente el debate sobre la seguridad en los museos franceses, que ya hab\u00edan sido<strong> blanco de ataques recientes<\/strong>. La falta de cobertura de videovigilancia y las facilidades detectadas para acceder al edificio en cuesti\u00f3n de minutos muestran una <a href=\"https:\/\/www.abc.es\/cultura\/arte\/robo-siglo-museo-louvre-humillacion-nacional-tras-20251020194003-nt.html\" data-voc-vtm-id=\"in-text-traffic\" title=\"vulnerabilidad preocupante\" rel=\"nofollow noopener\" target=\"_blank\">vulnerabilidad preocupante<\/a>.<\/p>\n<p class=\"voc-p\" style=\"\">El museo podr\u00eda <strong>permanecer cerrado <\/strong>hasta el mi\u00e9rcoles, dado que normalmente no abre sus puertas los martes, mientras se revisan los protocolos de seguridad. Para turistas como la norteamericana Jesslyn Ehlers, que hab\u00eda reprogramado su visita, el robo ha sido motivo de frustraci\u00f3n: \u00abNos hemos sentido decepcionados. Lo llev\u00e1bamos planeando mucho tiempo\u00bb, declar\u00f3. Su acompa\u00f1ante, Carol Fuchs, a\u00f1adi\u00f3: \u00abLa audacia, entrar por una ventana\u2026 \u00bflos atrapar\u00e1n alguna vez? Lo dudo. Creo que ya est\u00e1 perdido\u00bb, ha dicho a AFP.<\/p>\n<p class=\"voc-p\" style=\"\">Los ladrones llegaron hacia las 9.30 horas del domingo, apenas media hora despu\u00e9s de que el museo abriera. Aparcaron un cami\u00f3n con una escalera extensible, similar a las usadas por empresas de mudanzas, bajo la galer\u00eda Apolo. Subieron con el elevador de la escalera, emplearon herramientas de corte para penetrar una ventana y abrir las vitrinas que guardaban las joyas. <\/p>\n<p class=\"voc-p\" style=\"\">Expertos han advertido que estas piezas son<strong> imposibles de vender<\/strong> legalmente en su estado actual, lo que refuerza la hip\u00f3tesis de que el robo se orquest\u00f3 por un<strong> grupo con experiencia<\/strong> en este tipo de operaciones.<\/p>\n","protected":false},"excerpt":{"rendered":"La investigaci\u00f3n sobre el atraco al Museo del Louvre contin\u00faa en marcha, tras el robo en plena luz&hellip;\n","protected":false},"author":2,"featured_media":191479,"comment_status":"","ping_status":"","sticky":false,"template":"","format":"standard","meta":{"footnotes":""},"categories":[42],"tags":[17,18,41318,1902,53512,7510,13,14,5671,17740,11,61,62,63,64,18296,19,20,53513,9212,9,10,15,16,846,12,21,22,65,66,67],"class_list":{"0":"post-191478","1":"post","2":"type-post","3":"status-publish","4":"format-standard","5":"has-post-thumbnail","7":"category-internacional","8":"tag-breaking-news","9":"tag-breakingnews","10":"tag-camion","11":"tag-casco","12":"tag-chaleco","13":"tag-detalles","14":"tag-featured-news","15":"tag-featurednews","16":"tag-fuga","17":"tag-guante","18":"tag-headlines","19":"tag-internacional","20":"tag-international","21":"tag-international-news","22":"tag-internationalnews","23":"tag-ladrones","24":"tag-latest-news","25":"tag-latestnews","26":"tag-llaves","27":"tag-louvre","28":"tag-news","29":"tag-noticias","30":"tag-noticias-destacadas","31":"tag-noticiasdestacadas","32":"tag-revelan","33":"tag-titulares","34":"tag-ultimas-noticias","35":"tag-ultimasnoticias","36":"tag-world","37":"tag-world-news","38":"tag-worldnews"},"share_on_mastodon":{"url":"","error":"Validation failed: Text character limit of 500 exceeded"},"_links":{"self":[{"href":"https:\/\/www.europesays.com\/es\/wp-json\/wp\/v2\/posts\/191478","targetHints":{"allow":["GET"]}}],"collection":[{"href":"https:\/\/www.europesays.com\/es\/wp-json\/wp\/v2\/posts"}],"about":[{"href":"https:\/\/www.europesays.com\/es\/wp-json\/wp\/v2\/types\/post"}],"author":[{"embeddable":true,"href":"https:\/\/www.europesays.com\/es\/wp-json\/wp\/v2\/users\/2"}],"replies":[{"embeddable":true,"href":"https:\/\/www.europesays.com\/es\/wp-json\/wp\/v2\/comments?post=191478"}],"version-history":[{"count":0,"href":"https:\/\/www.europesays.com\/es\/wp-json\/wp\/v2\/posts\/191478\/revisions"}],"wp:featuredmedia":[{"embeddable":true,"href":"https:\/\/www.europesays.com\/es\/wp-json\/wp\/v2\/media\/191479"}],"wp:attachment":[{"href":"https:\/\/www.europesays.com\/es\/wp-json\/wp\/v2\/media?parent=191478"}],"wp:term":[{"taxonomy":"category","embeddable":true,"href":"https:\/\/www.europesays.com\/es\/wp-json\/wp\/v2\/categories?post=191478"},{"taxonomy":"post_tag","embeddable":true,"href":"https:\/\/www.europesays.com\/es\/wp-json\/wp\/v2\/tags?post=191478"}],"curies":[{"name":"wp","href":"https:\/\/api.w.org\/{rel}","templated":true}]}}