{"id":191485,"date":"2025-10-21T12:15:09","date_gmt":"2025-10-21T12:15:09","guid":{"rendered":"https:\/\/www.europesays.com\/es\/191485\/"},"modified":"2025-10-21T12:15:09","modified_gmt":"2025-10-21T12:15:09","slug":"almeida-cede-a-la-comunidad-de-madrid-la-venta-del-batan-para-recuperar-su-tradicion-taurina","status":"publish","type":"post","link":"https:\/\/www.europesays.com\/es\/191485\/","title":{"rendered":"Almeida cede a la Comunidad de Madrid la Venta del Bat\u00e1n para recuperar su tradici\u00f3n taurina"},"content":{"rendered":"<p>El Gobierno de Jos\u00e9 Luis Mart\u00ednez-Almeida ha hecho efectiva la <b>cesi\u00f3n de la Venta del Bat\u00e1n <\/b>a favor de la Comunidad de Madrid para recuperar la tradici\u00f3n taurina de este espacio municipal.<\/p>\n<p>Esta \u00abcesi\u00f3n de gesti\u00f3n integral\u00bb al Gobierno regional se produce cuatro a\u00f1os despu\u00e9s del convenio de colaboraci\u00f3n suscrito entre Comunidad y Ayuntamiento para la ubicaci\u00f3n de la Escuela de Tauromaquia de la Comunidad de Madrid Jos\u00e9 Cubero Yiyo en estas instalaciones.<\/p>\n<p>En concreto, el documento de cesi\u00f3n publicado el pasado 8 de octubre en el Bolet\u00edn Oficial del Ayuntamiento de Madrid (BOAM), recoge que la Venta del Bat\u00e1n ocupa un recinto vallado, dentro del cual existen diversas edificaciones, as\u00ed como instalaciones no cubiertas. <b>Alcanza una superficie de suelo de 65.215 metros cuadrados, seg\u00fan la medici\u00f3n que figura en el Catastro. <\/b><\/p>\n<p>Esta operaci\u00f3n se tramitado a trav\u00e9s de la figura jur\u00eddica &#8216;mutaci\u00f3n demanial subjetiva sin transferencia de titularidad&#8217;, con el que este bien de dominio p\u00fablico cambia de administraci\u00f3n sin necesidad de compraventa. El valor estimado de estas instalaciones asciende a 2.671.401,84 euros.<\/p>\n<p>Al detalle, este espacio est\u00e1 compuesto por corrales para la exhibici\u00f3n de reses bravas, la vivienda del mayoral, edificaci\u00f3n prefabricada en la que se ubica la escuela de tauromaquia, plaza de toros port\u00e1til de la escuela de tauromaquia y bar-restaurante, diversas construcciones que ocupan una superficie total de 1.352,83 m2 y terrenos vinculados a las mismas con una superficie total de 10.717,62 m2.<\/p>\n<p>El uso o actividad de este recinto, tal y como detalla el anuncio, ser\u00e1 \u00abla custodia y aclimataci\u00f3n de reses bravas en espera de traslado a las plazas de toros\u00bb. Asimismo, establece como uso compatible \u00abla ense\u00f1anza del toreo en el \u00e1mbito de la Escuela de Tauromaquia\u00bb.<\/p>\n<p>En obras<\/p>\n<p>Por su parte, la Comunidad de Madrid deber\u00e1 acometer obras en algunas instalaciones \u00abmuy deterioradas\u00bb, por ejemplo, en la zona de restauraci\u00f3n y cafeter\u00eda para poder ofrecer este servicio y as\u00ed \u00abpotenciar la gastronom\u00eda madrile\u00f1a\u00bb.<\/p>\n<p>El bolet\u00edn municipal tambi\u00e9n recoge que con esta cesi\u00f3n sine die se permitir\u00e1 la celebraci\u00f3n de \u00abfestejos taurinos con muerte de las reses, como novilladas con picadores, sin picadores y festivales taurinos, as\u00ed como la posibilidad de celebrar clases pr\u00e1cticas y tentaderos sin muerte de las reses lidiadas\u00bb.<\/p>\n<p>Para la directora general de Cultura del Ayuntamiento, Mar\u00eda Jos\u00e9 Barrero, esta cesi\u00f3n no conlleva ninguna p\u00e9rdida de competencias para el Consistorio, sino que supone \u00abun gran paso hacia la recuperaci\u00f3n del uso taurino de la totalidad de las instalaciones de la Venta del Bat\u00e1n\u00bb, seg\u00fan ha trasladado durante la Comisi\u00f3n de Cultura, Turismo y Deporte celebrada este martes a la pregunta formulada por el concejal de Vox Fernando Mart\u00ednez Vidal.<\/p>\n","protected":false},"excerpt":{"rendered":"El Gobierno de Jos\u00e9 Luis Mart\u00ednez-Almeida ha hecho efectiva la cesi\u00f3n de la Venta del Bat\u00e1n a favor&hellip;\n","protected":false},"author":2,"featured_media":191486,"comment_status":"","ping_status":"","sticky":false,"template":"","format":"standard","meta":{"footnotes":""},"categories":[277],"tags":[373,168,25,24,23,167,374],"class_list":{"0":"post-191485","1":"post","2":"type-post","3":"status-publish","4":"format-standard","5":"has-post-thumbnail","7":"category-toreo","8":"tag-bullfighting","9":"tag-deportes","10":"tag-es","11":"tag-espana","12":"tag-spain","13":"tag-sports","14":"tag-toreo"},"share_on_mastodon":{"url":"https:\/\/pubeurope.com\/@es\/115412108741098108","error":""},"_links":{"self":[{"href":"https:\/\/www.europesays.com\/es\/wp-json\/wp\/v2\/posts\/191485","targetHints":{"allow":["GET"]}}],"collection":[{"href":"https:\/\/www.europesays.com\/es\/wp-json\/wp\/v2\/posts"}],"about":[{"href":"https:\/\/www.europesays.com\/es\/wp-json\/wp\/v2\/types\/post"}],"author":[{"embeddable":true,"href":"https:\/\/www.europesays.com\/es\/wp-json\/wp\/v2\/users\/2"}],"replies":[{"embeddable":true,"href":"https:\/\/www.europesays.com\/es\/wp-json\/wp\/v2\/comments?post=191485"}],"version-history":[{"count":0,"href":"https:\/\/www.europesays.com\/es\/wp-json\/wp\/v2\/posts\/191485\/revisions"}],"wp:featuredmedia":[{"embeddable":true,"href":"https:\/\/www.europesays.com\/es\/wp-json\/wp\/v2\/media\/191486"}],"wp:attachment":[{"href":"https:\/\/www.europesays.com\/es\/wp-json\/wp\/v2\/media?parent=191485"}],"wp:term":[{"taxonomy":"category","embeddable":true,"href":"https:\/\/www.europesays.com\/es\/wp-json\/wp\/v2\/categories?post=191485"},{"taxonomy":"post_tag","embeddable":true,"href":"https:\/\/www.europesays.com\/es\/wp-json\/wp\/v2\/tags?post=191485"}],"curies":[{"name":"wp","href":"https:\/\/api.w.org\/{rel}","templated":true}]}}