{"id":191496,"date":"2025-10-21T12:23:10","date_gmt":"2025-10-21T12:23:10","guid":{"rendered":"https:\/\/www.europesays.com\/es\/191496\/"},"modified":"2025-10-21T12:23:10","modified_gmt":"2025-10-21T12:23:10","slug":"el-frio-regreso-de-rocio-carrasco-ajena-a-la-polemica-con-su-hija-y-a-la-muerte-de-su-suegro","status":"publish","type":"post","link":"https:\/\/www.europesays.com\/es\/191496\/","title":{"rendered":"El fr\u00edo regreso de Roc\u00edo Carrasco: ajena a la pol\u00e9mica con su hija y a la muerte de su suegro"},"content":{"rendered":"<p><a href=\"https:\/\/www.libertaddigital.com\/personajes\/rocio-carrasco\/\" rel=\"nofollow noopener\" target=\"_blank\"><strong>Roc\u00edo Carrasco<\/strong> <\/a>ha regresado a Espa\u00f1a tras varios meses fuera por su participaci\u00f3n en Hasta el fin del mundo (Race Across the World), el nuevo formato de TVE presentado por Paula V\u00e1zquez en el que ha compartido aventura<strong> con rostros como Alba Carrillo, Cristina Cifuentes, Jedet o Yolanda Ramos.<\/strong><\/p>\n<p>La experiencia, que la ha mantenido completamente desconectada del mundo exterior mientras recorr\u00eda Latinoam\u00e9rica sin contacto con su familia, le ha servido para recargar energ\u00edas y regresar renovada. Su llegada al aeropuerto de Madrid-Barajas ha causado una gran expectaci\u00f3n para todos los que han estado esperando sus primeras palabras tras semanas marcadas por la controvertida entrevista de su hija, Roc\u00edo Flores en el programa De viernes donde, entre otras cosas, narr\u00f3 el dolor que le caus\u00f3 su madre con el documental Roc\u00edo, contar la verdad para seguir viva.<\/p>\n<p>Con una sonrisa y visiblemente relajada, la hija de Roc\u00edo Jurado se ha mostrado ajena a las pol\u00e9micas tras aterrizar en nuestro pa\u00eds, asegurando que la experiencia ha sido \u00abinolvidable e incre\u00edble\u00bb y que regresa<strong> \u00abcon energ\u00edas renovadas\u00bb.<\/strong> Durante su participaci\u00f3n, ha compartido convivencia con reconocidas personalidades, entre las que se encuentra Alba Carrillo, quien no ha dudado en mostrar en sus redes sociales la buena relaci\u00f3n que ambas mantienen.<\/p>\n<p><a href=\"https:\/\/s1.staticld.com\/2025\/10\/21\/rocio-carrasco-regreso-espana-1.jpg\" target=\"_blank\" rel=\"nofollow noreferrer noopener\" class=\"fancybox\"><img class=\"l\" data-  style=\"aspect-ratio: 2560 \/ 1707\" alt=\"rocio-carrasco-regreso-espana-1.jpg\"\/><\/a><\/p>\n<p>Durante su ausencia, se ha vivido cierto revuelo medi\u00e1tico<a href=\"https:\/\/www.libertaddigital.com\/chic\/corazon\/2025-09-13\/rocio-flores-pone-contra-las-cuerdas-a-terelu-campos-y-desvela-su-gran-mentira-7295172\/\" rel=\"nofollow noopener\" target=\"_blank\"><strong> tras la reaparici\u00f3n televisiva de su hija, Roc\u00edo Flores,<\/strong><\/a> quien volvi\u00f3 a un plat\u00f3 despu\u00e9s de mucho tiempo y habl\u00f3 sobre su relaci\u00f3n con su madre. Sus declaraciones generaron comentarios y apoyos, especialmente el de Olga Moreno, que defendi\u00f3 p\u00fablicamente a la joven y reiter\u00f3 su cercan\u00eda con ella. Pese a todo, Roc\u00edo Carrasco prefiere mantenerse al margen y no pronunciarse sobre las pol\u00e9micas familiares.<\/p>\n<p>&#13;<br \/>\n    Relacionado&#13;<br \/>\n    &#13;<\/p>\n<p>A su llegada a Espa\u00f1a, ha dejado claro que desconoce completamente lo ocurrido durante su estancia fuera.<strong> \u00abLlevo dos meses fuera y ni s\u00e9 ni quiero saber, si te soy sincera\u00bb<\/strong>, ha afirmado con serenidad cuando ha sido preguntada por la entrevista de su hija. Tambi\u00e9n ha confirmado que ha estado totalmente aislada, sin acceso a televisi\u00f3n ni noticias nacionales, centrada \u00fanicamente en su experiencia: \u00abAh\u00ed he estado aislada, no sabes nada de lo que ha pasado en Espa\u00f1a. Claro, de eso se trata\u00bb.<\/p>\n<p>Fiel a su estilo, ha respondido con iron\u00eda a las preguntas de la prensa, asegurando que est\u00e1 \u00abfeliz y contenta\u00bb por reencontrarse con los suyos, especialmente con Fidel Albiac, de quien ha reconocido haber echado mucho de menos durante estos meses, <strong>rest\u00e1ndole importancia a la reciente muerte de su padre.<\/strong><\/p>\n","protected":false},"excerpt":{"rendered":"Roc\u00edo Carrasco ha regresado a Espa\u00f1a tras varios meses fuera por su participaci\u00f3n en Hasta el fin del&hellip;\n","protected":false},"author":2,"featured_media":191497,"comment_status":"","ping_status":"","sticky":false,"template":"","format":"standard","meta":{"footnotes":""},"categories":[174],"tags":[255,146,147,53519,25,24,256,53517,53520,53521,53518,27816,24507,23,5411],"class_list":{"0":"post-191496","1":"post","2":"type-post","3":"status-publish","4":"format-standard","5":"has-post-thumbnail","7":"category-famosos","8":"tag-celebrities","9":"tag-entertainment","10":"tag-entretenimiento","11":"tag-entrevista-de-su-hija","12":"tag-es","13":"tag-espana","14":"tag-famosos","15":"tag-fidel-albiac","16":"tag-hija-de-rocio-jurado","17":"tag-muerte-de-su-suegro","18":"tag-rociito","19":"tag-rocio-flores","20":"tag-rocio-jurado","21":"tag-spain","22":"tag-vuelta-a-espana"},"share_on_mastodon":{"url":"https:\/\/pubeurope.com\/@es\/115412140344549214","error":""},"_links":{"self":[{"href":"https:\/\/www.europesays.com\/es\/wp-json\/wp\/v2\/posts\/191496","targetHints":{"allow":["GET"]}}],"collection":[{"href":"https:\/\/www.europesays.com\/es\/wp-json\/wp\/v2\/posts"}],"about":[{"href":"https:\/\/www.europesays.com\/es\/wp-json\/wp\/v2\/types\/post"}],"author":[{"embeddable":true,"href":"https:\/\/www.europesays.com\/es\/wp-json\/wp\/v2\/users\/2"}],"replies":[{"embeddable":true,"href":"https:\/\/www.europesays.com\/es\/wp-json\/wp\/v2\/comments?post=191496"}],"version-history":[{"count":0,"href":"https:\/\/www.europesays.com\/es\/wp-json\/wp\/v2\/posts\/191496\/revisions"}],"wp:featuredmedia":[{"embeddable":true,"href":"https:\/\/www.europesays.com\/es\/wp-json\/wp\/v2\/media\/191497"}],"wp:attachment":[{"href":"https:\/\/www.europesays.com\/es\/wp-json\/wp\/v2\/media?parent=191496"}],"wp:term":[{"taxonomy":"category","embeddable":true,"href":"https:\/\/www.europesays.com\/es\/wp-json\/wp\/v2\/categories?post=191496"},{"taxonomy":"post_tag","embeddable":true,"href":"https:\/\/www.europesays.com\/es\/wp-json\/wp\/v2\/tags?post=191496"}],"curies":[{"name":"wp","href":"https:\/\/api.w.org\/{rel}","templated":true}]}}