{"id":191516,"date":"2025-10-21T12:34:07","date_gmt":"2025-10-21T12:34:07","guid":{"rendered":"https:\/\/www.europesays.com\/es\/191516\/"},"modified":"2025-10-21T12:34:07","modified_gmt":"2025-10-21T12:34:07","slug":"europa-respalda-la-propuesta-de-paz-de-trump-que-mantendria-la-frontera-actual-en-ucrania","status":"publish","type":"post","link":"https:\/\/www.europesays.com\/es\/191516\/","title":{"rendered":"Europa respalda la propuesta de paz de Trump que mantendr\u00eda la frontera actual en Ucrania"},"content":{"rendered":"<p>          <img decoding=\"async\" class=\"c-ad__placeholder__logo\" src=\"https:\/\/static.euronews.com\/website\/images\/logos\/logo-euronews-stacked-outlined-72x72-grey-9.svg\" width=\"72\" height=\"72\" alt=\"\" loading=\"lazy\"\/><br \/>\n          PUBLICIDAD<\/p>\n<p>Los l\u00edderes europeos expresaron este martes <strong>su respaldo a la propuesta del presidente estadounidense<\/strong>, Donald Trump, de establecer <a href=\"https:\/\/es.euronews.com\/2025\/10\/14\/trump-busca-trasladar-el-exito-del-alto-el-fuego-en-gaza-a-ucrania\" rel=\"nofollow noopener\" target=\"_blank\">un alto el fuego en Ucrania<\/a> a lo largo de la actual l\u00ednea de combate. A diferencia del planteamiento europeo, el plan de Trump se centra en poner fin inmediato a la guerra sobre la l\u00ednea de contacto existente, mientras que los mandatarios europeos lo conciben como un punto de partida para futuras negociaciones.<\/p>\n<p>El presidente estadounidense present\u00f3 su iniciativa la semana pasada, tras mantener <a href=\"https:\/\/es.euronews.com\/2025\/10\/21\/kremlin-exigencias-conversacion-trump-putin\" rel=\"nofollow noopener\" target=\"_blank\">una conversaci\u00f3n telef\u00f3nica con su hom\u00f3logo ruso<\/a>, Vlad\u00edmir Putin, y reunirse en la Casa Blanca con el presidente ucraniano, Volod\u00edmir Zelenski. Despu\u00e9s de ese encuentro, Trump public\u00f3 en su plataforma Truth Social: \u00abEs hora de detener la matanza y alcanzar un acuerdo\u00bb. A\u00f1adi\u00f3 adem\u00e1s: \u00ab<strong>Deber\u00edan parar donde est\u00e1n<\/strong>. Que ambos reclamen la victoria\u00bb.<\/p>\n<p>En una declaraci\u00f3n conjunta emitida el martes, diez altos dirigentes europeos y Zelenski manifestaron: \u00abApoyamos firmemente la posici\u00f3n del presidente Trump de que los combates deben cesar de inmediato, y de que la actual l\u00ednea de contacto <strong>debe ser el punto de partida de las negociaciones<\/strong>\u00ab. Tambi\u00e9n reiteraron su compromiso con el principio de que \u00ablas fronteras internacionales no deben modificarse por la fuerza\u00bb.<\/p>\n<p>Los l\u00edderes acusaron a Rusia de <a href=\"https:\/\/es.euronews.com\/2025\/01\/25\/realmente-quiere-rusia-la-paz-declaraciones-del-kremlin-y-del-ministerio-de-asuntos-exteri\" rel=\"nofollow noopener\" target=\"_blank\"><strong>obstaculizar el proceso al rechazar un alto el fuego<\/strong><\/a> inmediato e incondicional en Ucrania. Seg\u00fan la declaraci\u00f3n, Trump respald\u00f3 inicialmente esa propuesta, pero cambi\u00f3 de postura tras reunirse con Putin en Alaska, pasando a defender un acuerdo de paz integral.<\/p>\n<p>Esa aproximaci\u00f3n (ir directamente a un acuerdo sin un alto el fuego previo) <strong>coincide con la estrategia del Kremlin<\/strong>, ya que permite a Rusia continuar su campa\u00f1a de bombardeos, consolidar posiciones en el frente y debilitar la posici\u00f3n negociadora de Kiev.<\/p>\n<p>Trump niega haber pedido a Ucrania renunciar a Donb\u00e1s<\/p>\n<p>Durante el fin de semana, sin embargo, <a href=\"https:\/\/es.euronews.com\/2025\/10\/20\/trump-dice-que-no-cree-que-ucrania-pueda-ganar-la-guerra-contra-rusia-pero-anade-todo-es-p\" rel=\"nofollow noopener\" target=\"_blank\"><strong>Trump pareci\u00f3 volver a su planteamiento original<\/strong><\/a> al declarar que las partes deber\u00edan \u00abdetenerse en las l\u00edneas donde est\u00e1n, las l\u00edneas de batalla\u00bb, y a\u00f1adi\u00f3 desde el Air Force One: \u00abV\u00e1yanse a casa, dejen de matar gente y terminen\u00bb. <\/p>\n<p>El mandatario estadounidense neg\u00f3 haber pedido a Zelenski que renuncie al Donb\u00e1s, <strong>regi\u00f3n oriental parcialmente ocupada por Rusia<\/strong> y que Mosc\u00fa reclama por completo. Zelenski record\u00f3 que la Constituci\u00f3n ucraniana proh\u00edbe cualquier cesi\u00f3n de territorio.<\/p>\n<p>\u00abLas t\u00e1cticas dilatorias de Rusia han demostrado una y otra vez que <a href=\"https:\/\/es.euronews.com\/2025\/10\/21\/kremlin-exigencias-conversacion-trump-putin\" rel=\"nofollow noopener\" target=\"_blank\"><strong>Ucrania es la \u00fanica parte realmente comprometida con la paz<\/strong><\/a>\u00ab, subrayaron los l\u00edderes europeos. \u00abPutin sigue optando por la violencia y la destrucci\u00f3n. Por ello, creemos que Ucrania debe encontrarse en la posici\u00f3n m\u00e1s fuerte posible antes, durante y despu\u00e9s de cualquier alto el fuego. Debemos aumentar la presi\u00f3n sobre la econom\u00eda rusa y su industria de defensa hasta que Putin est\u00e9 dispuesto a negociar seriamente\u00bb. <\/p>\n<p>La declaraci\u00f3n fue firmada por <strong>la presidenta de la Comisi\u00f3n Europea, Ursula von der Leyen<\/strong>, el presidente del Consejo Europeo, Ant\u00f3nio Costa, el presidente franc\u00e9s, Emmanuel Macron, el primer ministro brit\u00e1nico, Keir Starmer, el canciller alem\u00e1n, Friedrich Merz, la primera ministra italiana, Giorgia Meloni, el primer ministro polaco, Donald Tusk, el primer ministro noruego, Jonas Gahr St\u00f8re, la primera ministra danesa, Mette Frederiksen, as\u00ed como por el presidente finland\u00e9s Alexander Stubb y el propio Volod\u00edmir Zelenski.<\/p>\n<p>La cumbre de Trump y Putin en Budapest inquieta a Bruselas<\/p>\n<p>El comunicado llega en un momento en que <strong>Europa intenta adaptarse a la cambiante diplomacia de Washington<\/strong> y a la posible cumbre Trump\u2013Putin que Hungr\u00eda busca organizar, pese a sus repetidos intentos de <a href=\"https:\/\/es.euronews.com\/my-europe\/2023\/05\/22\/hungria-bloquea-la-ayuda-militar-de-la-ue-a-ucrania\" rel=\"nofollow noopener\" target=\"_blank\">bloquear el apoyo conjunto a Ucrania dentro de la UE<\/a>.<\/p>\n<p>El anuncio de Trump de su disposici\u00f3n a reunirse con Putin en Budapest <strong>representar\u00eda la primera visita del l\u00edder ruso a suelo europeo<\/strong> desde el inicio de la invasi\u00f3n a gran escala, a pesar de las sanciones de la UE y la orden de arresto internacional emitida por la Corte Penal Internacional.<\/p>\n<p>Sin embargo, medios estadounidenses informaron anoche que <strong>la esperada cumbre podr\u00eda retrasarse o incluso cancelarse<\/strong>, ante la persistente intransigencia de Mosc\u00fa. La guerra en Ucrania encabezar\u00e1 el orden del d\u00eda de la cumbre de la UE del jueves, en la que se espera la presencia de Zelenski. Al d\u00eda siguiente, Starmer acoger\u00e1 en Londres una reuni\u00f3n de la <a href=\"https:\/\/es.euronews.com\/2025\/09\/04\/coalicion-de-voluntarios-26-paises-se-comprometen-a-desplegar-tropas-tras-la-guerra-en-ucr\" rel=\"nofollow noopener\" target=\"_blank\">Coalici\u00f3n de Voluntarios<\/a> para coordinar la ayuda militar y econ\u00f3mica a Kiev.<\/p>\n<p>Paralelamente, Bruselas trabaja en <strong>un nuevo paquete de sanciones contra Rusia<\/strong>, actualmente bloqueado por Eslovaquia, y en una iniciativa sin precedentes para utilizar los activos rusos congelados como garant\u00eda de un pr\u00e9stamo de 140.000 millones de euros destinado a sostener a Ucrania a largo plazo.<\/p>\n","protected":false},"excerpt":{"rendered":"PUBLICIDAD Los l\u00edderes europeos expresaron este martes su respaldo a la propuesta del presidente estadounidense, Donald Trump, de&hellip;\n","protected":false},"author":2,"featured_media":191517,"comment_status":"","ping_status":"","sticky":false,"template":"","format":"standard","meta":{"footnotes":""},"categories":[42],"tags":[17,18,352,13,14,7419,11,61,62,63,64,19,20,9,10,15,16,1614,7354,12,21,22,7083,14181,65,66,67],"class_list":{"0":"post-191516","1":"post","2":"type-post","3":"status-publish","4":"format-standard","5":"has-post-thumbnail","7":"category-internacional","8":"tag-breaking-news","9":"tag-breakingnews","10":"tag-donald-trump","11":"tag-featured-news","12":"tag-featurednews","13":"tag-guerra-en-ucrania","14":"tag-headlines","15":"tag-internacional","16":"tag-international","17":"tag-international-news","18":"tag-internationalnews","19":"tag-latest-news","20":"tag-latestnews","21":"tag-news","22":"tag-noticias","23":"tag-noticias-destacadas","24":"tag-noticiasdestacadas","25":"tag-rusia","26":"tag-rusia-ucrania-invasion","27":"tag-titulares","28":"tag-ultimas-noticias","29":"tag-ultimasnoticias","30":"tag-vladimir-putin","31":"tag-volodimir-zelenski","32":"tag-world","33":"tag-world-news","34":"tag-worldnews"},"share_on_mastodon":{"url":"https:\/\/pubeurope.com\/@es\/115412183728318001","error":""},"_links":{"self":[{"href":"https:\/\/www.europesays.com\/es\/wp-json\/wp\/v2\/posts\/191516","targetHints":{"allow":["GET"]}}],"collection":[{"href":"https:\/\/www.europesays.com\/es\/wp-json\/wp\/v2\/posts"}],"about":[{"href":"https:\/\/www.europesays.com\/es\/wp-json\/wp\/v2\/types\/post"}],"author":[{"embeddable":true,"href":"https:\/\/www.europesays.com\/es\/wp-json\/wp\/v2\/users\/2"}],"replies":[{"embeddable":true,"href":"https:\/\/www.europesays.com\/es\/wp-json\/wp\/v2\/comments?post=191516"}],"version-history":[{"count":0,"href":"https:\/\/www.europesays.com\/es\/wp-json\/wp\/v2\/posts\/191516\/revisions"}],"wp:featuredmedia":[{"embeddable":true,"href":"https:\/\/www.europesays.com\/es\/wp-json\/wp\/v2\/media\/191517"}],"wp:attachment":[{"href":"https:\/\/www.europesays.com\/es\/wp-json\/wp\/v2\/media?parent=191516"}],"wp:term":[{"taxonomy":"category","embeddable":true,"href":"https:\/\/www.europesays.com\/es\/wp-json\/wp\/v2\/categories?post=191516"},{"taxonomy":"post_tag","embeddable":true,"href":"https:\/\/www.europesays.com\/es\/wp-json\/wp\/v2\/tags?post=191516"}],"curies":[{"name":"wp","href":"https:\/\/api.w.org\/{rel}","templated":true}]}}