{"id":191518,"date":"2025-10-21T12:35:07","date_gmt":"2025-10-21T12:35:07","guid":{"rendered":"https:\/\/www.europesays.com\/es\/191518\/"},"modified":"2025-10-21T12:35:07","modified_gmt":"2025-10-21T12:35:07","slug":"el-numero-dos-de-gurtel-y-ex-alto-cargo-del-pp-en-el-ultimo-juicio-ahora-soy-un-apestado-social-espana","status":"publish","type":"post","link":"https:\/\/www.europesays.com\/es\/191518\/","title":{"rendered":"El n\u00famero dos de G\u00fcrtel y ex alto cargo del PP, en el \u00faltimo juicio: \u201cAhora soy un apestado social\u201d | Espa\u00f1a"},"content":{"rendered":"<p class=\"\">Pablo Crespo, antiguo n\u00famero dos de G\u00fcrtel y ex secretario de Organizaci\u00f3n del PP gallego, ha tomado la palabra este martes en el \u00faltimo juicio sobre la red de corrupci\u00f3n que anid\u00f3 en el partido conservador. Tras <a href=\"https:\/\/elpais.com\/espana\/2025-10-17\/el-numero-dos-de-gurtel-y-ex-alto-cargo-del-pp-tambien-confiesa-en-el-ultimo-juicio-sobre-la-trama-corrupta.html\" target=\"_self\" rel=\"nofollow noopener\" title=\"https:\/\/elpais.com\/espana\/2025-10-17\/el-numero-dos-de-gurtel-y-ex-alto-cargo-del-pp-tambien-confiesa-en-el-ultimo-juicio-sobre-la-trama-corrupta.html\">confesar los delitos que le imputa la Fiscal\u00eda<\/a> y siguiendo la l\u00ednea marcada el lunes por su exjefe Francisco Correa, el ex alto cargo popular ha ofrecido durante casi cuatro horas m\u00e1s detalles sobre las estructuras societarias urdidas para defraudar a la Agencia Tributaria y para blanquear el dinero procedente de las actividades il\u00edcitas del grupo criminal. \u201cA nivel de estructura, yo manejaba todos los fondos de Correa en Europa, en Suiza&#8230;\u201d, ha comentado Crespo, que ha hablado de movimientos sospechosos de fondos, testaferros, empresas pantallas&#8230; Toda una operativa il\u00edcita que funcion\u00f3 en las sombras durante cerca de dos d\u00e9cadas, mientras los cabecillas de la trama se mov\u00edan por las altas esferas y penetraban en Administraciones gobernadas por el PP: \u201cAhora soy un apestado social (porque es la consecuencia de nuestros actos), pero entonces yo no lo era y no \u00edbamos confesando que el se\u00f1or Correa hab\u00eda obtenido su patrimonio de actividades il\u00edcitas, como era la percepci\u00f3n de comisiones por obras p\u00fablicas o el fraude a la Hacienda P\u00fablica\u201d. <\/p>\n<p class=\"\">La confesi\u00f3n de la mayor\u00eda de procesados (<a href=\"https:\/\/elpais.com\/espana\/2025-10-20\/una-veintena-de-acusados-confiesa-en-el-ultimo-juicio-de-gurtel.html\" target=\"_self\" rel=\"nofollow noopener\" title=\"https:\/\/elpais.com\/espana\/2025-10-20\/una-veintena-de-acusados-confiesa-en-el-ultimo-juicio-de-gurtel.html\">20 de los 25 que se sientan en el banquillo<\/a>) est\u00e1 marcando el desarrollo de la vista oral y de los interrogatorios. Atadas las acusaciones contra los arrepentidos, la Fiscal\u00eda Anticorrupci\u00f3n dirige buena parte de sus preguntas a cercar a los cinco que no han pactado con el ministerio p\u00fablico en busca de una rebaja de penas, a cambio de reconocer su implicaci\u00f3n \u2014todos ellos, presuntos colaboradores de la trama: Jes\u00fas Calvo Soria, Guillermo Mart\u00ednez Lluch, Carmen Leonor Hallax, Jos\u00e9 Antonio L\u00f3pez Rubal y Antoine S\u00e1nchez\u2014.<\/p>\n<p>M\u00e1s informaci\u00f3n<\/p>\n<p class=\"\">En primer lugar, la declaraci\u00f3n de Pablo Crespo se ha centrado en las estructuras societarias opacas creadas para ocultar el patrimonio de Correa. El l\u00edder de G\u00fcrtel se encontraba detr\u00e1s de una telara\u00f1a de empresas pantalla con ramificaciones en para\u00edsos fiscales. Y seg\u00fan ha recordado su antiguo n\u00famero dos, tras un registro en 2008 en el despacho del asesor fiscal Jos\u00e9 Ram\u00f3n Blanco Bal\u00edn, se dispararon las alarmas. Los cabecillas estaban preocupados ante la posibilidad de que la Agencia Tributaria descubriera que Correa nunca hab\u00eda declarado en Espa\u00f1a (\u201cal menos desde 1999\u201d), pese a sus enormes ingresos (buena parte, procedentes de los negocios con el PP). Para tratar de evitarlo, comenzaron a barajar \u201cestrategias\u201d, como interponer nuevos testaferros o \u201cfalsificar\u201d la residencia fiscal del jefe de la trama. <\/p>\n<p class=\"\">\u201cNosotros no le encargamos a Carmen Leonor Hallax [que gestionase] una residencia legal [en Panam\u00e1], le encargamos una gesti\u00f3n que es claramente il\u00edcita. Y nosotros lo sab\u00edamos. Por eso, el se\u00f1or Correa accedi\u00f3 a pagar 250.000 d\u00f3lares. Son honorarios que no se pagan por cualquier gesti\u00f3n\u201d, ha disparado Crespo contra una de las procesadas que no ha pactado con la Fiscal\u00eda.<\/p>\n<p>M\u00e1s informaci\u00f3n<\/p>\n<p class=\"\">En un <a href=\"https:\/\/elpais.com\/espana\/2025-10-17\/el-numero-dos-de-gurtel-y-ex-alto-cargo-del-pp-tambien-confiesa-en-el-ultimo-juicio-sobre-la-trama-corrupta.html\" target=\"_self\" rel=\"nofollow noopener\" title=\"https:\/\/elpais.com\/espana\/2025-10-17\/el-numero-dos-de-gurtel-y-ex-alto-cargo-del-pp-tambien-confiesa-en-el-ultimo-juicio-sobre-la-trama-corrupta.html\">escrito de confesi\u00f3n enviado a la Audiencia Nacional<\/a> antes del comienzo de este juicio, Crespo ya abund\u00f3 en esa \u201ccomplicada estructura patrimonial y accionarial\u201d: \u201c[El objetivo] era obtener el m\u00e1ximo de opacidad con relaci\u00f3n a su propietario, Francisco Correa. En algunos casos, yo mismo participaba \u2014tambi\u00e9n de forma opaca\u2014 en el accionariado\u201d. Aunque, seg\u00fan ha reconocido el ex n\u00famero dos de G\u00fcrtel, su principal labor consist\u00eda en \u201csupervisar el d\u00eda a d\u00eda la actividad contable y financiera\u201d de las empresas de eventos de la trama: \u201cPara lo cual, impart\u00eda instrucciones al resto de integrantes de dichas empresas, siendo el \u00faltimo responsable de las decisiones que en ellas se tomaban\u201d. \u201cCon el fin de rebajar el importe de los impuestos que por ley proced\u00eda soportar, he ordenado la emisi\u00f3n y pago de facturas compensatorias, de tal manera que se buscaba el equilibrio \u2014de forma il\u00edcita\u2014 entre las p\u00e9rdidas de algunas sociedades y los beneficios de otras, dando lugar a una defraudaci\u00f3n tributaria, as\u00ed como a la generaci\u00f3n de dinero en efectivo ajeno al circuito legal\u201d, subray\u00f3 el acusado.<\/p>\n<p class=\"\">Crespo ha rememorado igualmente las medidas de seguridad que adoptaba. \u201cYo utilizaba cuatro tel\u00e9fonos porque sospechaba que nos estaban escuchando, aunque Correa me dec\u00eda que era un paranoico\u201d, ha explicado este martes, durante su declaraci\u00f3n ante el tribunal. \u201cTambi\u00e9n porque era consciente de las ilicitudes que est\u00e1bamos cometiendo\u201d, ha incidido. \u201cHe sido, junto al se\u00f1or Correa, el m\u00e1ximo responsable de cuantos delitos aqu\u00ed se han relatado\u201d, ha remachado.<\/p>\n<p class=\"\">Este <a href=\"https:\/\/elpais.com\/espana\/2025-10-20\/las-confesiones-de-los-cabecillas-de-gurtel-marcan-el-juicio-final-sobre-una-era-de-corrupcion.html\" target=\"_self\" rel=\"nofollow noopener\" title=\"https:\/\/elpais.com\/espana\/2025-10-20\/las-confesiones-de-los-cabecillas-de-gurtel-marcan-el-juicio-final-sobre-una-era-de-corrupcion.html\">\u00faltimo juicio del caso G\u00fcrtel<\/a> se centra en la \u201ccompleja\u201d telara\u00f1a societaria urdida por el grupo criminal para lavar dinero y eludir los pagos a Hacienda, de forma forma \u201cmasiva\u201d, \u201cpermanente\u201d y a escala \u201cindustrial\u201d (seg\u00fan las palabras que us\u00f3 el juez instructor Jos\u00e9 de la Mata al dar por concluida esta parte de las pesquisas). Gran parte de los beneficios blanqueados proced\u00edan de los negocios que se hicieron con el PP, que ya se dieron por probados en otros juicios anteriores. Seg\u00fan el sumario, Correa percibi\u00f3, al menos, casi 31 millones de euros por \u201csu intermediacio\u0301n\u201d en la concesi\u00f3n de adjudicaciones irregulares; que, junto a otros ingresos, ocult\u00f3 a la Agencia Tributaria.<\/p>\n<p class=\"\">La vista oral continuar\u00e1 este mi\u00e9rcoles con los interrogatorios de m\u00e1s acusados. Hasta ahora, durante las sesiones del lunes y martes, han declarado 16 procesados (todos ellos, del grupo de 20 confesos). Entre los que faltan por comparecer se encuentra Jos\u00e9 Ram\u00f3n Blanco Bal\u00edn, otra pieza clave del grupo criminal.<\/p>\n","protected":false},"excerpt":{"rendered":"Pablo Crespo, antiguo n\u00famero dos de G\u00fcrtel y ex secretario de Organizaci\u00f3n del PP gallego, ha tomado la&hellip;\n","protected":false},"author":2,"featured_media":191519,"comment_status":"","ping_status":"","sticky":false,"template":"","format":"standard","meta":{"footnotes":""},"categories":[8],"tags":[6543,17,18,12523,767,12515,7232,25,24,13,14,10319,11,734,2128,2158,19,20,9,10,15,16,52897,957,956,53527,23,12,21,22],"class_list":{"0":"post-191518","1":"post","2":"type-post","3":"status-publish","4":"format-standard","5":"has-post-thumbnail","7":"category-espana","8":"tag-audiencia-nacional","9":"tag-breaking-news","10":"tag-breakingnews","11":"tag-caso-gurtel","12":"tag-corrupcion","13":"tag-corrupcion-politica","14":"tag-delitos","15":"tag-es","16":"tag-espana","17":"tag-featured-news","18":"tag-featurednews","19":"tag-francisco-correa","20":"tag-headlines","21":"tag-investigacion-judicial","22":"tag-juicios","23":"tag-justicia","24":"tag-latest-news","25":"tag-latestnews","26":"tag-news","27":"tag-noticias","28":"tag-noticias-destacadas","29":"tag-noticiasdestacadas","30":"tag-pablo-crespo","31":"tag-partidos-politicos","32":"tag-pp","33":"tag-ramon-blanco","34":"tag-spain","35":"tag-titulares","36":"tag-ultimas-noticias","37":"tag-ultimasnoticias"},"share_on_mastodon":{"url":"","error":"Validation failed: Text character limit of 500 exceeded"},"_links":{"self":[{"href":"https:\/\/www.europesays.com\/es\/wp-json\/wp\/v2\/posts\/191518","targetHints":{"allow":["GET"]}}],"collection":[{"href":"https:\/\/www.europesays.com\/es\/wp-json\/wp\/v2\/posts"}],"about":[{"href":"https:\/\/www.europesays.com\/es\/wp-json\/wp\/v2\/types\/post"}],"author":[{"embeddable":true,"href":"https:\/\/www.europesays.com\/es\/wp-json\/wp\/v2\/users\/2"}],"replies":[{"embeddable":true,"href":"https:\/\/www.europesays.com\/es\/wp-json\/wp\/v2\/comments?post=191518"}],"version-history":[{"count":0,"href":"https:\/\/www.europesays.com\/es\/wp-json\/wp\/v2\/posts\/191518\/revisions"}],"wp:featuredmedia":[{"embeddable":true,"href":"https:\/\/www.europesays.com\/es\/wp-json\/wp\/v2\/media\/191519"}],"wp:attachment":[{"href":"https:\/\/www.europesays.com\/es\/wp-json\/wp\/v2\/media?parent=191518"}],"wp:term":[{"taxonomy":"category","embeddable":true,"href":"https:\/\/www.europesays.com\/es\/wp-json\/wp\/v2\/categories?post=191518"},{"taxonomy":"post_tag","embeddable":true,"href":"https:\/\/www.europesays.com\/es\/wp-json\/wp\/v2\/tags?post=191518"}],"curies":[{"name":"wp","href":"https:\/\/api.w.org\/{rel}","templated":true}]}}