{"id":191523,"date":"2025-10-21T12:38:07","date_gmt":"2025-10-21T12:38:07","guid":{"rendered":"https:\/\/www.europesays.com\/es\/191523\/"},"modified":"2025-10-21T12:38:07","modified_gmt":"2025-10-21T12:38:07","slug":"alistan-segunda-parte-de-la-temporada-taurina-2025","status":"publish","type":"post","link":"https:\/\/www.europesays.com\/es\/191523\/","title":{"rendered":"Alistan segunda parte de la temporada taurina 2025"},"content":{"rendered":"<p>Concluida la primera parte de la temporada taurina 2025, los aficionados a la fiesta brava tendr\u00e1n que esperar solamente dos semanas para regresar a la Plaza Alberto Balderas, pues la cuarta corrida est\u00e1 programada para el viernes 31 de octubre a las 8:00 de la noche.<\/p>\n<p>Tentativamente ese d\u00eda el pase\u00edllo lo dar\u00e1n Uriel Moreno \u2018El Zapata\u2019, Enrique Colombo y Andr\u00e9 Lagravere Peniche \u2018El Galo\u2019.<\/p>\n<p>Esta segunda parte constar\u00e1 tambi\u00e9n de tres corridas y las otras dos se llevar\u00e1n a cabo el domingo 16 y el domingo 23 de noviembre, ambas a partir de las 4:30 pm.<\/p>\n<p>\u2018El Zapata\u2019 naci\u00f3 el 21 de diciembre de 1975 en Emiliano Zapata, Tlaxcala, y actualmente reside en Apizaco.<\/p>\n<p>El veterano torero tom\u00f3 la alternativa el 11 de mayo de 1996 en la ciudad de Puebla, con Eloy Cavazos como padrino y Armillita Chico como testigo, con toros de Reyes Huerta y Heraldino. La confirmaci\u00f3n la tuvo el 26 de diciembre de ese mismo a\u00f1o en la Ciudad de M\u00e9xico, con Rafael Ortega como padrino y Uceda Leal como testigo, con el toro Tuzo de Huichapan.<\/p>\n<p>Jes\u00fas Enrique Colombo naci\u00f3 el 29 de septiembre de 1997 en T\u00e1chira, Venezuela, y desde ni\u00f1o creci\u00f3 rodeado del mundo de la tauromaquia gracias a su padre, Jes\u00fas Colombo, que tambi\u00e9n fue matador de toros.<\/p>\n<p>Colombo tom\u00f3 la alternativa en la Feria del Se\u00f1or de los Milagros de Lima, Per\u00fa, de manos de Sebasti\u00e1n Castella y con Gin\u00e9s Mar\u00edn como testigo, el 29 de septiembre de 2017.<\/p>\n<p>Nacido el 12 de julio de 1999 en M\u00e9rida, Yucat\u00e1n, Andr\u00e9 Lagravere Peniche \u2018El Galo\u2019 debut\u00f3 como novillero con picadores el 1 de enero de 2014 en G\u00f3mez Palacio, Durango. Tom\u00f3 la alternativa el 27 de octubre de 2019 en la Plaza M\u00e9rida de manos de Enrique Ponce, con Octavio Garc\u00eda \u2018El Payo\u2019 como testigo, enfrentando al toro \u2018Altivo\u2019 de la ganader\u00eda de Fernando de la Mora.<\/p>\n<p>TOME NOTA<\/p>\n<p>Segunda parte temporada taurina 2025<\/p>\n<p>Cuarta corrida<\/p>\n<p>Viernes 31 de octubre<\/p>\n<p>8:00 pm<\/p>\n<p>Plaza Alberto Balderas<\/p>\n<p>Uriel Moreno \u2018El Zapata\u2019<\/p>\n<p>Enrique Colombo<\/p>\n<p>Andr\u00e9 Lagravere Peniche \u2018El Galo\u2019<\/p>\n<p>6 Torrecillas 6<\/p>\n","protected":false},"excerpt":{"rendered":"Concluida la primera parte de la temporada taurina 2025, los aficionados a la fiesta brava tendr\u00e1n que esperar&hellip;\n","protected":false},"author":2,"featured_media":191524,"comment_status":"","ping_status":"","sticky":false,"template":"","format":"standard","meta":{"footnotes":""},"categories":[277],"tags":[373,168,25,24,23,167,374],"class_list":{"0":"post-191523","1":"post","2":"type-post","3":"status-publish","4":"format-standard","5":"has-post-thumbnail","7":"category-toreo","8":"tag-bullfighting","9":"tag-deportes","10":"tag-es","11":"tag-espana","12":"tag-spain","13":"tag-sports","14":"tag-toreo"},"share_on_mastodon":{"url":"https:\/\/pubeurope.com\/@es\/115412199141257645","error":""},"_links":{"self":[{"href":"https:\/\/www.europesays.com\/es\/wp-json\/wp\/v2\/posts\/191523","targetHints":{"allow":["GET"]}}],"collection":[{"href":"https:\/\/www.europesays.com\/es\/wp-json\/wp\/v2\/posts"}],"about":[{"href":"https:\/\/www.europesays.com\/es\/wp-json\/wp\/v2\/types\/post"}],"author":[{"embeddable":true,"href":"https:\/\/www.europesays.com\/es\/wp-json\/wp\/v2\/users\/2"}],"replies":[{"embeddable":true,"href":"https:\/\/www.europesays.com\/es\/wp-json\/wp\/v2\/comments?post=191523"}],"version-history":[{"count":0,"href":"https:\/\/www.europesays.com\/es\/wp-json\/wp\/v2\/posts\/191523\/revisions"}],"wp:featuredmedia":[{"embeddable":true,"href":"https:\/\/www.europesays.com\/es\/wp-json\/wp\/v2\/media\/191524"}],"wp:attachment":[{"href":"https:\/\/www.europesays.com\/es\/wp-json\/wp\/v2\/media?parent=191523"}],"wp:term":[{"taxonomy":"category","embeddable":true,"href":"https:\/\/www.europesays.com\/es\/wp-json\/wp\/v2\/categories?post=191523"},{"taxonomy":"post_tag","embeddable":true,"href":"https:\/\/www.europesays.com\/es\/wp-json\/wp\/v2\/tags?post=191523"}],"curies":[{"name":"wp","href":"https:\/\/api.w.org\/{rel}","templated":true}]}}