{"id":191525,"date":"2025-10-21T12:41:11","date_gmt":"2025-10-21T12:41:11","guid":{"rendered":"https:\/\/www.europesays.com\/es\/191525\/"},"modified":"2025-10-21T12:41:11","modified_gmt":"2025-10-21T12:41:11","slug":"davidovich-estalla-tras-su-desplante-en-la-copa-davis-creo-que-merezco-estar-entre-los-cuatro-mejores-del-pais","status":"publish","type":"post","link":"https:\/\/www.europesays.com\/es\/191525\/","title":{"rendered":"Davidovich estalla tras su desplante en la Copa Davis: \u00abCreo que merezco estar entre los cuatro mejores del pa\u00eds\u00bb"},"content":{"rendered":"<p class=\"parrafo\"><strong>David Ferrer ya ha hecho oficial su convocatoria de los tenistas espa\u00f1oles que representar\u00e1n a Espa\u00f1a en la fase final de la Copa Davis<\/strong>.<a href=\"https:\/\/www.estadiodeportivo.com\/tenis\/carlos-alcaraz-volvera-pelear-por-copa-davis-lista-completa-espana-para-final-bolonia-20251020-517156.html\" target=\"_blank\" class=\"intext-link\" rel=\"nofollow noopener\"> Carlos Alcaraz se convierte en el l\u00edder de la &#8216;Armada&#8217; para los \u00faltimos partidos de esta competici\u00f3n<\/a> por pa\u00edses. Sin embargo, hay una ausencia muy notable en la lista que es la de Alejandro Davidovich. <\/p>\n<p class=\"parrafo\">El malague\u00f1o ha firmado este a\u00f1o su mejor temporada en el tenis, qued\u00e1ndose a las puertas de conseguir su primer t\u00edtulo en la ATP pero siendo capaz de destacar en las grandes citas del calendario y poner en apuros a los mejores tenistas del ranking. Por ello, <strong>ha sido una aut\u00e9ntica sorpresa que no est\u00e9 incluido para la Copa Davis. Y Davidovich no ha dejado pasar la oportunidad de mostrar su disconformidad con esta decisi\u00f3n. <\/strong><\/p>\n<p><a class=\"elementos-rel-t2\" href=\"https:\/\/www.estadiodeportivo.com\/tenis\/jannik-sinner-prepara-asalto-carlos-alcaraz-por-numero-20251021-517260.html\" title=\"Jannik Sinner ya prepara el asalto a Carlos Alcaraz por el n\u00famero 1\" rel=\"nofollow noopener\" target=\"_blank\">Jannik Sinner ya prepara el asalto a Carlos Alcaraz por el n\u00famero 1<img decoding=\"async\" src=\"https:\/\/www.europesays.com\/es\/wp-content\/uploads\/2025\/10\/6787a8ac-2223-48e8-b2ab-a5c62402a62a_320x180.jpeg\" alt=\"Jannik Sinner ya prepara el asalto a Carlos Alcaraz por el n\u00famero 1\"\/><\/a><a class=\"elementos-rel-t2\" href=\"https:\/\/www.estadiodeportivo.com\/tenis\/jessica-bouzas-cabeza-serie-caer-primera-ronda-canton-20251021-517270.html\" title=\"Jessica Bouzas, de cabeza de serie a caer en primera ronda en Cant\u00f3n\" rel=\"nofollow noopener\" target=\"_blank\">Jessica Bouzas, de cabeza de serie a caer en primera ronda en Cant\u00f3n<img decoding=\"async\" src=\"https:\/\/www.europesays.com\/es\/wp-content\/uploads\/2025\/10\/f1d4dc43-d7c2-450b-94aa-e7cbf1c72d61_320x180.jpeg\" alt=\"Jessica Bouzas, de cabeza de serie a caer en primera ronda en Cant\u00f3n\"\/><\/a><a class=\"elementos-rel-t2\" href=\"https:\/\/www.estadiodeportivo.com\/tenis\/carlos-alcaraz-volvera-pelear-por-copa-davis-lista-completa-espana-para-final-bolonia-20251020-517156.html\" title=\"Carlos Alcaraz volver\u00e1 a pelear por la Copa Davis: lista completa de Espa\u00f1a para la final en Bolonia\" rel=\"nofollow noopener\" target=\"_blank\">Carlos Alcaraz volver\u00e1 a pelear por la Copa Davis: lista completa de Espa\u00f1a para la final en Bolonia<img decoding=\"async\" src=\"https:\/\/www.europesays.com\/es\/wp-content\/uploads\/2025\/10\/7c500482-cdde-41ac-b7c9-66ef8e204ba8_320x180.jpeg\" alt=\"Carlos Alcaraz volver\u00e1 a pelear por la Copa Davis: lista completa de Espa\u00f1a para la final en Bolonia\"\/><\/a>Davidovich rompe el silencio sobre su ausencia en la Copa Davis<\/p>\n<p class=\"parrafo\"><strong>\u00abHa sido una decisi\u00f3n del capit\u00e1n David Ferrer y la respeto. Obviamente, me hubiera encantado estar en la lista representando a mi pa\u00eds, pero esta vez \u00e9l ha decidido contar con otros jugadores\u00bb<\/strong> ha sido el primer pensamiento de Davidovich despu\u00e9s de que David Ferrer decidiera no incluirle en la lista para la ronda final a 8 de la Copa Davis, tal y como ha confesado en &#8216;Marca&#8217;. <\/p>\n<p class=\"parrafo\">Al malague\u00f1o le cost\u00f3 entender esta decisi\u00f3n ya que ha firmado una temporada incre\u00edble, tal y como \u00e9l mismo reconoce. <strong>\u00abEstoy en mi mejor ranking, el n\u00famero 18 del mundo y soy el n\u00famero dos espa\u00f1ol<\/strong>. Me siento muy orgulloso del trabajo que he hecho junto con mi equipo este a\u00f1o\u00bb asegura &#8216;Foki&#8217;, qui\u00e9n se ha convertido en uno de los nombres destacados de los torneos. <\/p>\n<p class=\"parrafo\"><strong>\u00abEstando n\u00famero 18 del mundo, creo que merec\u00eda estar entre los cuatro mejores jugadores de mi pa\u00eds, con todo el respeto hacia mis compa\u00f1eros,<\/strong> que como he dicho son grandes jugadores tambi\u00e9n\u00bb explica Davidovich, qui\u00e9n cree que ha hecho m\u00e9ritos de sobre, aunque respeta la decisi\u00f3n de Ferrer. \u00abAhora, mi objetivo es centrarme en lo que queda de la temporada y prepararme para llegar al m\u00e1ximo nivel el pr\u00f3ximo a\u00f1o\u00bb a\u00f1ade el malague\u00f1o, dejando a un lado este torneo por pa\u00edses y centr\u00e1ndose en los \u00faltimos eventos del calendario regular. <\/p>\n<p><img decoding=\"async\" src=\"https:\/\/www.europesays.com\/es\/wp-content\/uploads\/2025\/10\/e1f1817e-548f-4827-a3ff-bd01f0a48971_800x536.jpeg\" loading=\"lazy\"\/>As\u00ed fue la conversaci\u00f3n entre Ferrer y Davidovich sobre la Copa Davis <\/p>\n<p class=\"parrafo\">La parte positiva es que Davidovich no se ha enterado de este &#8216;desplante&#8217; tras la oficializaci\u00f3n de la lista si no que el propio Ferrer se lo quiso comunicar de forma personal. <strong>\u00abDavid me llam\u00f3 hace una semana para comunicarme que no contar\u00eda conmigo en la primera lista<\/strong>. Antes de esa llamada ya le hab\u00eda dicho que contara conmigo.<strong> Para m\u00ed siempre ser\u00e1 un orgullo representar a Espa\u00f1a, pero al final fue su decisi\u00f3n y la acept\u00e9\u00bb<\/strong> ha confesado &#8216;Foki&#8217;, que a pesar de su baja para esta final de la Copa Davis, sigue reconociendo su inter\u00e9s por representar a Espa\u00f1a. <\/p>\n<p>Carlo Alcaraz, l\u00edder de Espa\u00f1a para las finales de la Copa Davis<\/p>\n<p class=\"parrafo\"><strong>Ser\u00e1 Carlos Alcaraz el nombre m\u00e1s destacado<\/strong> de &#8216;La Armada&#8217; en esta b\u00fasqueda de la &#8216;ensaladera&#8217; en Bolonia. El murciano, n\u00famero uno del mundo, <strong>acompa\u00f1ar\u00e1 a Jaume Munar, Pedro Mart\u00ednez y Marcel Granollers. <\/strong><\/p>\n<p class=\"parrafo\">Adem\u00e1s, a\u00fan queda por confirmar un quinto tenista por confirmar, ya que <a href=\"https:\/\/www.estadiodeportivo.com\/tenis\/carlos-alcaraz-volvera-pelear-por-copa-davis-lista-completa-espana-para-final-bolonia-20251020-517156.html\" target=\"_blank\" class=\"intext-link\" rel=\"nofollow noopener\">David Ferrer no elegir\u00e1 al candidato que complete el equipo espa\u00f1ol hasta la semana anterior al inicio de la competici\u00f3n<\/a>, aunque todas las apuestas colocan a Pablo Carre\u00f1o. <strong>Esta ronda final de la Copa Davis dar\u00e1 inicio el pr\u00f3ximo 19 de noviembre y se alargar\u00e1 hasta el d\u00eda 23,<\/strong> en el que se celebre la gran final. <\/p>\n","protected":false},"excerpt":{"rendered":"David Ferrer ya ha hecho oficial su convocatoria de los tenistas espa\u00f1oles que representar\u00e1n a Espa\u00f1a en la&hellip;\n","protected":false},"author":2,"featured_media":191526,"comment_status":"","ping_status":"","sticky":false,"template":"","format":"standard","meta":{"footnotes":""},"categories":[274],"tags":[545,13877,9482,2911,168,25,24,284,23,167,327,326],"class_list":{"0":"post-191525","1":"post","2":"type-post","3":"status-publish","4":"format-standard","5":"has-post-thumbnail","7":"category-tenis","8":"tag-carlos-alcaraz","9":"tag-copa-davis","10":"tag-david-ferrer","11":"tag-davidovich","12":"tag-deportes","13":"tag-es","14":"tag-espana","15":"tag-estadio-deportivo","16":"tag-spain","17":"tag-sports","18":"tag-tenis","19":"tag-tennis"},"share_on_mastodon":{"url":"https:\/\/pubeurope.com\/@es\/115412211518161130","error":""},"_links":{"self":[{"href":"https:\/\/www.europesays.com\/es\/wp-json\/wp\/v2\/posts\/191525","targetHints":{"allow":["GET"]}}],"collection":[{"href":"https:\/\/www.europesays.com\/es\/wp-json\/wp\/v2\/posts"}],"about":[{"href":"https:\/\/www.europesays.com\/es\/wp-json\/wp\/v2\/types\/post"}],"author":[{"embeddable":true,"href":"https:\/\/www.europesays.com\/es\/wp-json\/wp\/v2\/users\/2"}],"replies":[{"embeddable":true,"href":"https:\/\/www.europesays.com\/es\/wp-json\/wp\/v2\/comments?post=191525"}],"version-history":[{"count":0,"href":"https:\/\/www.europesays.com\/es\/wp-json\/wp\/v2\/posts\/191525\/revisions"}],"wp:featuredmedia":[{"embeddable":true,"href":"https:\/\/www.europesays.com\/es\/wp-json\/wp\/v2\/media\/191526"}],"wp:attachment":[{"href":"https:\/\/www.europesays.com\/es\/wp-json\/wp\/v2\/media?parent=191525"}],"wp:term":[{"taxonomy":"category","embeddable":true,"href":"https:\/\/www.europesays.com\/es\/wp-json\/wp\/v2\/categories?post=191525"},{"taxonomy":"post_tag","embeddable":true,"href":"https:\/\/www.europesays.com\/es\/wp-json\/wp\/v2\/tags?post=191525"}],"curies":[{"name":"wp","href":"https:\/\/api.w.org\/{rel}","templated":true}]}}