{"id":191537,"date":"2025-10-21T12:47:26","date_gmt":"2025-10-21T12:47:26","guid":{"rendered":"https:\/\/www.europesays.com\/es\/191537\/"},"modified":"2025-10-21T12:47:26","modified_gmt":"2025-10-21T12:47:26","slug":"casa-taipa-studio-valeria-gontijo","status":"publish","type":"post","link":"https:\/\/www.europesays.com\/es\/191537\/","title":{"rendered":"Casa Taipa \/ Studio [+] Val\u00e9ria Gontijo"},"content":{"rendered":"<p><a class=\"js-image-size__link \" href=\"https:\/\/www.archdaily.cl\/cl\/1035225\/casa-taipa-studio-plus-valeria-gontijo\/68efee99d88c700de72185c2-taipa-residence-studio-plus-valeria-gontijo-photo\" rel=\"attachment nofollow noopener\" style=\"width: 100%; height: 100%;\" target=\"_blank\"><img decoding=\"async\" alt=\"Casa Taipa \/ Studio [+] Val\u00e9ria Gontijo - Fotograf\u00eda exterior, Jard\u00edn\" data-nr-picture-id=\"68efee99d88c700de72185c2\" fetchpriority=\"high\" height=\"381\" itemprop=\"image\" loading=\"eager\" longdesc=\"https:\/\/www.archdaily.cl\/cl\/1035225\/casa-taipa-studio-plus-valeria-gontijo\/68efee99d88c700de72185c2-taipa-residence-studio-plus-valeria-gontijo-photo\" src=\"https:\/\/www.europesays.com\/es\/wp-content\/uploads\/2025\/10\/casa-taipa-studio-plus-valeria-gontijo_2.jpg\" style=\"min-height: var(--featured-height, auto); aspect-ratio: auto 640 \/ 381\" width=\"640\"\/><\/a>\u00a9 Front<\/p>\n<p class=\"thumbs afd-desktop-e clearfix\"><a class=\"thumbs__link\" data-nr-picture-id=\"68efee9dd88c70385b3df7d3\" href=\"https:\/\/www.archdaily.cl\/cl\/1035225\/casa-taipa-studio-plus-valeria-gontijo\/68efee9dd88c70385b3df7d3-taipa-residence-studio-plus-valeria-gontijo-photo\" rel=\"attachment nofollow noopener\" target=\"_blank\"><img loading=\"lazy\" decoding=\"async\" alt=\"Casa Taipa \/ Studio [+] Val\u00e9ria Gontijo - Fotograf\u00eda interior, Comedor, Madera, Mesas, Sillones, Sillas\" class=\"thumbs__img b-lazy\" data-nr-picture-id=\"68efee9dd88c70385b3df7d3\" data-pin-nopin=\"true\" src=\"https:\/\/www.europesays.com\/es\/wp-content\/uploads\/2025\/10\/casa-taipa-studio-plus-valeria-gontijo_13.jpg\" height=\"125\" longdesc=\"https:\/\/www.archdaily.cl\/cl\/1035225\/casa-taipa-studio-plus-valeria-gontijo\/68efee9dd88c70385b3df7d3-taipa-residence-studio-plus-valeria-gontijo-photo\" title=\"\u00a9 Front\" width=\"125\"\/><\/a><a class=\"thumbs__link\" data-nr-picture-id=\"68efee99d88c700de72185c3\" href=\"https:\/\/www.archdaily.cl\/cl\/1035225\/casa-taipa-studio-plus-valeria-gontijo\/68efee99d88c700de72185c3-taipa-residence-studio-plus-valeria-gontijo-photo\" rel=\"attachment nofollow noopener\" target=\"_blank\"><img loading=\"lazy\" decoding=\"async\" alt=\"Casa Taipa \/ Studio [+] Val\u00e9ria Gontijo - Fotograf\u00eda interior, Madera\" class=\"thumbs__img b-lazy\" data-nr-picture-id=\"68efee99d88c700de72185c3\" data-pin-nopin=\"true\" src=\"https:\/\/www.europesays.com\/es\/wp-content\/uploads\/2025\/10\/casa-taipa-studio-plus-valeria-gontijo_18.jpg\" height=\"125\" longdesc=\"https:\/\/www.archdaily.cl\/cl\/1035225\/casa-taipa-studio-plus-valeria-gontijo\/68efee99d88c700de72185c3-taipa-residence-studio-plus-valeria-gontijo-photo\" title=\"\u00a9 Front\" width=\"125\"\/><\/a><a class=\"thumbs__link\" data-nr-picture-id=\"68efee9bd88c70385b3df7d0\" href=\"https:\/\/www.archdaily.cl\/cl\/1035225\/casa-taipa-studio-plus-valeria-gontijo\/68efee9bd88c70385b3df7d0-taipa-residence-studio-plus-valeria-gontijo-photo\" rel=\"attachment nofollow noopener\" target=\"_blank\"><img loading=\"lazy\" decoding=\"async\" alt=\"Casa Taipa \/ Studio [+] Val\u00e9ria Gontijo - Fotograf\u00eda interior, Dormitorio, Madera, Sillas\" class=\"thumbs__img b-lazy\" data-nr-picture-id=\"68efee9bd88c70385b3df7d0\" data-pin-nopin=\"true\" src=\"https:\/\/www.europesays.com\/es\/wp-content\/uploads\/2025\/10\/casa-taipa-studio-plus-valeria-gontijo_31.jpg\" height=\"125\" longdesc=\"https:\/\/www.archdaily.cl\/cl\/1035225\/casa-taipa-studio-plus-valeria-gontijo\/68efee9bd88c70385b3df7d0-taipa-residence-studio-plus-valeria-gontijo-photo\" title=\"\u00a9 Front\" width=\"125\"\/><\/a><a class=\"thumbs__link\" data-nr-picture-id=\"68efee9cd88c700de72185c4\" href=\"https:\/\/www.archdaily.cl\/cl\/1035225\/casa-taipa-studio-plus-valeria-gontijo\/68efee9cd88c700de72185c4-taipa-residence-studio-plus-valeria-gontijo-photo\" rel=\"attachment nofollow noopener\" target=\"_blank\"><img loading=\"lazy\" decoding=\"async\" alt=\"Casa Taipa \/ Studio [+] Val\u00e9ria Gontijo - Imagen 5 de 36\" class=\"thumbs__img b-lazy\" data-nr-picture-id=\"68efee9cd88c700de72185c4\" data-pin-nopin=\"true\" src=\"https:\/\/www.europesays.com\/es\/wp-content\/uploads\/2025\/10\/casa-taipa-studio-plus-valeria-gontijo_21.jpg\" height=\"125\" longdesc=\"https:\/\/www.archdaily.cl\/cl\/1035225\/casa-taipa-studio-plus-valeria-gontijo\/68efee9cd88c700de72185c4-taipa-residence-studio-plus-valeria-gontijo-photo\" title=\"\u00a9 Front\" width=\"125\"\/><\/a><a class=\"gallery-link afd-desktop-e\" href=\"https:\/\/www.archdaily.cl\/cl\/1035225\/casa-taipa-studio-plus-valeria-gontijo\/68efee99d88c700de72185c2-taipa-residence-studio-plus-valeria-gontijo-photo\" rel=\"nofollow noopener\" target=\"_blank\"><img decoding=\"async\" alt=\"Casa Taipa \/ Studio [+] Val\u00e9ria Gontijo - M\u00e1s Im\u00e1genes\" class=\"thumbs__img b-lazy\" src=\"https:\/\/www.europesays.com\/es\/wp-content\/uploads\/2025\/10\/casa-taipa-studio-plus-valeria-gontijo_2.jpg\" itemprop=\"image\" bad-src=\"data:image\/gif;base64,R0lGODlhAQABAIAAAAUEBAAAACwAAAAAAQABAAACAkQBADs=\"\/>+ 31<\/a><\/p>\n<p>    Compartir<\/p>\n<p>Compartir<\/p>\n<ul class=\"afd-share__networks clearfix\">\n<li class=\"afd-share__social\"><a aria-label=\"Facebook\" class=\"afd-share__button\" data-insights-category=\"share\" data-insights-label=\"facebook_sharing_options\" data-insights-value=\"1035225\" data-social=\"facebook\" href=\"https:\/\/www.facebook.com\/sharer\/sharer.php?u=https:\/\/www.archdaily.cl\/cl\/1035225\/casa-taipa-studio-plus-valeria-gontijo\" rel=\"nofollow noopener\" target=\"_blank\"><\/a>\n<p>Facebook<\/p>\n<\/li>\n<li class=\"afd-share__social\"><a aria-label=\"Twitter\" class=\"afd-share__button\" data-insights-category=\"share\" data-insights-label=\"twitter_sharing_options\" data-insights-value=\"1035225\" data-social=\"twitter\" href=\"https:\/\/twitter.com\/intent\/tweet?text=Casa%20Taipa%20%2F%20Studio%20%5B%2B%5D%20Val%C3%A9ria%20Gontijo&amp;url=https:\/\/www.archdaily.cl\/cl\/1035225\/casa-taipa-studio-plus-valeria-gontijo&amp;via=parq\" rel=\"nofollow noopener\" target=\"_blank\"><\/a>\n<p>Twitter<\/p>\n<\/li>\n<li class=\"afd-share__social\"><a class=\"afd-share__button\" data-insights-category=\"share\" data-insights-label=\"email_sharing_options\" data-insights-value=\"1035225\" data-social=\"email\" href=\"mailto:?subject=Casa Taipa \/ Studio [+] Val\u00e9ria Gontijo&amp;body=https:\/\/www.archdaily.cl\/cl\/1035225\/casa-taipa-studio-plus-valeria-gontijo\"><\/a>\n<p>Mail<\/p>\n<\/li>\n<li class=\"afd-share__social\"><a aria-label=\"Pinterest\" class=\"afd-share__button\" data-insights-category=\"share\" data-insights-label=\"pinterest_sharing_options\" data-insights-value=\"1035225\" data-social=\"pinterest\" href=\"https:\/\/pinterest.com\/pin\/create\/button\/?url=https%3A%2F%2Fwww.archdaily.cl%2Fcl%2F1035225%2Fcasa-taipa-studio-plus-valeria-gontijo&amp;media=https%3A%2F%2Fimages.adsttc.com%2Fmedia%2Fimages%2F68ef%2Fee99%2Fd88c%2F700d%2Fe721%2F85c2%2Flarge_jpg%2Fcasa-taipa-studio-plus-valeria-gontijo_2.jpg%3F1760554660&amp;description=Casa%20Taipa%20%2F%20Studio%20%5B%2B%5D%20Val%C3%A9ria%20Gontijo\" rel=\"nofollow noopener\" target=\"_blank\"><\/a>\n<p>Pinterest<\/p>\n<\/li>\n<li class=\"afd-share__social\"><a aria-label=\"Whatsapp\" class=\"afd-share__button\" data-action=\"share\/whatsapp\/share\" data-insights-category=\"share\" data-insights-label=\"whatsapp_sharing_options\" data-insights-value=\"1035225\" data-social=\"whatsapp\" href=\"whatsapp:\/\/send?text=Casa+Taipa+%2F+Studio+%5B%2B%5D+Val%C3%A9ria+Gontijo+%7C+https%3A%2F%2Fwww.archdaily.cl%2Fcl%2F1035225%2Fcasa-taipa-studio-plus-valeria-gontijo%3Futm_source%3DWhatsapp%26utm_medium%3DIM%26utm_campaign%3Dshare-button\" rel=\"nofollow\"><\/a>\n<p>Whatsapp<\/p>\n<\/li>\n<\/ul>\n<p>O<\/p>\n<p>https:\/\/www.archdaily.cl\/cl\/1035225\/casa-taipa-studio-plus-valeria-gontijo<\/p>\n<p>  Portapapeles<\/p>\n<p>              \u00abCOPY\u00bb<\/p>\n<p>Copiar<br \/>\n<a class=\"js-image-size__link lazy-anchor\" href=\"https:\/\/www.archdaily.cl\/cl\/1035225\/casa-taipa-studio-plus-valeria-gontijo\/68efee9998525e12fb6d69ee-taipa-residence-studio-plus-valeria-gontijo-photo\" rel=\"nofollow noopener\" target=\"_blank\"><img decoding=\"async\" alt=\"Casa Taipa \/ Studio [+] Val\u00e9ria Gontijo - Imagen 28 de 36\" data-nr-picture-id=\"68efee9998525e12fb6d69ee\" height=\"427\" itemprop=\"image\" loading=\"lazy\" longdesc=\"https:\/\/www.archdaily.cl\/cl\/1035225\/casa-taipa-studio-plus-valeria-gontijo\/68efee9998525e12fb6d69ee-taipa-residence-studio-plus-valeria-gontijo-photo\" src=\"https:\/\/www.europesays.com\/es\/wp-content\/uploads\/2025\/10\/casa-taipa-studio-plus-valeria-gontijo_3.jpg\" width=\"640\"\/>\u00a9 Front<\/a><\/p>\n<p>Descripci\u00f3n enviada por el equipo del proyecto. Arquitectura vern\u00e1cula con lenguaje contempor\u00e1neo: tapia y minimalismo en un proyecto de 620m\u00b2 en Brasilia.<\/p>\n<p><a class=\"js-image-size__link lazy-anchor\" href=\"https:\/\/www.archdaily.cl\/cl\/1035225\/casa-taipa-studio-plus-valeria-gontijo\/68efee9998525e12fb6d69ef-taipa-residence-studio-plus-valeria-gontijo-photo\" rel=\"nofollow noopener\" target=\"_blank\"><img decoding=\"async\" alt=\"Casa Taipa \/ Studio [+] Val\u00e9ria Gontijo - Imagen 7 de 36\" data-nr-picture-id=\"68efee9998525e12fb6d69ef\" height=\"427\" itemprop=\"image\" loading=\"lazy\" longdesc=\"https:\/\/www.archdaily.cl\/cl\/1035225\/casa-taipa-studio-plus-valeria-gontijo\/68efee9998525e12fb6d69ef-taipa-residence-studio-plus-valeria-gontijo-photo\" src=\"https:\/\/www.europesays.com\/es\/wp-content\/uploads\/2025\/10\/casa-taipa-studio-plus-valeria-gontijo_6.jpg\" width=\"640\"\/>\u00a9 Front<\/a><\/p>\n<p>Dise\u00f1ada por Val\u00e9ria Gontijo + Arquitectos, la Casa Taipa es un manifiesto por una arquitectura m\u00e1s sensorial, integrada y arraigada en su entorno. Ubicada en una chacra en Lago Sul, en <a href=\"https:\/\/www.archdaily.cl\/cl\/tag\/brasilia\" rel=\"nofollow noopener\" target=\"_blank\">Brasilia<\/a>, la residencia de una planta fue encargada por una pareja que buscaba un <strong>refugio compacto, funcional y absolutamente conectado al paisaje.<\/strong> El terreno en declive, con vista privilegiada al Lago Parano\u00e1, ofreci\u00f3 el punto de partida para una creaci\u00f3n audaz: una casa en L que respeta la escala del entorno y valora la materialidad como experiencia.<\/p>\n<p><a class=\"js-image-size__link lazy-anchor\" href=\"https:\/\/www.archdaily.cl\/cl\/1035225\/casa-taipa-studio-plus-valeria-gontijo\/68efee9a98525e12fb6d69f0-taipa-residence-studio-plus-valeria-gontijo-photo\" rel=\"nofollow noopener\" target=\"_blank\"><img decoding=\"async\" alt=\"Casa Taipa \/ Studio [+] Val\u00e9ria Gontijo - Fotograf\u00eda interior, Madera\" data-nr-picture-id=\"68efee9a98525e12fb6d69f0\" height=\"427\" itemprop=\"image\" loading=\"lazy\" longdesc=\"https:\/\/www.archdaily.cl\/cl\/1035225\/casa-taipa-studio-plus-valeria-gontijo\/68efee9a98525e12fb6d69f0-taipa-residence-studio-plus-valeria-gontijo-photo\" src=\"https:\/\/www.europesays.com\/es\/wp-content\/uploads\/2025\/10\/casa-taipa-studio-plus-valeria-gontijo_10.jpg\" width=\"640\"\/>\u00a9 Front<\/a><a class=\"js-image-size__link lazy-anchor\" href=\"https:\/\/www.archdaily.cl\/cl\/1035225\/casa-taipa-studio-plus-valeria-gontijo\/68efee9b98525e12fb6d69f3-taipa-residence-studio-plus-valeria-gontijo-photo\" rel=\"nofollow noopener\" target=\"_blank\"><img decoding=\"async\" alt=\"Casa Taipa \/ Studio [+] Val\u00e9ria Gontijo - Imagen 9 de 36\" data-nr-picture-id=\"68efee9b98525e12fb6d69f3\" height=\"427\" itemprop=\"image\" loading=\"lazy\" longdesc=\"https:\/\/www.archdaily.cl\/cl\/1035225\/casa-taipa-studio-plus-valeria-gontijo\/68efee9b98525e12fb6d69f3-taipa-residence-studio-plus-valeria-gontijo-photo\" src=\"https:\/\/www.europesays.com\/es\/wp-content\/uploads\/2025\/10\/casa-taipa-studio-plus-valeria-gontijo_11.jpg\" width=\"640\"\/>\u00a9 Front<\/a><\/p>\n<p><strong>La elecci\u00f3n de la t\u00e9cnica constructiva \u2014tapia de pil\u00f3n\u2014 define la identidad del proyecto.<\/strong> T\u00e9cnica ancestral y vern\u00e1cula, la tapia implica el uso de tierra cruda compactada en moldes de madera, aprovechando el suelo del propio lugar. Adem\u00e1s de ser sostenible, la soluci\u00f3n tambi\u00e9n ofrece un excelente rendimiento t\u00e9rmico y ac\u00fastico, creando un ambiente naturalmente confortable. \u00abLa tapia nos atrajo precisamente por salir del lugar com\u00fan del concreto y la piedra\u00bb, afirma Val\u00e9ria. \u00abQuer\u00edamos algo m\u00e1s experimental, pero a\u00fan as\u00ed con formas puras.\u00bb<\/p>\n<p><a class=\"js-image-size__link lazy-anchor\" href=\"https:\/\/www.archdaily.cl\/cl\/1035225\/casa-taipa-studio-plus-valeria-gontijo\/68efee9dd88c70385b3df7d4-taipa-residence-studio-plus-valeria-gontijo-photo\" rel=\"nofollow noopener\" target=\"_blank\"><img decoding=\"async\" alt=\"Casa Taipa \/ Studio [+] Val\u00e9ria Gontijo - Imagen 14 de 36\" data-nr-picture-id=\"68efee9dd88c70385b3df7d4\" height=\"427\" itemprop=\"image\" loading=\"lazy\" longdesc=\"https:\/\/www.archdaily.cl\/cl\/1035225\/casa-taipa-studio-plus-valeria-gontijo\/68efee9dd88c70385b3df7d4-taipa-residence-studio-plus-valeria-gontijo-photo\" src=\"https:\/\/www.europesays.com\/es\/wp-content\/uploads\/2025\/10\/casa-taipa-studio-plus-valeria-gontijo_17.jpg\" width=\"640\"\/>\u00a9 Front<\/a><a class=\"js-image-size__link lazy-anchor\" href=\"https:\/\/www.archdaily.cl\/cl\/1035225\/casa-taipa-studio-plus-valeria-gontijo\/68efee9dd88c70385b3df7d3-taipa-residence-studio-plus-valeria-gontijo-photo\" rel=\"nofollow noopener\" target=\"_blank\"><img decoding=\"async\" alt=\"Casa Taipa \/ Studio [+] Val\u00e9ria Gontijo - Fotograf\u00eda interior, Comedor, Madera, Mesas, Sillones, Sillas\" data-nr-picture-id=\"68efee9dd88c70385b3df7d3\" height=\"427\" itemprop=\"image\" loading=\"lazy\" longdesc=\"https:\/\/www.archdaily.cl\/cl\/1035225\/casa-taipa-studio-plus-valeria-gontijo\/68efee9dd88c70385b3df7d3-taipa-residence-studio-plus-valeria-gontijo-photo\" src=\"https:\/\/www.europesays.com\/es\/wp-content\/uploads\/2025\/10\/1761050843_482_casa-taipa-studio-plus-valeria-gontijo_13.jpg\" width=\"640\"\/>\u00a9 Front<\/a><\/p>\n<p>Concebida para ser vivida en su totalidad, la casa presenta un programa austero e integrado: dos suites, un sal\u00f3n conectado al espacio gourmet, cocina, lavander\u00eda, terraza cubierta, garaje para dos autos y piscina. Cada ambiente fue dise\u00f1ado para favorecer la convivencia, con techos bajos y una atm\u00f3sfera acogedora, <strong>como un refugio de tierra, madera y luz natural. <\/strong>Los materiales se eligieron para conformar una paleta t\u00e1ctil: granito r\u00fastico en el piso, madera reciclada, cerramientos de biribinha y una decoraci\u00f3n que combina rusticidad y confort con una gestualidad sencilla<\/p>\n<p><a class=\"js-image-size__link lazy-anchor\" href=\"https:\/\/www.archdaily.cl\/cl\/1035225\/casa-taipa-studio-plus-valeria-gontijo\/68efee9bd88c70385b3df7d0-taipa-residence-studio-plus-valeria-gontijo-photo\" rel=\"nofollow noopener\" target=\"_blank\"><img decoding=\"async\" alt=\"Casa Taipa \/ Studio [+] Val\u00e9ria Gontijo - Fotograf\u00eda interior, Dormitorio, Madera, Sillas\" data-nr-picture-id=\"68efee9bd88c70385b3df7d0\" height=\"427\" itemprop=\"image\" loading=\"lazy\" longdesc=\"https:\/\/www.archdaily.cl\/cl\/1035225\/casa-taipa-studio-plus-valeria-gontijo\/68efee9bd88c70385b3df7d0-taipa-residence-studio-plus-valeria-gontijo-photo\" src=\"https:\/\/www.europesays.com\/es\/wp-content\/uploads\/2025\/10\/1761050844_285_casa-taipa-studio-plus-valeria-gontijo_31.jpg\" width=\"640\"\/>\u00a9 Front<\/a><\/p>\n<p>El espacio gourmet, integrado al \u00e1rea social, refleja la pasi\u00f3n de los habitantes por la cocina. En lugar de separar, conecta. Como explica Val\u00e9ria, \u00abla casa tiene este papel de recibir, de celebrar. Todo all\u00ed es sensorial. Sientes la textura de las paredes, el sonido amortiguado del interior, la luz entrando de forma suave \u2014 es una casa que envuelve.\u00bb<\/p>\n<p><a class=\"js-image-size__link lazy-anchor\" href=\"https:\/\/www.archdaily.cl\/cl\/1035225\/casa-taipa-studio-plus-valeria-gontijo\/68efeea1d88c70385b3df7dc-taipa-residence-studio-plus-valeria-gontijo-ground-floor-plan\" rel=\"nofollow noopener\" target=\"_blank\"><img decoding=\"async\" alt=\"Casa Taipa \/ Studio [+] Val\u00e9ria Gontijo - Imagen 30 de 36\" data-nr-picture-id=\"68efeea1d88c70385b3df7dc\" height=\"427\" itemprop=\"image\" loading=\"lazy\" longdesc=\"https:\/\/www.archdaily.cl\/cl\/1035225\/casa-taipa-studio-plus-valeria-gontijo\/68efeea1d88c70385b3df7dc-taipa-residence-studio-plus-valeria-gontijo-ground-floor-plan\" src=\"https:\/\/www.europesays.com\/es\/wp-content\/uploads\/2025\/10\/casa-taipa-diagrama-planta-baixa-com-texto-6.jpg\" width=\"640\"\/>Planta Baja<\/a><a class=\"js-image-size__link lazy-anchor\" href=\"https:\/\/www.archdaily.cl\/cl\/1035225\/casa-taipa-studio-plus-valeria-gontijo\/68efeea198525e1a015032e0-taipa-residence-studio-plus-valeria-gontijo-sections\" rel=\"nofollow noopener\" target=\"_blank\"><img decoding=\"async\" alt=\"Casa Taipa \/ Studio [+] Val\u00e9ria Gontijo - Imagen 32 de 36\" data-nr-picture-id=\"68efeea198525e1a015032e0\" height=\"427\" itemprop=\"image\" loading=\"lazy\" longdesc=\"https:\/\/www.archdaily.cl\/cl\/1035225\/casa-taipa-studio-plus-valeria-gontijo\/68efeea198525e1a015032e0-taipa-residence-studio-plus-valeria-gontijo-sections\" src=\"https:\/\/www.europesays.com\/es\/wp-content\/uploads\/2025\/10\/casa-taipa-diagrama-cortes-sem-texto-1.jpg\" width=\"640\"\/>Cortes<\/a><\/p>\n<p>La ejecuci\u00f3n de la tapia fue realizada por mano de obra local, con orientaci\u00f3n t\u00e9cnica del propio cliente, quien se involucr\u00f3 personalmente en el proceso. El prototipo inicial fue desarrollado a partir de investigaciones con especialistas en S\u00e3o Paulo, pero la obra fue concretada en <a href=\"https:\/\/www.archdaily.cl\/cl\/tag\/brasilia\" rel=\"nofollow noopener\" target=\"_blank\">Brasilia<\/a> <strong>por profesionales que trabajan con t\u00e9cnicas constructivas alternativas en la regi\u00f3n, como en la Chapada dos Veadeiros.<\/strong><\/p>\n<p><a class=\"js-image-size__link lazy-anchor\" href=\"https:\/\/www.archdaily.cl\/cl\/1035225\/casa-taipa-studio-plus-valeria-gontijo\/68efee9ed88c70385b3df7d8-taipa-residence-studio-plus-valeria-gontijo-photo\" rel=\"nofollow noopener\" target=\"_blank\"><img decoding=\"async\" alt=\"Casa Taipa \/ Studio [+] Val\u00e9ria Gontijo - Imagen 16 de 36\" data-nr-picture-id=\"68efee9ed88c70385b3df7d8\" height=\"427\" itemprop=\"image\" loading=\"lazy\" longdesc=\"https:\/\/www.archdaily.cl\/cl\/1035225\/casa-taipa-studio-plus-valeria-gontijo\/68efee9ed88c70385b3df7d8-taipa-residence-studio-plus-valeria-gontijo-photo\" src=\"https:\/\/www.europesays.com\/es\/wp-content\/uploads\/2025\/10\/casa-taipa-studio-plus-valeria-gontijo_20.jpg\" width=\"640\"\/>\u00a9 Front<\/a><\/p>\n<p>La Casa Taipa es la primera de cuatro residencias dise\u00f1adas para un condominio familiar en la misma chacra. Inaugura una serie de casas donde la b\u00fasqueda es por originalidad, simplicidad y permanencia. Al <strong>combinar una t\u00e9cnica milenaria con un dise\u00f1o contempor\u00e1neo y una curadur\u00eda precisa de materiales y usos<\/strong>, el proyecto propone una forma actual de habitar: consciente, sensible y profundamente brasile\u00f1a.<\/p>\n<p><a class=\"js-image-size__link lazy-anchor\" href=\"https:\/\/www.archdaily.cl\/cl\/1035225\/casa-taipa-studio-plus-valeria-gontijo\/68efee9c98525e12fb6d69f4-taipa-residence-studio-plus-valeria-gontijo-photo\" rel=\"nofollow noopener\" target=\"_blank\"><img decoding=\"async\" alt=\"Casa Taipa \/ Studio [+] Val\u00e9ria Gontijo - Imagen 17 de 36\" data-nr-picture-id=\"68efee9c98525e12fb6d69f4\" height=\"427\" itemprop=\"image\" loading=\"lazy\" longdesc=\"https:\/\/www.archdaily.cl\/cl\/1035225\/casa-taipa-studio-plus-valeria-gontijo\/68efee9c98525e12fb6d69f4-taipa-residence-studio-plus-valeria-gontijo-photo\" src=\"https:\/\/www.europesays.com\/es\/wp-content\/uploads\/2025\/10\/casa-taipa-studio-plus-valeria-gontijo_22.jpg\" width=\"640\"\/>\u00a9 Front<\/a><script async src=\"https:\/\/platform.twitter.com\/widgets.js\" charset=\"utf-8\"><\/script><\/p>\n","protected":false},"excerpt":{"rendered":"\u00a9 Front + 31 Compartir Compartir Facebook Twitter Mail Pinterest Whatsapp O https:\/\/www.archdaily.cl\/cl\/1035225\/casa-taipa-studio-plus-valeria-gontijo Portapapeles \u00abCOPY\u00bb Copiar \u00a9 Front&hellip;\n","protected":false},"author":2,"featured_media":191538,"comment_status":"","ping_status":"","sticky":false,"template":"","format":"standard","meta":{"footnotes":""},"categories":[173],"tags":[801,802,229,233,231,230,29132,3738,232,234,146,147,25,24,23],"class_list":{"0":"post-191537","1":"post","2":"type-post","3":"status-publish","4":"format-standard","5":"has-post-thumbnail","7":"category-arte-y-diseno","8":"tag-arquitectura","9":"tag-arquitectura-residencial","10":"tag-arte","11":"tag-arte-y-diseno","12":"tag-arts","13":"tag-arts-and-design","14":"tag-brasilia","15":"tag-casas","16":"tag-design","17":"tag-diseno","18":"tag-entertainment","19":"tag-entretenimiento","20":"tag-es","21":"tag-espana","22":"tag-spain"},"share_on_mastodon":{"url":"https:\/\/pubeurope.com\/@es\/115412236285139782","error":""},"_links":{"self":[{"href":"https:\/\/www.europesays.com\/es\/wp-json\/wp\/v2\/posts\/191537","targetHints":{"allow":["GET"]}}],"collection":[{"href":"https:\/\/www.europesays.com\/es\/wp-json\/wp\/v2\/posts"}],"about":[{"href":"https:\/\/www.europesays.com\/es\/wp-json\/wp\/v2\/types\/post"}],"author":[{"embeddable":true,"href":"https:\/\/www.europesays.com\/es\/wp-json\/wp\/v2\/users\/2"}],"replies":[{"embeddable":true,"href":"https:\/\/www.europesays.com\/es\/wp-json\/wp\/v2\/comments?post=191537"}],"version-history":[{"count":0,"href":"https:\/\/www.europesays.com\/es\/wp-json\/wp\/v2\/posts\/191537\/revisions"}],"wp:featuredmedia":[{"embeddable":true,"href":"https:\/\/www.europesays.com\/es\/wp-json\/wp\/v2\/media\/191538"}],"wp:attachment":[{"href":"https:\/\/www.europesays.com\/es\/wp-json\/wp\/v2\/media?parent=191537"}],"wp:term":[{"taxonomy":"category","embeddable":true,"href":"https:\/\/www.europesays.com\/es\/wp-json\/wp\/v2\/categories?post=191537"},{"taxonomy":"post_tag","embeddable":true,"href":"https:\/\/www.europesays.com\/es\/wp-json\/wp\/v2\/tags?post=191537"}],"curies":[{"name":"wp","href":"https:\/\/api.w.org\/{rel}","templated":true}]}}