{"id":191539,"date":"2025-10-21T12:48:35","date_gmt":"2025-10-21T12:48:35","guid":{"rendered":"https:\/\/www.europesays.com\/es\/191539\/"},"modified":"2025-10-21T12:48:35","modified_gmt":"2025-10-21T12:48:35","slug":"esta-escrito-por-alguien-que-no-sabe-escribir-y-a-quien-no-le-gusta-leer","status":"publish","type":"post","link":"https:\/\/www.europesays.com\/es\/191539\/","title":{"rendered":"Est\u00e1 escrito por alguien que no sabe escribir y a quien no le gusta leer"},"content":{"rendered":"<p data-journey-content=\"true\" data-node-id=\"3\" class=\"css-6wxqfj emevuu60\">Cuando tuve el privilegio de <a href=\"https:\/\/www.esquire.com\/es\/actualidad\/cine\/a60823206\/enzo-vogrincic-entrevista-la-sociedad-de-la-nieve-nueva-pelicula\/\" target=\"_blank\" data-vars-ga-outbound-link=\"https:\/\/www.esquire.com\/es\/actualidad\/cine\/a60823206\/enzo-vogrincic-entrevista-la-sociedad-de-la-nieve-nueva-pelicula\/\" data-vars-ga-ux-element=\"Hyperlink\" data-vars-ga-call-to-action=\"entrevistar a Enzo Vogrincic (Montevideo, 1993) hace algo m\u00e1s de un a\u00f1o\" data-node-id=\"3.1\" class=\"body-link css-1kzkd1m emevuu60\" rel=\"nofollow noopener\">entrevistar a Enzo Vogrincic (Montevideo, 1993) hace algo m\u00e1s de un a\u00f1o<\/a>, pocos d\u00edas despu\u00e9s de que pisara la alfombra roja de los Oscar, lo que m\u00e1s me llam\u00f3 la atenci\u00f3n fue su capacidad narrativa, tanto para explicar las experiencias trascendentales y loqu\u00edsimas que estaba viviendo como para bosquejar las estructuras de una industria que trataba de amoldarlo como estrella revelaci\u00f3n. \u00abPocas veces ver\u00e1s a un artista tan due\u00f1o de su narrativa como Enzo Vogrincic\u00bb, dec\u00eda el texto, perd\u00f3n por la autocita. Ahora lo entiendo mejor.<\/p>\n<p data-journey-content=\"true\" data-node-id=\"6\" class=\"css-6wxqfj emevuu60\">El actor conocido en todo el mundo por su trabajo en La sociedad de la nieve ya estaba en ese momento inmerso en la creaci\u00f3n de un proyecto literario que ahora ha visto la luz, <a href=\"https:\/\/www.amazon.es\/MUERTE-PERSONAJE-CINE-ENZO-VOGRINCIC\/dp\/8448044053\/ref=sr_1_1?crid=3JNRJDLKL94V4&amp;dib=eyJ2IjoiMSJ9.l0sWdNW1BRan6FiIXcEVPg.jx1O-tTEbp4jBO8MceNtF5vNTaaK0N-UVxAbwDsO0-A&amp;dib_tag=se&amp;keywords=la+muerte+del+personaje+enzo+vogrincic&amp;qid=1760455604&amp;sprefix=la+muerte+del+per%2Caps%2C91&amp;sr=8-1&amp;tag=esquirespain-21\" target=\"_blank\" rel=\"nofollow noopener\" data-vars-ga-outbound-link=\"https:\/\/www.amazon.es\/MUERTE-PERSONAJE-CINE-ENZO-VOGRINCIC\/dp\/8448044053\/ref=sr_1_1?crid=3JNRJDLKL94V4&amp;dib=eyJ2IjoiMSJ9.l0sWdNW1BRan6FiIXcEVPg.jx1O-tTEbp4jBO8MceNtF5vNTaaK0N-UVxAbwDsO0-A&amp;dib_tag=se&amp;keywords=la+muerte+del+personaje+enzo+vogrincic&amp;qid=1760455604&amp;sprefix=la+muerte+del+per%2Caps%2C91&amp;sr=8-1\" data-vars-ga-ux-element=\"Hyperlink\" data-vars-ga-call-to-action=\"La muerte del personaje\" data-vars-ga-product-id=\"4d50736f-adff-4ddd-989d-d118b72906d6\" data-node-id=\"6.3.0\" data-href=\"https:\/\/www.amazon.es\/MUERTE-PERSONAJE-CINE-ENZO-VOGRINCIC\/dp\/8448044053\/ref=sr_1_1?crid=3JNRJDLKL94V4&amp;dib=eyJ2IjoiMSJ9.l0sWdNW1BRan6FiIXcEVPg.jx1O-tTEbp4jBO8MceNtF5vNTaaK0N-UVxAbwDsO0-A&amp;dib_tag=se&amp;keywords=la+muerte+del+personaje+enzo+vogrincic&amp;qid=1760455604&amp;sprefix=la+muerte+del+per%2Caps%2C91&amp;sr=8-1\" data-product-url=\"https:\/\/www.amazon.es\/MUERTE-PERSONAJE-CINE-ENZO-VOGRINCIC\/dp\/8448044053\/ref=sr_1_1?crid=3JNRJDLKL94V4&amp;dib=eyJ2IjoiMSJ9.l0sWdNW1BRan6FiIXcEVPg.jx1O-tTEbp4jBO8MceNtF5vNTaaK0N-UVxAbwDsO0-A&amp;dib_tag=se&amp;keywords=la+muerte+del+personaje+enzo+vogrincic&amp;qid=1760455604&amp;sprefix=la+muerte+del+per%2Caps%2C91&amp;sr=8-1\" data-affiliate=\"true\" data-affiliate-url=\"https:\/\/www.amazon.es\/MUERTE-PERSONAJE-CINE-ENZO-VOGRINCIC\/dp\/8448044053\/ref=sr_1_1?crid=3JNRJDLKL94V4&amp;dib=eyJ2IjoiMSJ9.l0sWdNW1BRan6FiIXcEVPg.jx1O-tTEbp4jBO8MceNtF5vNTaaK0N-UVxAbwDsO0-A&amp;dib_tag=se&amp;keywords=la+muerte+del+personaje+enzo+vogrincic&amp;qid=1760455604&amp;sprefix=la+muerte+del+per%2Caps%2C91&amp;sr=8-1&amp;tag=esquirespain-21\" data-affiliate-network=\"{&quot;site_id&quot;:&quot;92d07c0b-730d-4727-bddc-68f85354bda9&quot;,&quot;metadata&quot;:{&quot;links&quot;:{&quot;default&quot;:&quot;https:\/\/www.amazon.es\/MUERTE-PERSONAJE-CINE-ENZO-VOGRINCIC\/dp\/8448044053\/ref=sr_1_1?crid=3JNRJDLKL94V4&amp;dib=eyJ2IjoiMSJ9.l0sWdNW1BRan6FiIXcEVPg.jx1O-tTEbp4jBO8MceNtF5vNTaaK0N-UVxAbwDsO0-A&amp;dib_tag=se&amp;keywords=la+muerte+del+personaje+enzo+vogrincic&amp;qid=1760455604&amp;sprefix=la+muerte+del+per%2Caps%2C91&amp;sr=8-1&amp;tag=esquirespain-21&quot;}},&quot;network&quot;:{&quot;name&quot;:&quot;Amazon&quot;},&quot;product_metadata&quot;:null,&quot;afflink_redirect&quot;:&quot;\/_p\/afflink\/ymTy\/amazon-s-muerte-personaje-cine-enzo-vogrincic-dp-8448043-ref-sr-1-1&quot;}\" data-vars-ga-product-price=\"0,00\u00a0$\" data-vars-ga-product-retailer-id=\"5a60d5d9-2cb5-408c-8d12-0e88ce1a19b1\" data-vars-ga-link-treatment=\"(not set) | (not set)\" class=\"body-link product-links css-1kzkd1m e1aq0z090\">La muerte del personaje<\/a>. Es un libro dif\u00edcilmente clasificable en el que, tomando como hilo temporal el proceso de casting, el rodaje, el estreno y lo que vino despu\u00e9s de la pel\u00edcula espa\u00f1ola m\u00e1s vista de todos los tiempos, Vogrincic construye un espacio de reflexi\u00f3n sobre el oficio y sobre su propia biograf\u00eda. Un juego de espejos, un trampantojo, que es un goce absoluto para quien est\u00e9 interesado en este mundo del espect\u00e1culo en particular y en las historias de transformaci\u00f3n personal en general.<\/p>\n<blockquote data-theme-key=\"pullquote\" class=\"css-1eiql25 e1pe3zr91\">\n<blockquote class=\"css-xw57yn e1pe3zr90\"><p>\u00abFuimos descubriendo c\u00f3mo era este libro imperfecto que a medida que avanzas va cuestion\u00e1ndose, critic\u00e1ndose, reescribi\u00e9ndose y ri\u00e9ndose de s\u00ed mismo\u00bb<\/p><\/blockquote>\n<\/blockquote>\n<p>Libros C\u00fapula La muerte del personaje (Cine)<\/p>\n<p><a target=\"_blank\" rel=\"nofollow noopener\" data-theme-key=\"product-image-wrapper\" href=\"https:\/\/www.amazon.es\/dp\/8448044053?tag=esquirespain-21\" aria-label=\"22\u00a0\u20ac en Amazon for La muerte del personaje (Cine)\" data-href=\"https:\/\/www.amazon.es\/dp\/8448044053\" data-product-url=\"https:\/\/www.amazon.es\/dp\/8448044053\" data-affiliate=\"true\" data-affiliate-url=\"https:\/\/www.amazon.es\/dp\/8448044053?tag=esquirespain-21\" data-affiliate-network=\"{&quot;afflink_redirect&quot;:&quot;\/_p\/afflink\/ymHt\/amazon-la-muerte-del-personaje-cine&quot;,&quot;site_id&quot;:&quot;92d07c0b-730d-4727-bddc-68f85354bda9&quot;,&quot;network&quot;:{&quot;name&quot;:&quot;Amazon&quot;},&quot;metadata&quot;:{&quot;links&quot;:{&quot;default&quot;:&quot;https:\/\/www.amazon.es\/dp\/8448044053?tag=esquirespain-21&quot;}}}\" data-vars-ga-call-to-action=\"22\u00a0\u20ac en Amazon\" data-vars-ga-media-role=\"\" data-vars-ga-media-type=\"Single Product Embed\" data-vars-ga-outbound-link=\"https:\/\/www.amazon.es\/dp\/8448044053\" data-vars-ga-product-brand=\"Libros C\u00fapula\" data-vars-ga-product-id=\"9fde60fb-ceff-45a8-bb03-f81f908fa14b\" data-vars-ga-product-price=\"21,80\u00a0\u20ac\" data-vars-ga-product-retailer-id=\"5812b580-8a95-4dfc-beab-8ab3bf3f8a67\" data-vars-ga-product-sem3-brand=\"Libros C\u00fapula\" data-vars-ga-product-sem3-category=\"Biograf\u00edas de actores y artistas\" data-vars-ga-link-treatment=\"(not set) | (not set)\" data-vars-ga-sku=\"8448044053\" data-vars-ga-magento-tracking=\"1\" class=\"product-image-link ebgq4gw2 e1b8bpvs0 css-g6od0w e1c1bym14\"><img  alt=\"La muerte del personaje (Cine)\" title=\"La muerte del personaje (Cine)\" src=\"https:\/\/www.europesays.com\/es\/wp-content\/uploads\/2025\/10\/1760451376-913wkQ7gfhL.jpg\" width=\"1686\" height=\"2560\" decoding=\"async\" loading=\"lazy\"\/><\/a><\/p>\n<p data-journey-content=\"true\" data-node-id=\"10\" class=\"css-6wxqfj emevuu60\"><strong data-node-id=\"10.0\">La \u00faltima pregunta que te hice en aquella primera entrevista, y que tiene mucho que ver con tus reflexiones en el libro, fue: \u00ab<\/strong><strong data-node-id=\"10.1\">\u00bfDurante todo este rato he estado hablando con Enzo o con el avatar medi\u00e1tico de Enzo?\u00bb, y respondiste un lac\u00f3nico \u00abnunca se sabe\u00bb. La repito: <\/strong><strong data-node-id=\"10.2\">\u00bfcon qui\u00e9n estoy hablando hoy?<\/strong><br data-node-id=\"10.3\"\/>[Risas] Es una buena pregunta. Creo que por lo menos con el Enzo que responde entrevistas\u2026 que vaya uno a saber cu\u00e1l es ese. Es el segundo que me arm\u00e9, despu\u00e9s del que posa para las fotos. No, en el fondo solo hay un Enzo.<\/p>\n<p data-journey-content=\"true\" data-node-id=\"14\" class=\"css-6wxqfj emevuu60\"><strong data-node-id=\"14.0\">Tu libro se titula La muerte del personaje, pero quiz\u00e1 el personaje que muere, o al que matas, no es el que el lector espera. \u00bfPor qu\u00e9 hay tanto debate en ti sobre los personajes?<\/strong><br data-node-id=\"14.1\"\/>Es que se construyen solos. Ese es el tema. Dentro de m\u00ed soy siempre el mismo. Despu\u00e9s hay una parte que empieza a construirse sola, que es ese Enzo que la gente ve por fotos o en eventos \u2013\u00a1es raro hablar de m\u00ed mismo en tercera persona!\u2013, como esa construcci\u00f3n ficticia de uno que se hace a partir de las alfombras y todo eso. Ya es una parte que no controlo. Cuando viene alguien a saludar no queda del todo claro a qui\u00e9n se dirige hasta que empiezo a hablar un poco y hay algo que se instala en otro lugar ya m\u00e1s tranquilo, de persona a persona.<\/p>\n<p data-journey-content=\"true\" data-node-id=\"16\" class=\"css-6wxqfj emevuu60\"><strong data-node-id=\"16.0\">Mi percepci\u00f3n es que ahora existe otro Enzo, el escritor. \u00bfSab\u00edas que exist\u00eda en ti?<\/strong><br data-node-id=\"16.1\"\/>No, escritor no. Escribir un libro no te hace escritor. Capaz que escribidor, como dice Pablo Vierci [el autor de <a href=\"https:\/\/www.amazon.es\/sociedad-nieve-LIBROS-SINGULARES\/dp\/8418584734\/ref=sr_1_1?crid=1NQ8CVSOJPI3E&amp;dib=eyJ2IjoiMSJ9.Vmzwlu071mHinZNw0ggvi_U19qxQgShtR2oJsWVU5_5gNE_51ounQ2P3HJiJ8CSaoTPdet_d7WHJHRoof1GQi3wmdcotFv-dGQRTcQLlzYakctsE8Tsp43bni3toDNqamiFL1RMEPAB904azDy-OaVtfp0zC7PqVSMXUZSo2C2Q.YxsEQ3e4J1NC02LPrIEsSTj3AWvBw5pKW6LYZohBvYg&amp;dib_tag=se&amp;keywords=pablo+vierci&amp;qid=1760451284&amp;sprefix=pablo+vier%2Caps%2C73&amp;sr=8-1&amp;tag=esquirespain-21\" target=\"_blank\" rel=\"nofollow noopener\" data-vars-ga-outbound-link=\"https:\/\/www.amazon.es\/sociedad-nieve-LIBROS-SINGULARES\/dp\/8418584734\/ref=sr_1_1?crid=1NQ8CVSOJPI3E&amp;dib=eyJ2IjoiMSJ9.Vmzwlu071mHinZNw0ggvi_U19qxQgShtR2oJsWVU5_5gNE_51ounQ2P3HJiJ8CSaoTPdet_d7WHJHRoof1GQi3wmdcotFv-dGQRTcQLlzYakctsE8Tsp43bni3toDNqamiFL1RMEPAB904azDy-OaVtfp0zC7PqVSMXUZSo2C2Q.YxsEQ3e4J1NC02LPrIEsSTj3AWvBw5pKW6LYZohBvYg&amp;dib_tag=se&amp;keywords=pablo+vierci&amp;qid=1760451284&amp;sprefix=pablo+vier%2Caps%2C73&amp;sr=8-1\" data-vars-ga-ux-element=\"Hyperlink\" data-vars-ga-call-to-action=\"La sociedad de la nieve\" data-vars-ga-product-id=\"216426de-dd49-46a8-8e43-f9605f679a2e\" data-node-id=\"16.3.0\" data-href=\"https:\/\/www.amazon.es\/sociedad-nieve-LIBROS-SINGULARES\/dp\/8418584734\/ref=sr_1_1?crid=1NQ8CVSOJPI3E&amp;dib=eyJ2IjoiMSJ9.Vmzwlu071mHinZNw0ggvi_U19qxQgShtR2oJsWVU5_5gNE_51ounQ2P3HJiJ8CSaoTPdet_d7WHJHRoof1GQi3wmdcotFv-dGQRTcQLlzYakctsE8Tsp43bni3toDNqamiFL1RMEPAB904azDy-OaVtfp0zC7PqVSMXUZSo2C2Q.YxsEQ3e4J1NC02LPrIEsSTj3AWvBw5pKW6LYZohBvYg&amp;dib_tag=se&amp;keywords=pablo+vierci&amp;qid=1760451284&amp;sprefix=pablo+vier%2Caps%2C73&amp;sr=8-1\" data-product-url=\"https:\/\/www.amazon.es\/sociedad-nieve-LIBROS-SINGULARES\/dp\/8418584734\/ref=sr_1_1?crid=1NQ8CVSOJPI3E&amp;dib=eyJ2IjoiMSJ9.Vmzwlu071mHinZNw0ggvi_U19qxQgShtR2oJsWVU5_5gNE_51ounQ2P3HJiJ8CSaoTPdet_d7WHJHRoof1GQi3wmdcotFv-dGQRTcQLlzYakctsE8Tsp43bni3toDNqamiFL1RMEPAB904azDy-OaVtfp0zC7PqVSMXUZSo2C2Q.YxsEQ3e4J1NC02LPrIEsSTj3AWvBw5pKW6LYZohBvYg&amp;dib_tag=se&amp;keywords=pablo+vierci&amp;qid=1760451284&amp;sprefix=pablo+vier%2Caps%2C73&amp;sr=8-1\" data-affiliate=\"true\" data-affiliate-url=\"https:\/\/www.amazon.es\/sociedad-nieve-LIBROS-SINGULARES\/dp\/8418584734\/ref=sr_1_1?crid=1NQ8CVSOJPI3E&amp;dib=eyJ2IjoiMSJ9.Vmzwlu071mHinZNw0ggvi_U19qxQgShtR2oJsWVU5_5gNE_51ounQ2P3HJiJ8CSaoTPdet_d7WHJHRoof1GQi3wmdcotFv-dGQRTcQLlzYakctsE8Tsp43bni3toDNqamiFL1RMEPAB904azDy-OaVtfp0zC7PqVSMXUZSo2C2Q.YxsEQ3e4J1NC02LPrIEsSTj3AWvBw5pKW6LYZohBvYg&amp;dib_tag=se&amp;keywords=pablo+vierci&amp;qid=1760451284&amp;sprefix=pablo+vier%2Caps%2C73&amp;sr=8-1&amp;tag=esquirespain-21\" data-affiliate-network=\"{&quot;site_id&quot;:&quot;92d07c0b-730d-4727-bddc-68f85354bda9&quot;,&quot;metadata&quot;:{&quot;links&quot;:{&quot;default&quot;:&quot;https:\/\/www.amazon.es\/sociedad-nieve-LIBROS-SINGULARES\/dp\/8418584734\/ref=sr_1_1?crid=1NQ8CVSOJPI3E&amp;dib=eyJ2IjoiMSJ9.Vmzwlu071mHinZNw0ggvi_U19qxQgShtR2oJsWVU5_5gNE_51ounQ2P3HJiJ8CSaoTPdet_d7WHJHRoof1GQi3wmdcotFv-dGQRTcQLlzYakctsE8Tsp43bni3toDNqamiFL1RMEPAB904azDy-OaVtfp0zC7PqVSMXUZSo2C2Q.YxsEQ3e4J1NC02LPrIEsSTj3AWvBw5pKW6LYZohBvYg&amp;dib_tag=se&amp;keywords=pablo+vierci&amp;qid=1760451284&amp;sprefix=pablo+vier%2Caps%2C73&amp;sr=8-1&amp;tag=esquirespain-21&quot;}},&quot;network&quot;:{&quot;name&quot;:&quot;Amazon&quot;},&quot;product_metadata&quot;:null,&quot;afflink_redirect&quot;:&quot;\/_p\/afflink\/ymHp\/amazon-s-sociedad-nieve-libros-singulares-dp-8418584734-ref-sr-1-1&quot;}\" data-vars-ga-product-price=\"0,00\u00a0$\" data-vars-ga-product-retailer-id=\"b815e2a1-b68b-4bcd-8933-20e9af523559\" data-vars-ga-link-treatment=\"(not set) | (not set)\" class=\"body-link product-links css-1kzkd1m e1aq0z090\">La sociedad de la nieve<\/a>]. Alguna vez m\u00e1s chico he escrito cuentos, alguna obra de teatro, pero siempre como una diversi\u00f3n, un &#8216;a ver qu\u00e9 pasa si&#8217;. Esto surgi\u00f3 por las ganas que compart\u00eda con un amigo, Felipe, de hacer algo juntos, porque siempre tenemos proyectos inconclusos, construimos muchas m\u00e1s cosas en la cabeza que en la realidad. Lo fuimos descubriendo por el camino, c\u00f3mo era ese libro imperfecto, escrito por alguien que no sabe escribir y a quien no le gusta la lectura, qu\u00e9 pasa con ese experimento, c\u00f3mo es la escritura de un libro que a medida que avanzas va cuestion\u00e1ndose, critic\u00e1ndose, reescribi\u00e9ndose y ri\u00e9ndose de s\u00ed mismo, d\u00e1ndose cuenta de que no est\u00e1 bien escrito a la vez que se sigue escribiendo sin parar. Ese es el juego.<\/p>\n<blockquote data-theme-key=\"pullquote\" class=\"css-1eiql25 e1pe3zr91\">\n<blockquote class=\"css-xw57yn e1pe3zr90\"><p>\u00abEl cine es tramposo, con las actuaciones siempre hay que desconfiar. En la literatura se puede trampear menos\u00bb<\/p><\/blockquote>\n<\/blockquote>\n<p><img draggable=\"true\" alt=\"enzo vogrincic en esquire\" title=\"Enzo Vogrincic en Esquire\" loading=\"lazy\" width=\"2000\" height=\"2998\" decoding=\"async\" data-nimg=\"1\" style=\"color:transparent;width:100%;height:auto;\"   src=\"https:\/\/www.europesays.com\/es\/wp-content\/uploads\/2025\/10\/enzo-vogrincic-libro-esquire-2-68ee5bb2c14f9.png\" class=\"css-0 e1g79fud0\"\/>Ana Ruiz<\/p>\n<p>Total look de <strong>Issey Miyake.<\/strong><\/p>\n<p data-journey-content=\"true\" data-node-id=\"20\" class=\"css-6wxqfj emevuu60\"><strong data-node-id=\"20.0\">Hay actores sin ning\u00fan tipo de preparaci\u00f3n que se ponen delante de una c\u00e1mara y son buen\u00edsimos. Aunque digas que no sabes escribir, puedo afirmar que a ti te pasa lo mismo con la literatura.<\/strong><br data-node-id=\"20.1\"\/>Te lo agradezco. Pero no s\u00e9, es muy distinta la escritura que la c\u00e1mara. Con la c\u00e1mara, depender\u00e1 de tu exigencia, pero a veces uno sin ser actor puede resolver un plano con mucha credibilidad aunque no tenga formaci\u00f3n ninguna. Eso puede ser potente en el cine porque a veces alguien que no es actor aporta un realismo mientras uno, cuando es actor, tiene que sacarse la formaci\u00f3n de encima para actuar. S\u00ed, el cine tiene eso de tramposo. Por eso siempre en las actuaciones hay que desconfiar. En la literatura se puede trampear menos.<\/p>\n<p data-journey-content=\"true\" data-node-id=\"22\" class=\"css-6wxqfj emevuu60\"><strong data-node-id=\"22.0\">Entro en materia del libro, empezando por la dedicatoria: \u00ab\u2026a las oportunidades. (Ojal\u00e1 hubiera estado m\u00e1s atento)\u00bb. \u00bfA qu\u00e9 oportunidades no has estado atento?<\/strong><br data-node-id=\"22.1\"\/>A muchas. Porque si uno empieza a hilvanar fino te das cuenta que en las amistades, en las relaciones, en la familia, cuando te invitan a algo, te convocan a una comida y no vas por estar trabajando o qu\u00e9 s\u00e9 yo, y resulta que suceden esas vivencias importantes, las de compartir de verdad. El oficio te hace perder muchos encuentros familiares, ah\u00ed hay algo de esas oportunidades que no se toman\u2026 Al mismo tiempo es un juego con el final del libro, como un ojal\u00e1 tener de nuevo esas oportunidades para poder tomar una decisi\u00f3n diferente y ver qu\u00e9 har\u00eda ahora con esa opci\u00f3n de nuevo delante. Pero la vida no pasa dos veces y hay que estar atentos.<\/p>\n<p data-journey-content=\"true\" data-node-id=\"24\" class=\"css-6wxqfj emevuu60\"><strong data-node-id=\"24.0\">F\u00edjate que pensaba que esas oportunidades perdidas podr\u00edan referirse a los proyectos que decidiste no hacer aprovechando el tir\u00f3n de La sociedad de la nieve.<\/strong><br data-node-id=\"24.1\"\/>Tambi\u00e9n, seguramente, s\u00ed. Pero no est\u00e1 relacionado con el \u00e9xito, ni con la profesi\u00f3n ni siquiera. Es mucho m\u00e1s amplio.<\/p>\n<blockquote data-theme-key=\"pullquote\" class=\"css-1eiql25 e1pe3zr91\">\n<blockquote class=\"css-xw57yn e1pe3zr90\"><p>\u00abTrabajo para que la mentira se quede en el lugar de mi trabajo, donde me es muy \u00fatil. En la vida intento que no sea parte de m\u00ed. Pesa, y con el tiempo pesa m\u00e1s, es horrible, es enfermiza, es t\u00f3xica, ensucia las cosas\u00bb<\/p><\/blockquote>\n<\/blockquote>\n<p><img draggable=\"true\" alt=\"enzo vogrincic en esquire\" title=\"Enzo Vogrincic en Esquire\" loading=\"lazy\" width=\"2000\" height=\"2999\" decoding=\"async\" data-nimg=\"1\" style=\"color:transparent;width:100%;height:auto;\"   src=\"https:\/\/www.europesays.com\/es\/wp-content\/uploads\/2025\/10\/enzo-vogrincic-libro-esquire-5-68ee5cfbee5a6.png\" class=\"css-0 e1g79fud0\"\/><\/p>\n<p>Ana Ruiz<\/p>\n<p><img draggable=\"true\" alt=\"enzo vogrincic en esquire\" title=\"Enzo Vogrincic en Esquire\" loading=\"lazy\" width=\"2000\" height=\"2998\" decoding=\"async\" data-nimg=\"1\" style=\"color:transparent;width:100%;height:auto;\"   src=\"https:\/\/www.europesays.com\/es\/wp-content\/uploads\/2025\/10\/enzo-vogrincic-libro-esquire-6-68ee5d25bfb62.png\" class=\"css-0 e1g79fud0\"\/><\/p>\n<p>Ana Ruiz<\/p>\n<p data-journey-content=\"true\" data-node-id=\"28\" class=\"css-6wxqfj emevuu60\"><strong data-node-id=\"28.0\">Es muy llamativo que no aparezca tu foto en la portada, ni siquiera hay una peque\u00f1a biograf\u00eda. En el libro explicas que es una declaraci\u00f3n de intenciones, pero \u00bfte ha costado mucho que sea as\u00ed?<\/strong><br data-node-id=\"28.1\"\/>No, pero s\u00ed muchas reuniones de plantear por qu\u00e9 no. Yo entiendo que hay una parte que tiene que ver con la editorial y el marketing para que eso se venda, pero yo al mismo tiempo trataba de explicar que eso de la venta no es mi prioridad y que me gustar\u00eda que el objeto dure mucho m\u00e1s en una casa que lo mi cara dura en ese momento. Y que no es lo importante, que eso traicionar\u00eda lo que busca el propio libro. Hay algo m\u00e1s misterioso en el libro que justamente habla de eso pero no para hablar de eso. Es que no puedo presentar algo que tiene mi cara delante, con un libro no podr\u00eda. La portada final es como un s\u00edmbolo lindo que tiene muchos m\u00e1s significados para m\u00ed que me los guardar\u00e9. Es algo que escrib\u00ed al final, muy chiquitito, y habla del propio libro. Quiz\u00e1 alguien con mucho tiempo har\u00e1 un zoom y copiar\u00e1 letra por letra para ver qu\u00e9 dice\u2026 ser\u00eda un aburrimiento total, para m\u00ed siempre va a ser m\u00e1s lindo el misterio.<\/p>\n<p data-journey-content=\"true\" data-node-id=\"30\" class=\"css-6wxqfj emevuu60\"><strong data-node-id=\"30.0\">Vamos al meollo. El libro hila la primera fase de los casting para La sociedad de la nieve con tu relaci\u00f3n desde ni\u00f1o con la mentira. \u00bfC\u00f3mo te relacionas con ella?<\/strong><br data-node-id=\"30.1\"\/>Todos en alg\u00fan momento mentimos, aunque sean mentiras piadosas para zafar r\u00e1pido una situaci\u00f3n o para no ser brutamente honesto con alguien. La mentira tiene muchas formas, a veces m\u00e1s suaves, m\u00e1s difusas, m\u00e1s enga\u00f1osas, como cuando ves una obra de teatro de un amigo y le dices \u00ab\u00a1muy bueno!\u00bb y no te gust\u00f3 nada, pero no le puedes decir eso apenas se estren\u00f3. Si el mundo fuera brutalmente honesto no s\u00e9 c\u00f3mo ser\u00eda. Pero trabajo para que la mentira se quede en el lugar de mi trabajo, que es el lugar donde me es muy \u00fatil, ah\u00ed la tengo que defender tanto que no parezca mentira. En la vida intento que no, que no sea parte de m\u00ed ni de mi ser con los dem\u00e1s, es como hacer trampas en un juego, no tiene gracia y es una cosa que detesto. La mentira tiene algo de eso, me cre\u00edste algo que te dije pero yo s\u00e9 que no es verdad y no vale nada eso. Pesa, y con el tiempo pesa m\u00e1s, es horrible, es enfermiza, es t\u00f3xica, ensucia las cosas.<\/p>\n<p data-journey-content=\"true\" data-node-id=\"32\" class=\"css-6wxqfj emevuu60\"><strong data-node-id=\"32.0\">En el libro lo narras desde tu infancia con escenas en las que la mentira se parece a aquel coraz\u00f3n palpitante del cuento de Allan Poe.<\/strong><br data-node-id=\"32.1.0\"\/>El coraz\u00f3n delator. Que en el Liceo yo estuve convencido durante todo el a\u00f1o que se titulaba El coraz\u00f3n del actor [risas]. Suspendid\u00edsimo, se pensar\u00edan que no hab\u00eda le\u00eddo ni el t\u00edtulo.<\/p>\n<p data-journey-content=\"true\" data-node-id=\"34\" class=\"css-6wxqfj emevuu60\"><strong data-node-id=\"34.0\">\u00a1En realidad es una met\u00e1fora maravillosa! Otro tema vinculado a la narraci\u00f3n de tu infancia es el de la suerte, el sentirte afortunado.<\/strong><br data-node-id=\"34.1\"\/>Soy muy afortunado. Capaz un d\u00eda se me va, pero yo siento que sigo si\u00e9ndolo. Es soberbio que lo diga, es de esas cosas inc\u00f3modas cuando uno habla bien de uno mismo, pero en relaci\u00f3n a la suerte que es una cosa que no es real, es una idea, siempre siento que la llevo conmigo. A lo mejor es solo dec\u00edrmelo y no existe, o es tomarme las cosas con humor y a eso lo llamo suerte, pero me pasan cosas a las que no encuentro otra explicaci\u00f3n m\u00e1s que soy una persona suertuda. Por contraposici\u00f3n suceden otras cosas que parecen ligadas a la mala suerte y a esas capaz que no les presto atenci\u00f3n. Es confuso. Lo hablaba con Felipe, pensamos que este proyecto podr\u00eda llamarse El libro de la suerte y luego har\u00edamos El libro del fracaso con todas las cosas que no salieron bien. Que en realidad son la mayor\u00eda.<\/p>\n<blockquote data-theme-key=\"pullquote\" class=\"css-1eiql25 e1pe3zr91\">\n<blockquote class=\"css-xw57yn e1pe3zr90\"><p>\u00abSoy esquivo con el amor. Tiene que ver con mi forma de ser, no es un lugar en el que yo entre para hablarlo. S\u00ed es un lugar al que entro, porque es inevitable, pero no me pongo a escribir, no puedo hablar sobre eso\u00bb<\/p><\/blockquote>\n<\/blockquote>\n<p><img draggable=\"true\" alt=\"enzo vogrincic esquire\" title=\"Enzo Vogrincic Esquire\" loading=\"lazy\" width=\"2000\" height=\"2998\" decoding=\"async\" data-nimg=\"1\" style=\"color:transparent;width:100%;height:auto;\"   src=\"https:\/\/www.europesays.com\/es\/wp-content\/uploads\/2025\/10\/enzo-vogrincic-libro-esquire-1-68ee5de77f47d.png\" class=\"css-0 e1g79fud0\"\/>Ana Ruiz<\/p>\n<p>Camisa de <strong>Sams\u00f8e Sams\u00f8e.<\/strong><\/p>\n<p data-journey-content=\"true\" data-node-id=\"38\" class=\"css-6wxqfj emevuu60\"><strong data-node-id=\"38.0\">\u00bfCu\u00e1l ha sido tu \u00faltimo golpe de suerte?<\/strong><br data-node-id=\"38.1\"\/>Que me acepten publicar un libro. Hay muchos. El lugar que eleg\u00ed para comer hoy que fue delicioso. En esas peque\u00f1as cosas tambi\u00e9n hay suerte.<\/p>\n<p data-journey-content=\"true\" data-node-id=\"40\" class=\"css-6wxqfj emevuu60\"><strong data-node-id=\"40.0\">\u00bfY el \u00faltimo fracaso?<\/strong><br data-node-id=\"40.1\"\/>Es que no les presto atenci\u00f3n, \u00bfves? Dif\u00edcil\u2026 estar\u00e1 por venir [risas].<\/p>\n<p data-journey-content=\"true\" data-node-id=\"42\" class=\"css-6wxqfj emevuu60\"><strong data-node-id=\"42.0\">\u00bfSer\u00e1 la respuesta a la siguiente pregunta? Vamos a comprobarlo: en el libro hay un tema que siento que est\u00e1 presente pero oculto. M\u00e1s bien ocultado. El tema del amor. Hay acercamientos a reflexionar sobre el amor pero cuando vas a llegar al meollo, te escurres. \u00bfPor qu\u00e9 y qu\u00e9 es para ti el amor?<\/strong><br data-node-id=\"42.1\"\/>Yo intento explicar ah\u00ed que es una pregunta que sigue respondi\u00e9ndose, es muy complejo responder a qu\u00e9 es el amor. A veces siento que es simplemente dar sin esperar nada, solo dar, sea a quien sea, eso es amor, o solo recibir, es la otra de forma del amor, de vuelta. Pero si uno diera amor y esperara algo a cambio, ah\u00ed siento que empieza a no parecerse tanto al amor. Pero es un concepto muy complejo, depende de cada situaci\u00f3n\u2026 y as\u00ed soy de esquivo con el amor tambi\u00e9n. Esa forma en la que lo planteo y lo abordo tambi\u00e9n tiene que ver con mi forma de ser, no es un lugar en el que yo entre para hablarlo. S\u00ed es un lugar al que entro, porque es inevitable, pero no me pongo a escribir, no puedo hablar sobre eso. Ya hay demasiado escrito sobre el amor y muy bien adem\u00e1s.<\/p>\n<p data-journey-content=\"true\" data-node-id=\"44\" class=\"css-6wxqfj emevuu60\"><strong data-node-id=\"44.0\">Es curioso la fuerza que coge a veces lo que justamente se esquiva. En ese sentido, hay algunas p\u00e1ginas que parecen escritas como mensajes directos a personas aunque no se nombran. \u00bfEste libro te ha servido para lanzar mensajes?<\/strong><br data-node-id=\"44.1\"\/>Yo creo que no hay nada en ese libro que la gente que me conoce no supiera. No es una gran revelaci\u00f3n para mis amigos o quien me conoce realmente. Quiz\u00e1 alg\u00fan pensamiento de la ni\u00f1ez o alguna an\u00e9cdota que no haya contando, pero no necesariamente hay secretos para nadie. Es m\u00e1s para m\u00ed. Ese libro est\u00e1 escrito para yo decirme las cosas y volver a leerlas. Pero no, no hay mensajes ocultos.<\/p>\n<p data-journey-content=\"true\" data-node-id=\"46\" class=\"css-6wxqfj emevuu60\"><strong data-node-id=\"46.0\">Hace unos meses <a href=\"https:\/\/www.esquire.com\/es\/actualidad\/tv\/a65152303\/nuno-gallego-agustin-della-corte-olympo-netflix-entrevista-fotos\/\" target=\"_blank\" data-vars-ga-outbound-link=\"https:\/\/www.esquire.com\/es\/actualidad\/tv\/a65152303\/nuno-gallego-agustin-della-corte-olympo-netflix-entrevista-fotos\/\" data-vars-ga-ux-element=\"Hyperlink\" data-vars-ga-call-to-action=\"entrevistamos a Agust\u00edn Della Corte\" data-node-id=\"46.0.1\" class=\"body-link css-1kzkd1m emevuu60\" rel=\"nofollow noopener\">entrevistamos a Agust\u00edn Della Corte<\/a> y le preguntamos si hab\u00eda sentido \u2018celos\u2019 por tu exposici\u00f3n medi\u00e1tica.<\/strong><br data-node-id=\"46.1\"\/>Qu\u00e9 pregunta esa\u2026<\/p>\n<p data-journey-content=\"true\" data-node-id=\"49\" class=\"css-6wxqfj emevuu60\"><strong data-node-id=\"49.0\">Me parec\u00eda relevante porque al final fue una decisi\u00f3n en la que podr\u00edan haberse barajado otros nombres, de hecho t\u00fa no quer\u00edas. Pero \u00e9l remarc\u00f3 que el triunfo de cada uno es el triunfo de todos, que hay una hermandad inquebrantable.<\/strong><br data-node-id=\"49.1\"\/>S\u00ed, somos unos tarados, nos encontramos y hacemos una fiesta que es absurdo. Nos divertimos mucho entre nosotros. Cada tanto se hacen asados all\u00e1 en Buenos Aires y nos reencontramos, yo como vivo en Montevideo se me hace m\u00e1s complicado pero a veces estoy. Lo \u00faltimo para que nos juntamos todos fue hacer un documental relacionado con La sociedad de la nieve, que no s\u00e9 si saldr\u00e1, pero ah\u00ed nos volvimos a encontrar y est\u00e1 intacto eso, es impresionante, muy sorprendente, no nos pasa tiempo como grupo y es lindo. Alguno va siendo padre, van sucediendo cosas, pero cuando nos encontramos surge.<\/p>\n<p data-journey-content=\"true\" data-node-id=\"51\" class=\"css-6wxqfj emevuu60\"><strong data-node-id=\"51.0\">\u00a1Pensaba que ese docureality que mencionas al final del libro era inventado!<\/strong><br data-node-id=\"51.1\"\/>\u00bfViste? Nunca se sabe.<\/p>\n<blockquote data-theme-key=\"pullquote\" class=\"css-1eiql25 e1pe3zr91\">\n<blockquote class=\"css-xw57yn e1pe3zr90\"><p>\u00abBayona qued\u00f3 muy contento y siempre nos lo agradecimos mutuamente, pero, para m\u00ed, las primeras semanas me quer\u00eda echar\u00bb<\/p><\/blockquote>\n<\/blockquote>\n<p><img draggable=\"true\" alt=\"enzo vogrincic y jota bayona\" title=\"Enzo Vogrincic y Jota Bayona\" loading=\"lazy\" width=\"6048\" height=\"4024\" decoding=\"async\" data-nimg=\"1\" style=\"color:transparent;width:100%;height:auto;\"   src=\"https:\/\/www.europesays.com\/es\/wp-content\/uploads\/2025\/10\/premios-esquire-hombre-del-an-o-2024-beatriz-velasco-00083-68ee61f722a85.jpg\" class=\"css-0 e1g79fud0\"\/>Beatriz Velasco<\/p>\n<p>Enzo y Jota Bayona llegando a los Hombres del A\u00f1o Esquire 2024, en los que el actor recibi\u00f3 un premio de manos del director.<\/p>\n<p data-journey-content=\"true\" data-node-id=\"55\" class=\"css-6wxqfj emevuu60\"><strong data-node-id=\"55.0\">Otro momento clave del rodaje es cuando analizas tu s\u00edndrome del impostor y da la sensaci\u00f3n de que nunca llegaste a pensar que Bayona estaba satisfecho con tu trabajo. \u00bfFue as\u00ed?<\/strong><br data-node-id=\"55.1\"\/>Es muy real. Esa fue mi impresi\u00f3n durante el rodaje. Lo que cuento en el libro no deja lugar a dudas: Bayona me empieza a contar una an\u00e9cdota de un director que sac\u00f3 al actor protagonista de su pel\u00edcula en el montaje y lo dej\u00f3 cinco minutos. Yo estaba con la idea de \u201cme va a echar, me va a echar\u201d \u00a1\u00bfy me cuenta esto?! Uno m\u00e1s uno, dos. Listo, me va a echar. Yo no ten\u00eda dudas. Al final es la cabeza de uno. Bayona despu\u00e9s qued\u00f3 muy contento y siempre nos lo agradecimos mutuamente, pero, para m\u00ed, las primeras semanas me quer\u00eda echar. Yo hice un cambio tambi\u00e9n ah\u00ed, no era ficticio, no me lo estaba inventando del todo, no estaba rindiendo bien. Pero es l\u00f3gico, falta de experiencia, de capacidad, todo.<\/p>\n<p data-journey-content=\"true\" data-node-id=\"57\" class=\"css-6wxqfj emevuu60\"><strong data-node-id=\"57.0\">\u00bfHubo un momento en que te dijo \u00abEnzo, tranquilo, estoy contento contigo\u00bb?<\/strong><br data-node-id=\"57.1\"\/>No porque yo no le expresaba este miedo a \u00e9l. \u00c9l me cont\u00f3 la an\u00e9cdota y me re\u00ed con \u00e9l, aunque por dentro pensaba \u00ab\u00a1qu\u00e9 me acaba de decir!\u00bb. Llegu\u00e9 al apartamento y me puse a estudiar y estudiar el guion\u2026 Yo ante \u00e9l siempre manten\u00eda tranquilidad y firmeza, no me iba a mostrar d\u00e9bil ah\u00ed porque si yo le transmito m\u00e1s inseguridad de la que \u00e9l ya deb\u00eda tener conmigo, entra en caos.<\/p>\n<p data-journey-content=\"true\" data-node-id=\"59\" class=\"css-6wxqfj emevuu60\"><strong data-node-id=\"59.0\">El lector sufre mucho con esa situaci\u00f3n y tambi\u00e9n con c\u00f3mo narras la cantidad de escenas que se quedan fuera de una pel\u00edcula como esta.<\/strong><br data-node-id=\"59.1\"\/>Oh, es duro. Dur\u00edsimo. Porque realmente hay escenas muy buenas que se rodaron y que no est\u00e1n porque no entran, l\u00f3gico: hab\u00eda 600 horas de material para una pel\u00edcula de dos horas y media. Nosotros quer\u00edamos que durara cuatro horas.<\/p>\n<p data-journey-content=\"true\" data-node-id=\"61\" class=\"css-6wxqfj emevuu60\"><strong data-node-id=\"61.0\">Quiz\u00e1 se podr\u00eda utilizar ese material para hacer una versi\u00f3n de cine de tu libro.<\/strong><br data-node-id=\"61.1\"\/>Yo aprovecho el libro para narrar en \u00e9l escenas que no est\u00e1n en la pel\u00edcula, es divertido contar las que no entraron. Pero no, no hay manera de llevar ese libro al cine. Ser\u00eda la pel\u00edcula del libro de la pel\u00edcula, es como un bucle infinito. Quiz\u00e1 a Christopher Nolan le puede gustar [risas].<\/p>\n<blockquote data-theme-key=\"pullquote\" class=\"css-1eiql25 e1pe3zr91\">\n<blockquote class=\"css-xw57yn e1pe3zr90\"><p>\u00abEl cierre del libro lleg\u00f3 justo porque a finales de octubre ya estar\u00e9 filmando otro proyecto, una serie\u00bb<\/p><\/blockquote>\n<\/blockquote>\n<p data-journey-content=\"true\" data-node-id=\"64\" class=\"css-6wxqfj emevuu60\"><strong data-node-id=\"64.0\">La acci\u00f3n del libro termina hace unos meses, y uno de tus objetivos con \u00e9l era cerrar definitivamente esa etapa. \u00bfC\u00f3mo es Enzo despu\u00e9s de todo eso?<\/strong><br data-node-id=\"64.1\"\/>Ya estoy trabajando en otra cosa, con la cabeza en otro lado. Estoy ac\u00e1 contigo y estoy pensando en el proyecto que estoy por filmar. Con la actuaci\u00f3n se me prende algo que es autom\u00e1tico y se me va la cabeza para all\u00ed: voy caminando por la calle y estoy analizando escenas, viendo detalles de una persona que me podr\u00edan valer para tal momento\u2026 De alguna manera lleg\u00f3 justo el cierre del libro porque a finales de octubre ya estoy filmando de nuevo.<\/p>\n<p data-journey-content=\"true\" data-node-id=\"66\" class=\"css-6wxqfj emevuu60\"><strong data-node-id=\"66.0\">Entiendo que es la serie de El abuso que se anunci\u00f3 hace unos meses, \u00bfno?<\/strong><br data-node-id=\"66.1\"\/>No, esa est\u00e1 en construcci\u00f3n todav\u00eda. Es otra serie de la que no puedo contar nada, que le quito el misterio.<\/p>\n<p data-journey-content=\"true\" data-node-id=\"68\" class=\"css-6wxqfj emevuu60\"><strong data-node-id=\"68.0\">La anterior vez que hablamos me dijiste que ya hab\u00edas dicho \u201cs\u00ed\u201d a un proyecto sin ni siquiera leer el gui\u00f3n\u2026<\/strong><br data-node-id=\"68.1\"\/>Ay, s\u00ed, pero ese qued\u00f3\u2026 \u00a1Ese lo quiero! Pero todav\u00eda no est\u00e1 sucediendo. Es muy divertido, incre\u00edble.<\/p>\n<p data-journey-content=\"true\" data-node-id=\"70\" class=\"css-6wxqfj emevuu60\"><strong data-node-id=\"70.0\">\u00bfEst\u00e1s satisfecho con las decisiones que has tomado, que estoy seguro que incluyen muchos \u201cno\u201d a otros tantos proyectos?<\/strong><br data-node-id=\"70.1\"\/>S\u00ed. S\u00ed. Si no, no lo estar\u00eda haciendo. Es dif\u00edcil y es un desaf\u00edo, vuelvo a temblar y vuelvo a decir \u201cahora s\u00ed se van a dar cuenta\u201d, pero lo har\u00e9 con ganas. A m\u00ed el cine me da miedo, me da terror. Tengo que hacer cine de terror\u2026 No, es un chiste.<\/p>\n<blockquote data-theme-key=\"pullquote\" class=\"css-1eiql25 e1pe3zr91\">\n<blockquote class=\"css-xw57yn e1pe3zr90\"><p>\u00abTomar la decisi\u00f3n de actuar &#8216;cada muerte de un obispo&#8217; ayuda desaparecer un ratito. Que la gente descanse de esta cara hasta la pr\u00f3xima\u00bb<\/p><\/blockquote>\n<\/blockquote>\n<p><img draggable=\"true\" alt=\"enzo vogrincic en esquire\" title=\"Enzo Vogrincic en Esquire\" loading=\"lazy\" width=\"2000\" height=\"2998\" decoding=\"async\" data-nimg=\"1\" style=\"color:transparent;width:100%;height:auto;\"   src=\"https:\/\/www.europesays.com\/es\/wp-content\/uploads\/2025\/10\/enzo-vogrincic-libro-esquire-3-68ee62d1c6d24.png\" class=\"css-0 e1g79fud0\"\/><\/p>\n<p>Ana Ruiz<\/p>\n<p data-journey-content=\"true\" data-node-id=\"74\" class=\"css-6wxqfj emevuu60\"><strong data-node-id=\"74.0\">Los \u00faltimos cap\u00edtulos del libro analizan la locura colectiva y el absurdo que implica la fama repentina. \u00bfHas conseguido domar esa ola? \u00bfHa bajado gracias a las decisiones que has tomado?<\/strong><br data-node-id=\"74.1\"\/>Por suerte s\u00ed, ahora estoy muy tranquilo. Ha cambiado y yo he cambiado en relaci\u00f3n a eso. Tambi\u00e9n ha bajado la efervescencia y est\u00e1 todo en un lugar m\u00e1s tranquilo. Eso ayuda mucho y yo tambi\u00e9n me he propuesto caminar, tom\u00e1rmelo con calma, cada vez m\u00e1s, y ese radar que se te prende de estar atento a todo lo que est\u00e1 pasando alrededor y todo lo que puede pasar se me va apagando. Tambi\u00e9n esto de tomar la decisi\u00f3n de actuar &#8216;cada muerte de un obispo&#8217; ayuda desaparecer un ratito. Que la gente descanse de esta cara hasta la pr\u00f3xima.<\/p>\n<p data-journey-content=\"true\" data-node-id=\"76\" class=\"css-6wxqfj emevuu60\"><strong data-node-id=\"76.0\">Me parece muy inteligente y muy valiente tambi\u00e9n, porque al final te las juegas a que te olviden demasiado.<\/strong><br data-node-id=\"76.1\"\/>S\u00ed, pero yo tengo siempre el teatro de refugio y no me preocupo en este sentido. Si no surge el cine, el teatro siempre est\u00e1 ah\u00ed y se puede construir de la nada.<\/p>\n<p data-journey-content=\"true\" data-node-id=\"78\" class=\"css-6wxqfj emevuu60\"><strong data-node-id=\"78.0\">\u00bfQu\u00e9 fue de aquel proyecto que estabas montando en tu casa, como un teatro en tama\u00f1o maqueta para solo dos espectadores?<\/strong><br data-node-id=\"78.1\"\/>\u00a1Avanc\u00e9 mucho con eso! Me compr\u00e9 una cortadora l\u00e1ser espectacular [risas]. Pongo madera, dise\u00f1o el corte, empiezo a ensamblar\u2026 Constru\u00ed todo el techo del teatro, los laterales, la boca del escenario\u2026 Ahora porque me voy de Montevideo, que si no seguir\u00eda. El proyecto se llama El \u00faltimo teatro.<\/p>\n<p data-journey-content=\"true\" data-node-id=\"80\" class=\"css-6wxqfj emevuu60\"><strong data-node-id=\"80.0\">Ya que est\u00e1s presentando tu primer libro, \u00bfnos recomiendas uno que te haya impactado especialmente?<\/strong><br data-node-id=\"80.1\"\/>Es que soy mal lector, es realmente dif\u00edcil. Dir\u00eda Zen en el arte del tiro con arco. Es un gran libro, de los pocos que le\u00ed completos. Hace toda una analog\u00eda con el tiro con flecha y arco y sirve mucho para la profesi\u00f3n o para cualquier actividad que uno haga, porque vincula mucho el arte con la disciplina del que tira con arco y tiene el objetivo: analiza todo lo que sucede, pasado, presente y futuro.<\/p>\n<p>Gaia Ediciones Zen en el arte del tiro con arco: Con introducci\u00f3n de Daisetz T. Suzuki (Espiritualidad)<\/p>\n<p><a target=\"_blank\" rel=\"nofollow noopener\" data-theme-key=\"product-image-wrapper\" href=\"https:\/\/www.amazon.es\/dp\/8484459934?tag=esquirespain-21\" aria-label=\"15\u00a0\u20ac en Amazon for Zen en el arte del tiro con arco: Con introducci\u00f3n de Daisetz T. Suzuki (Espiritualidad)\" data-href=\"https:\/\/www.amazon.es\/dp\/8484459934\" data-product-url=\"https:\/\/www.amazon.es\/dp\/8484459934\" data-affiliate=\"true\" data-affiliate-url=\"https:\/\/www.amazon.es\/dp\/8484459934?tag=esquirespain-21\" data-affiliate-network=\"{&quot;afflink_redirect&quot;:&quot;\/_p\/afflink\/ymH5\/amazon-zen-en-el-arte-del&quot;,&quot;site_id&quot;:&quot;92d07c0b-730d-4727-bddc-68f85354bda9&quot;,&quot;network&quot;:{&quot;name&quot;:&quot;Amazon&quot;},&quot;metadata&quot;:{&quot;links&quot;:{&quot;default&quot;:&quot;https:\/\/www.amazon.es\/dp\/8484459934?tag=esquirespain-21&quot;}}}\" data-vars-ga-call-to-action=\"15\u00a0\u20ac en Amazon\" data-vars-ga-media-role=\"\" data-vars-ga-media-type=\"Single Product Embed\" data-vars-ga-outbound-link=\"https:\/\/www.amazon.es\/dp\/8484459934\" data-vars-ga-product-brand=\"Gaia Ediciones\" data-vars-ga-product-id=\"e7fd55ad-d6c1-4040-bd77-58b62e1cdd08\" data-vars-ga-product-price=\"15,20\u00a0\u20ac\" data-vars-ga-product-retailer-id=\"d973931d-c031-4c25-8de9-7142400ddf57\" data-vars-ga-product-sem3-brand=\"Gaia Ediciones\" data-vars-ga-product-sem3-category=\"Budismo\" data-vars-ga-link-treatment=\"(not set) | (not set)\" data-vars-ga-sku=\"8484459934\" data-vars-ga-magento-tracking=\"1\" class=\"product-image-link ebgq4gw2 e1b8bpvs0 css-g6od0w e1c1bym14\"><img  alt=\"Zen en el arte del tiro con arco: Con introducci\u00f3n de Daisetz T. Suzuki (Espiritualidad)\" title=\"Zen en el arte del tiro con arco: Con introducci\u00f3n de Daisetz T. Suzuki (Espiritualidad)\" src=\"https:\/\/www.europesays.com\/es\/wp-content\/uploads\/2025\/10\/1760450522-81Faf8KJoTL.jpg\" width=\"1500\" height=\"2180\" decoding=\"async\" loading=\"lazy\"\/><\/a><\/p>\n<p data-journey-content=\"true\" data-node-id=\"83\" class=\"css-6wxqfj emevuu60\"><strong data-node-id=\"83.0\">Para acabar, \u00bfpuedes confirmarme con qu\u00e9 Enzo he hablado?<\/strong><br data-node-id=\"83.1\"\/>Con el Enzo que responde preguntas, que es uno particular que no siempre habla tanto. Yo no hablo tanto en mi vida.<\/p>\n<p data-journey-content=\"true\" data-node-id=\"85\" class=\"body-tip css-120yoin emevuu60\">Ayudante de fotograf\u00eda: <strong data-node-id=\"85.1\">Idoia Vitas<\/strong> \u00b7 Maquillaje y peluquer\u00eda: <strong data-node-id=\"85.3\">Mar\u00eda Solans (Mery Makeup)<\/strong> \u00b7 V\u00eddeo: <strong data-node-id=\"85.5\">Diego Rueda<\/strong> \u00b7 Edici\u00f3n de v\u00eddeo:<strong data-node-id=\"85.7\"> Jorge Neila<\/strong><\/p>\n<p><img src=\"https:\/\/www.europesays.com\/es\/wp-content\/uploads\/2025\/10\/0a6ecf55-8eb6-43b0-a517-eb1cf89110a5_1596102569.jpg\" alt=\"Headshot of Gonzalo Cordero\" title=\"Headshot of Gonzalo Cordero\" width=\"100%\" height=\"100%\" decoding=\"async\" loading=\"lazy\" class=\"css-o0wq4v ev8dhu53\"\/><\/p>\n<p>Gonzalo es el Redactor Jefe Digital de Esquire. Es experto en cultura en general y en series y cine en particular desde hace m\u00e1s de 15 a\u00f1os. Como dir\u00eda Paquita Salas, un periodista 360: lo mismo coordina grandes producciones con estrellas nacionales e internacionales que graba un v\u00eddeo viral con Soy una Pringada.\u00a0<\/p>\n<p>Nadie conoce los cat\u00e1logos de las plataformas de streaming como \u00e9l y tiene el firme prop\u00f3sito de seleccionar lo mejor de lo mejor entre las \u00faltimas novedades de Netflix, HBO Max y Amazon Prime Video, entre otras. En sus art\u00edculos, encuentra, disecciona y valora las series y pel\u00edculas m\u00e1s interesantes de cada plataforma. Dentro de su especialidad en temas de cultura, tambi\u00e9n le apasiona escribir de m\u00fasica sin prejuicios, ya sea con una entrevista al grupo indie de moda o con un reportaje sobre el \u00faltimo gran fen\u00f3meno pop.\u00a0<\/p>\n<p>En sus ratos libres, escribe y dirige teatro. Es autor de la novela \u2018Mayo\u2019 (ed. Talentura) y de varias obras estrenadas en el off madrile\u00f1o como \u2018BeSame\u2019, \u2018La t\u00edmida\u2019 y \u2018Bosco\u2019.\u00a0<\/p>\n<p>Gonzalo Cordero se licenci\u00f3 en Comunicaci\u00f3n Audiovisual en la Universidad Complutense de Madrid en el a\u00f1o 2005 y continu\u00f3 sus estudios durante cuatro a\u00f1os en la Escuela de Escritores de Madrid. Desde entonces, su experiencia viene avalada por una amplia trayectoria como redactor en diferentes revistas y webs del grupo HEARST, como Teleindiscreta, Supertele, Teleprograma o Ego, antes de aterrizar en Esquire hace m\u00e1s de cinco a\u00f1os. \u00a0<\/p>\n","protected":false},"excerpt":{"rendered":"Cuando tuve el privilegio de entrevistar a Enzo Vogrincic (Montevideo, 1993) hace algo m\u00e1s de un a\u00f1o, pocos&hellip;\n","protected":false},"author":2,"featured_media":191540,"comment_status":"","ping_status":"","sticky":false,"template":"","format":"standard","meta":{"footnotes":""},"categories":[172],"tags":[224,253,1180,146,147,25,24,225,23],"class_list":{"0":"post-191539","1":"post","2":"type-post","3":"status-publish","4":"format-standard","5":"has-post-thumbnail","7":"category-libros","8":"tag-books","9":"tag-discover","10":"tag-editorial","11":"tag-entertainment","12":"tag-entretenimiento","13":"tag-es","14":"tag-espana","15":"tag-libros","16":"tag-spain"},"share_on_mastodon":{"url":"https:\/\/pubeurope.com\/@es\/115412240921463478","error":""},"_links":{"self":[{"href":"https:\/\/www.europesays.com\/es\/wp-json\/wp\/v2\/posts\/191539","targetHints":{"allow":["GET"]}}],"collection":[{"href":"https:\/\/www.europesays.com\/es\/wp-json\/wp\/v2\/posts"}],"about":[{"href":"https:\/\/www.europesays.com\/es\/wp-json\/wp\/v2\/types\/post"}],"author":[{"embeddable":true,"href":"https:\/\/www.europesays.com\/es\/wp-json\/wp\/v2\/users\/2"}],"replies":[{"embeddable":true,"href":"https:\/\/www.europesays.com\/es\/wp-json\/wp\/v2\/comments?post=191539"}],"version-history":[{"count":0,"href":"https:\/\/www.europesays.com\/es\/wp-json\/wp\/v2\/posts\/191539\/revisions"}],"wp:featuredmedia":[{"embeddable":true,"href":"https:\/\/www.europesays.com\/es\/wp-json\/wp\/v2\/media\/191540"}],"wp:attachment":[{"href":"https:\/\/www.europesays.com\/es\/wp-json\/wp\/v2\/media?parent=191539"}],"wp:term":[{"taxonomy":"category","embeddable":true,"href":"https:\/\/www.europesays.com\/es\/wp-json\/wp\/v2\/categories?post=191539"},{"taxonomy":"post_tag","embeddable":true,"href":"https:\/\/www.europesays.com\/es\/wp-json\/wp\/v2\/tags?post=191539"}],"curies":[{"name":"wp","href":"https:\/\/api.w.org\/{rel}","templated":true}]}}