{"id":191543,"date":"2025-10-21T12:50:14","date_gmt":"2025-10-21T12:50:14","guid":{"rendered":"https:\/\/www.europesays.com\/es\/191543\/"},"modified":"2025-10-21T12:50:14","modified_gmt":"2025-10-21T12:50:14","slug":"grupo-musica-cangas-el-grupo-de-rock-de-cangas-del-narcea-que-es-algo-mas-que-eso-aqui-sus-secretos-y-origen","status":"publish","type":"post","link":"https:\/\/www.europesays.com\/es\/191543\/","title":{"rendered":"GRUPO M\u00daSICA CANGAS | El grupo de rock de Cangas del Narcea que es algo m\u00e1s que eso: aqu\u00ed, sus secretos y origen"},"content":{"rendered":"<p class=\"ft-text ft-helper-closenews\">Los que lo conocen saben que no es un grupo cualquiera, porque, como dir\u00eda uno de sus socios fundadores, <strong>Julio Santiago<\/strong>,<strong> \u00abparecemos una fundaci\u00f3n\u00bb<\/strong>. No hay persona que desee tocar en alg\u00fan momento con <strong>\u00abKilika\u00bb<\/strong> y que su deseo no sea concedido. Pero para saber algo m\u00e1s, para ahondar en la historia de esta banda que es (presuntamente) la m\u00e1s querida del concejo, hay que volver al pasado. En concreto, al a\u00f1o <strong>2016<\/strong>.<\/p>\n<p class=\"ft-text\">\u00abHab\u00eda un profesor en la escuela de m\u00fasica municipal que siempre nos animaba a matricularnos\u00bb, recuerda Julio Santiago. Aquel profesor era <strong>Mois\u00e9s \u00c1lvarez<\/strong>, hoy afincado en Madrid. De aquel inter\u00e9s y de aquella insistencia de Mois\u00e9s, \u00abun tipo muy creativo\u00bb, surgi\u00f3 todo. \u00abUn buen d\u00eda, lo hicimos\u00bb, cuenta otro fundador,<a class=\"ft-link ft-link--decoration\" href=\"https:\/\/www.lne.es\/cangas-del-narcea\/2025\/04\/08\/mitico-bar-cangas-acaba-cumplir-116128706.html\" rel=\"nofollow noopener\" target=\"_blank\"> Guillermo Lastra, quien es propietario del bar El Trasgu<\/a>, \u00abdonde se coci\u00f3 todo\u00bb.<\/p>\n<p class=\"ft-text\"><strong>Empezaron a ensayar fuera del centro musical, siempre sin pretensiones ni expectativas<\/strong>, \u00abteniendo claro que lo que quer\u00edamos era pasarlo bien\u00bb, dicen Julio y Guillermo. Sin embargo, la pelota \u00abse fue haciendo m\u00e1s grande\u00bb y hoy en d\u00eda son muchos los \u00abkilikeros\u00bb fans. Pero, \u00bfc\u00f3mo &#8216;sucede&#8217; el \u00e9xito? \u00abCuando haces las cosas con autenticidad\u00bb, explica Julio Santiago.<strong> \u00abNos juntamos, lo pasamos bien y, adem\u00e1s, hacemos m\u00fasica\u00bb<\/strong>, a\u00f1ade desvelando el secreto n\u00famero uno.<\/p>\n<p>Todo lo recaudado, para los equipos<\/p>\n<p class=\"ft-text\">Secreto n\u00famero dos: Todo lo que recaudan se reinvierte en el grupo, en los recursos que necesitan para poder seguir haciendo conciertos \u00aby casi una <strong>d\u00e9cada despu\u00e9s seguimos juntos<\/strong>\u00ab, detalla Lastra. \u00abPor el grupo pas\u00f3 mucha gente; gente que quiso tocar con nosotros y que hicieron que todo esto sea especial\u00bb, opina. Nadie de los integrantes de Kilika Santa quiere ser profesional de la m\u00fasica. Todos sus integrantes se ganan la vida en otros sectores. Y quiz\u00e1s esa sea el secreto n\u00famero tres.<\/p>\n<p class=\"ft-text\"><strong>Con esta filosof\u00eda han viajado mucho por todo el concejo cangu\u00e9s, tambi\u00e9n por Asturias, Le\u00f3n y Villablino<\/strong>. \u00abNo podemos ir a todos los lugares que desear\u00edamos por motivos laborales\u00bb, confiesa Julio Santiago.<\/p>\n<p class=\"ft-text\">Suelen ensayar los lunes y este a\u00f1o sorprender\u00e1n a sus seguidores con un nuevo disco, el segundo de su historia. Se trata, dicen, <strong>de composiciones propias que se pueden escuchar en sus conciertos<\/strong>. \u00abSeis o siete\u00bb en los que han trabajado todos, pero especialmente \u00abJulio y David, que son creadores natos y dan con temas muy buenos\u00bb.\u00a0Todo depende del grupo. Desde la grabaci\u00f3n a la postproducci\u00f3n. Es algo que \u00abnos caracteriza, que nos encargamos de todo y no queremos dejar que nadie nos gobierne\u00bb.<\/p>\n<p>\u00abEl calor de la gente\u00bb<\/p>\n<p class=\"ft-text\">Despu\u00e9s de tantos a\u00f1os de viajes y conciertos siguen sintiendo <strong>\u00abel calor de la gente\u00bb<\/strong>. \u00abEs lo m\u00e1s importante para nosotros, que el p\u00fablico se lo pase bien\u00bb, dice Julio Santiago. <strong>\u00abEn Cangas nos apoyan mucho; hacemos camisetas para mejorar el equipo de altavoces y se venden; y despu\u00e9s ves que la gente te acompa\u00f1a\u00bb<\/strong>, detalla Guillermo Lastra, quien, a sus 62 a\u00f1os, dice que la m\u00fasica \u00abme aporta todo y me persigue\u00bb.<\/p>\n<p class=\"ft-text\">Cabe recordar a todos los que pasaron por la banda y dejaron huella, \u00abLa Chispa, la bater\u00eda, o Pablo, el dermat\u00f3logo\u00bb. Hay un secreto n\u00famero cuatro que no es menor en importancia: <strong>\u00abNo aspiramos a la perfecci\u00f3n y no queremos sonar enlatados, somos lo que somos. Kilika Santa\u00bb<\/strong>, advierten sus fundadores.<\/p>\n<p>La funeraria con alma musical<\/p>\n<p class=\"ft-text\">En Cangas del Narcea y todos los lugares donde la banda tiene v\u00ednculo conocen bien un <strong>veh\u00edculo muy especial<\/strong>. Una antigua funeraria que utilizan casi desde su primer a\u00f1o de vida para trasladar los equipos. \u00abEs una reliquia, adem\u00e1s tiene muchas pegatinas y publicidad que nos recuerdan tantas vivencias&#8230;.\u00bb, subraya Julio Santiago, <strong>quien se atreve a elegir una canci\u00f3n de su primer disco, \u00abMerkel\u00bb<\/strong> y a desafiar al mundo con una advertencia: \u00abNunca se sabe, igual damos un pelotazo y nos llaman (si Espa\u00f1a finalmente acude) a Eurovisi\u00f3n\u00bb.<\/p>\n<p><img decoding=\"async\" src=\"https:\/\/www.europesays.com\/es\/wp-content\/uploads\/2025\/10\/af415e1d-322a-4336-8fcd-0927c5165cb6_alta-libre-aspect-ratio_default_0.jpg\" width=\"1200\" height=\"883\" alt=\"La funeraria de Kilika santa.\" class=\"ft-helper-img-rd\" loading=\"lazy\" hasdataaida=\"true\"\/><\/p>\n<p class=\"ft-helper-fontColor-quaternary ft-helper-fontSize-body-S ft-helper-spacer-t-xxs\">La funeraria de Kilika santa.  \/ Kilika Santa<\/p>\n<p class=\"ft-text\">Hoy en d\u00eda, integran el grupo, adem\u00e1s de <strong>Guillermo Lastra y Julio Santiago, los \u00abLuises\u00bb de los bajos, Manu, David Mancebo, Miguel, Juan Rodr\u00edguez y Rafa Sorriba<\/strong>. Su carta de presentaci\u00f3n: <strong>\u00abA las orillas del Narcea nace la \u00fanica m\u00fasica con olor a p\u00f3lvora y sabor a rock\u00bb<\/strong>. Larga vida a Kilika Santa, el grupo que recuerda, por cierto, la vulva de la mujer (de ah\u00ed su nombre).<\/p>\n<p data-close=\"closedContent\" class=\"subscribeHideForDisplay\">Suscr\u00edbete para seguir leyendo<\/p>\n","protected":false},"excerpt":{"rendered":"Los que lo conocen saben que no es un grupo cualquiera, porque, como dir\u00eda uno de sus socios&hellip;\n","protected":false},"author":2,"featured_media":191544,"comment_status":"","ping_status":"","sticky":false,"template":"","format":"standard","meta":{"footnotes":""},"categories":[170],"tags":[2903,208,146,147,25,24,260,100,448,184,185,43038,1273,2450,8316,23],"class_list":{"0":"post-191543","1":"post","2":"type-post","3":"status-publish","4":"format-standard","5":"has-post-thumbnail","7":"category-musica","8":"tag-cangas","9":"tag-conciertos","10":"tag-entertainment","11":"tag-entretenimiento","12":"tag-es","13":"tag-espana","14":"tag-gente","15":"tag-grupo","16":"tag-historia","17":"tag-music","18":"tag-musica","19":"tag-narcea","20":"tag-rock","21":"tag-santiago","22":"tag-secretos","23":"tag-spain"},"share_on_mastodon":{"url":"https:\/\/pubeurope.com\/@es\/115412247031772656","error":""},"_links":{"self":[{"href":"https:\/\/www.europesays.com\/es\/wp-json\/wp\/v2\/posts\/191543","targetHints":{"allow":["GET"]}}],"collection":[{"href":"https:\/\/www.europesays.com\/es\/wp-json\/wp\/v2\/posts"}],"about":[{"href":"https:\/\/www.europesays.com\/es\/wp-json\/wp\/v2\/types\/post"}],"author":[{"embeddable":true,"href":"https:\/\/www.europesays.com\/es\/wp-json\/wp\/v2\/users\/2"}],"replies":[{"embeddable":true,"href":"https:\/\/www.europesays.com\/es\/wp-json\/wp\/v2\/comments?post=191543"}],"version-history":[{"count":0,"href":"https:\/\/www.europesays.com\/es\/wp-json\/wp\/v2\/posts\/191543\/revisions"}],"wp:featuredmedia":[{"embeddable":true,"href":"https:\/\/www.europesays.com\/es\/wp-json\/wp\/v2\/media\/191544"}],"wp:attachment":[{"href":"https:\/\/www.europesays.com\/es\/wp-json\/wp\/v2\/media?parent=191543"}],"wp:term":[{"taxonomy":"category","embeddable":true,"href":"https:\/\/www.europesays.com\/es\/wp-json\/wp\/v2\/categories?post=191543"},{"taxonomy":"post_tag","embeddable":true,"href":"https:\/\/www.europesays.com\/es\/wp-json\/wp\/v2\/tags?post=191543"}],"curies":[{"name":"wp","href":"https:\/\/api.w.org\/{rel}","templated":true}]}}