{"id":191575,"date":"2025-10-21T13:09:14","date_gmt":"2025-10-21T13:09:14","guid":{"rendered":"https:\/\/www.europesays.com\/es\/191575\/"},"modified":"2025-10-21T13:09:14","modified_gmt":"2025-10-21T13:09:14","slug":"la-escalofriante-historia-del-actor-tim-curry-no-temo-a-la-muerte-la-recibire-de-brazos-abiertos-libertad-digital","status":"publish","type":"post","link":"https:\/\/www.europesays.com\/es\/191575\/","title":{"rendered":"La escalofriante historia del actor Tim Curry: \u00abNo temo a la muerte, la recibir\u00e9 de brazos abiertos\u00bb &#8211; Libertad Digital"},"content":{"rendered":"<p>El actor <strong>Tim Curry<\/strong>, conocido por su papeles en el musical The Rocky Horror Picture Show y Annie o como el payaso Pennywise de la primera versi\u00f3n de It, ha compartido en una extensa entrevista a CBS Sunday Morning sus vicisitudes de salud de la \u00faltima d\u00e9cada, incluyendo un infarto cerebral y la necesidad de aprender a caminar de nuevo.<\/p>\n<p>Curry relat\u00f3 al presentador Ben Mankiewicz los detalles del d\u00eda fatal que cambi\u00f3 su vida. \u00ab\u00bb<strong>Me estaban dando un masaje<\/strong>, y el chico que me lo daba me dijo: \u00abEstoy preocupado por ti. Creo que deber\u00edamos llamar a un m\u00e9dico\u00bb. Me sent\u00eda bien. No ten\u00eda ning\u00fan s\u00edntoma. No me dol\u00eda nada\u00bb.<\/p>\n<blockquote class=\"twitter-tweet\"><p>&#13;<\/p>\n<p dir=\"ltr\" lang=\"en\">So grateful I got to do this story on actor Tim Curry, who faces his considerable struggles with minimal bitterness, and with his thriving sense of humor.<br \/>&#13;<br \/>\n(Didn&#8217;t make the piece, but he enjoyed making The Hunt for Red October and he adored Sean Connery). <a href=\"https:\/\/t.co\/7z6ohqXF59\" target=\"_blank\" rel=\"nofollow\">pic.twitter.com\/7z6ohqXF59<\/a><\/p>\n<p>&#13;<br \/>\n\u2014 Ben Mankiewicz (@BenMank77) <a href=\"https:\/\/twitter.com\/BenMank77\/status\/1980070673218449417?ref_src=twsrc%5Etfw\" target=\"_blank\" rel=\"nofollow noopener\">October 20, 2025<\/a><\/p><\/blockquote>\n<p>El diagnostico tras tan \u00abextra\u00f1a\u00bb situaci\u00f3n fue grave: un deerrame cerebral que hizo pensar a Curry en su padre, fallecido precisamente por esa misma causa cuando el actor contaba apenas 10 a\u00f1os. El actor se someti\u00f3 a una cirug\u00eda cerebral y una posterior rehabilitacion que le forz\u00f3 a \u00abaprender a hablar de nuevo\u00bb.<\/p>\n<p>Adem\u00e1s, el lado izquierdo de su cara qued\u00f3 completamente paralizado, \u00abinclin\u00e1ndose un poco hacia un lado\u00bb, dijo en el documental.<\/p>\n<p>Pese todo Curry es al\u00e9rgico a la autocompasi\u00f3n y, adem\u00e1s, dice no temer \u00abla muerte, aunque intento evitarla\u00bb, dice entre risas. \u00abCreo que todos tenemos miedo, pero sospecho que al final la recibir\u00e9 con los brazos abiertos. Creo que puede ser muy reconfortante decir adi\u00f3s, y quiero gan\u00e1rmelo\u00bb.<\/p>\n<p>&#13;<br \/>\n    Relacionado&#13;<br \/>\n    &#13;<\/p>\n<p>Eso, naturalmente, afect\u00f3 a la fuerza a la carrera profesional de Curry, de 79 a\u00f1os, que tambi\u00e9n ha publicado \u00e1lbumes musicales y cantado en peliculas como <strong>The Rocky Horror Picture Show<\/strong>, donde interpret\u00f3 al c\u00e9lebre personaje de culto Frank-N-Furter.<\/p>\n<p>La entrevista vino a colaci\u00f3n de las memorias que Curry publica en forma de libro, <strong>Vagabond<\/strong>, pero ya en la entrevista reconoce que algunos secretos seguir\u00e1n siendo eso mismo, secretos. \u00abUna de las claves es no fomentar una identidad\u00bb. \u00abLo he protegido y lo sigo haciendo\u00bb, dijo sobre su vida personal y otros extremos.<\/p>\n<p><a class=\"fancybox\" href=\"https:\/\/s1.staticld.com\/2025\/10\/20\/tim-curry-rocky-horror-picture-show.jpg\" rel=\"nofollow noreferrer noopener\" target=\"_blank\"><img class=\"l\" data-  style=\"aspect-ratio: 640 \/ 419\" alt=\"tim-curry-rocky-horror-picture-show.jpg\"\/><\/a><\/p>\n<p>Donde s\u00ed se ha extendido Curry es sobre el trastorno bipolar de su madre, que pod\u00eda ser amorosa y cruel seg\u00fan el dictado de su enfermemdad. Nunca dio mucha importancia al \u00e9xito como actor de su hijo, que \u00able ten\u00eda miedo\u00bb.<\/p>\n<p>Curry habla sobre la inevitable tristeza que le ha provocado su nueva condici\u00f3n, pero asegura: \u00abNo admiro mucho la autocompasi\u00f3n, supongo que por el legado de mi madre (\u2026) Es algo por lo que estoy agradecido. \u00bfPor qu\u00e9 eres tan importante como para compadecerte?\u00bb.<\/p>\n<p>            <script async src=\"https:\/\/platform.twitter.com\/widgets.js\" charset=\"utf-8\"><\/script><\/p>\n","protected":false},"excerpt":{"rendered":"El actor Tim Curry, conocido por su papeles en el musical The Rocky Horror Picture Show y Annie&hellip;\n","protected":false},"author":2,"featured_media":191576,"comment_status":"","ping_status":"","sticky":false,"template":"","format":"standard","meta":{"footnotes":""},"categories":[174],"tags":[255,146,147,25,24,256,3889,23,53529],"class_list":{"0":"post-191575","1":"post","2":"type-post","3":"status-publish","4":"format-standard","5":"has-post-thumbnail","7":"category-famosos","8":"tag-celebrities","9":"tag-entertainment","10":"tag-entretenimiento","11":"tag-es","12":"tag-espana","13":"tag-famosos","14":"tag-sector-del-cine","15":"tag-spain","16":"tag-tim-curry"},"share_on_mastodon":{"url":"https:\/\/pubeurope.com\/@es\/115412321243330485","error":""},"_links":{"self":[{"href":"https:\/\/www.europesays.com\/es\/wp-json\/wp\/v2\/posts\/191575","targetHints":{"allow":["GET"]}}],"collection":[{"href":"https:\/\/www.europesays.com\/es\/wp-json\/wp\/v2\/posts"}],"about":[{"href":"https:\/\/www.europesays.com\/es\/wp-json\/wp\/v2\/types\/post"}],"author":[{"embeddable":true,"href":"https:\/\/www.europesays.com\/es\/wp-json\/wp\/v2\/users\/2"}],"replies":[{"embeddable":true,"href":"https:\/\/www.europesays.com\/es\/wp-json\/wp\/v2\/comments?post=191575"}],"version-history":[{"count":0,"href":"https:\/\/www.europesays.com\/es\/wp-json\/wp\/v2\/posts\/191575\/revisions"}],"wp:featuredmedia":[{"embeddable":true,"href":"https:\/\/www.europesays.com\/es\/wp-json\/wp\/v2\/media\/191576"}],"wp:attachment":[{"href":"https:\/\/www.europesays.com\/es\/wp-json\/wp\/v2\/media?parent=191575"}],"wp:term":[{"taxonomy":"category","embeddable":true,"href":"https:\/\/www.europesays.com\/es\/wp-json\/wp\/v2\/categories?post=191575"},{"taxonomy":"post_tag","embeddable":true,"href":"https:\/\/www.europesays.com\/es\/wp-json\/wp\/v2\/tags?post=191575"}],"curies":[{"name":"wp","href":"https:\/\/api.w.org\/{rel}","templated":true}]}}