{"id":191600,"date":"2025-10-21T13:25:11","date_gmt":"2025-10-21T13:25:11","guid":{"rendered":"https:\/\/www.europesays.com\/es\/191600\/"},"modified":"2025-10-21T13:25:11","modified_gmt":"2025-10-21T13:25:11","slug":"el-bautismo-de-marcos-fis-con-los-hispanos-a-los-18","status":"publish","type":"post","link":"https:\/\/www.europesays.com\/es\/191600\/","title":{"rendered":"El &#8216;bautismo&#8217; de Marcos Fis con los Hispanos a los 18"},"content":{"rendered":"<p class=\"ft-text\"><strong>Julio Fis naci\u00f3 el 28 de octubre de 1974 en la localidad cubana de <\/strong><a class=\"ft-link ft-link--decoration\" href=\"https:\/\/www.sport.es\/es\/videos\/internacional\/20250207\/llegan-inmigrantes-deportados-carcel-guantanamo\/114082578.shtml\" rel=\"nofollow noopener\" target=\"_blank\">Guant\u00e1namo, tristemente conocida por el centro de detenci\u00f3n de los Estados Unidos<\/a> en el que los derechos humanos suelen brillar por su ausencia. El lateral izquierdo abandon\u00f3 Cuba en 1997 y, tras pasar por dos equipos h\u00fangaros, fich\u00f3 por el Bidasoa Irun en 1999.<\/p>\n<p class=\"ft-text\">En la primavera de 2005 obtuvo la nacionalidad espa\u00f1ola como jugador del Balonmano Valladolid y <strong>colabor\u00f3 a la plata en el Europeo de 2006 a las \u00f3rdenes de Juan Carlos Pastor<\/strong>. En total, 23 partidos y 476 goles con los Hispanos y un excelente recuerdo por su talento y por su potencia.<\/p>\n<p class=\"ft-text\">Entre 2005 y 2007 jug\u00f3 en el <strong>Ciudad Real, donde naci\u00f3 el 1 de marzo de 2007 su hijo Marcos Fis<\/strong>, uno de los grandes talentos emergentes del balonmano espa\u00f1ol que ya est\u00e1 brillando a sus 18 a\u00f1os en la Liga NEXUS ENERG\u00cdA ASOBAL en las filas del Fraikin Granollers que dirige un maestro del balonmano, Antonio Rama.<\/p>\n<p><img decoding=\"async\" src=\"https:\/\/www.europesays.com\/es\/wp-content\/uploads\/2025\/10\/d68115d8-5156-441f-8159-b0e90c778ec3_alta-libre-aspect-ratio_default_0.jpg\" width=\"1200\" height=\"675\" alt=\"Gerard Domingo, en el Palau d'Esports junto a Marcos Fis\" class=\"ft-helper-img-rd\" loading=\"lazy\" hasdataaida=\"true\"\/><\/p>\n<p class=\"ft-helper-fontColor-quaternary ft-helper-fontSize-body-S ft-helper-spacer-t-xxs\">Gerard Domingo, en el Palau d&#8217;Esports junto a Marcos Fis  \/ BM GRANOLLERS<\/p>\n<p class=\"ft-text\">Se form\u00f3 en el Alarcos Ciudad Real y en la temporada 2023-24 fue el segundo m\u00e1ximo goleador del Grupo F de Primera Nacional con 190 goles en 27 partidos. Ese verano se enrol\u00f3 en el otro equipo de la ciudad, el ID Energy Caser\u00edo de Plata. Y como menor de edad, <strong>tuvo un papel decisivo en el <\/strong><a class=\"ft-link ft-link--decoration\" href=\"https:\/\/www.sport.es\/es\/noticias\/deportes\/balonmano\/ciudad-real-regresa-asobal-14-117814810\" rel=\"nofollow noopener\" target=\"_blank\">ascenso de los de Santi Urdiales a la ASOBAL<\/a>.<\/p>\n<p class=\"ft-text\">Marcos Fis marc\u00f3 126 tantos en la fase regular, tres en las semifinales ante el Fertiberia Puerto Sagunto (30-23) y <strong>fue la gran estrella de la final con 12 &#8216;dianas&#8217; frente al IBU San Pablo Burgos (31-27)<\/strong>. Clave en las categor\u00edas inferiores con los Hispanos, el pasado verano dio otro salto y fich\u00f3 por el Fraikin Granollers.<\/p>\n<p class=\"ft-text\">El hispanocubano (tiene las dos nacionalidades) est\u00e1 maravillando <a class=\"ft-link ft-link--decoration\" href=\"https:\/\/www.sport.es\/es\/noticias\/deportes\/balonmano\/despedida-perfecta-antonio-garcia-granollers-118094237\" rel=\"nofollow noopener\" target=\"_blank\">a las \u00f3rdenes de Antonio Rama con Antonio Garc\u00eda de &#8216;segundo&#8217;<\/a>. Tanto, que <strong>es el tercer m\u00e1ximo realizador de la Liga ASOBAL con 36 goles<\/strong> en seis jornadas, tan solo por detr\u00e1s de los 53 Gonzalo P\u00e9rez Arce (ABANCA Ademar) y los 43 de Ander Torrico (Horneo E\u00f3n Alicante).<\/p>\n<p><img decoding=\"async\" src=\"https:\/\/www.europesays.com\/es\/wp-content\/uploads\/2025\/10\/1b03be11-e2fa-412d-b6d5-20a9209e2ebb_alta-libre-aspect-ratio_default_0.jpg\" width=\"1200\" height=\"675\" alt=\"Marcos Fis, con los Hispanos Juniors\" class=\"ft-helper-img-rd\" loading=\"lazy\" hasdataaida=\"true\"\/><\/p>\n<p class=\"ft-helper-fontColor-quaternary ft-helper-fontSize-body-S ft-helper-spacer-t-xxs\">Marcos Fis, con los Hispanos Juniors  \/ RFEBM<\/p>\n<p class=\"ft-text\">Este lunes salt\u00f3 la gran noticia, ya que <strong>Jordi Ribera ha citado a Marcos Fis en sustituci\u00f3n de \u00c1lex Dujshebaev<\/strong> (Industria Kielce) para los dos amistosos ante Suecia que se disputar\u00e1n el 30 de octubre en el\u00a0Saab Arena de Link\u00f6ping\u00a0y\u00a0el 1 de noviembre en el Volvo CE Arena de Eskilstuna.<\/p>\n<p class=\"ft-text\">Seg\u00fan ha podido saber SPORT, <strong>el Bar\u00e7a lo sigue atentamente desde que era juvenil<\/strong> y <a class=\"ft-link ft-link--decoration\" href=\"https:\/\/www.sport.es\/es\/noticias\/barca\/balonmano\/barca-revela-secretos-cantera-balonmano-84392435\" rel=\"nofollow noopener\" target=\"_blank\">los primeros informes los realiz\u00f3 el emblem\u00e1tico Ra\u00fal Entrerr\u00edos<\/a>, entonces responsable de la cantera azulgrana y ahora seleccionador espa\u00f1ol juvenil. De hecho, bien pudo llegar al club barcelonista este pasado verano.<\/p>\n<p class=\"ft-text\">Fis firm\u00f3 por dos temporadas y <strong>quedar\u00eda libre en junio de <\/strong><a class=\"ft-link ft-link--decoration\" href=\"https:\/\/www.sport.es\/es\/noticias\/deportes\/balonmano\/lateral-zurdo-frances-dika-mem-13663557\" rel=\"nofollow noopener\" target=\"_blank\">2027&#8230; que es cuando acaba contrato Dika Mem con el Bar\u00e7a<\/a>. Ambos podr\u00edan formar una pareja sensacional de laterales derechos. Eso s\u00ed, Alemania y Francia estar\u00e1n al acecho, por lo que no se debe vacilar. Y el coordinador Joan Marin es un especialista en moverse sin hacer ruido.<\/p>\n","protected":false},"excerpt":{"rendered":"Julio Fis naci\u00f3 el 28 de octubre de 1974 en la localidad cubana de Guant\u00e1namo, tristemente conocida por&hellip;\n","protected":false},"author":2,"featured_media":191601,"comment_status":"","ping_status":"","sticky":false,"template":"","format":"standard","meta":{"footnotes":""},"categories":[278],"tags":[376,168,25,24,53531,53532,375,17162,50556,37482,23704,23,167],"class_list":{"0":"post-191600","1":"post","2":"type-post","3":"status-publish","4":"format-standard","5":"has-post-thumbnail","7":"category-balonmano","8":"tag-balonmano","9":"tag-deportes","10":"tag-es","11":"tag-espana","12":"tag-fis","13":"tag-fraikin-granollers","14":"tag-handball","15":"tag-hispanos","16":"tag-jordi-ribera","17":"tag-julio-fis","18":"tag-marcos-fis","19":"tag-spain","20":"tag-sports"},"share_on_mastodon":{"url":"https:\/\/pubeurope.com\/@es\/115412384258557760","error":""},"_links":{"self":[{"href":"https:\/\/www.europesays.com\/es\/wp-json\/wp\/v2\/posts\/191600","targetHints":{"allow":["GET"]}}],"collection":[{"href":"https:\/\/www.europesays.com\/es\/wp-json\/wp\/v2\/posts"}],"about":[{"href":"https:\/\/www.europesays.com\/es\/wp-json\/wp\/v2\/types\/post"}],"author":[{"embeddable":true,"href":"https:\/\/www.europesays.com\/es\/wp-json\/wp\/v2\/users\/2"}],"replies":[{"embeddable":true,"href":"https:\/\/www.europesays.com\/es\/wp-json\/wp\/v2\/comments?post=191600"}],"version-history":[{"count":0,"href":"https:\/\/www.europesays.com\/es\/wp-json\/wp\/v2\/posts\/191600\/revisions"}],"wp:featuredmedia":[{"embeddable":true,"href":"https:\/\/www.europesays.com\/es\/wp-json\/wp\/v2\/media\/191601"}],"wp:attachment":[{"href":"https:\/\/www.europesays.com\/es\/wp-json\/wp\/v2\/media?parent=191600"}],"wp:term":[{"taxonomy":"category","embeddable":true,"href":"https:\/\/www.europesays.com\/es\/wp-json\/wp\/v2\/categories?post=191600"},{"taxonomy":"post_tag","embeddable":true,"href":"https:\/\/www.europesays.com\/es\/wp-json\/wp\/v2\/tags?post=191600"}],"curies":[{"name":"wp","href":"https:\/\/api.w.org\/{rel}","templated":true}]}}