{"id":191616,"date":"2025-10-21T13:34:08","date_gmt":"2025-10-21T13:34:08","guid":{"rendered":"https:\/\/www.europesays.com\/es\/191616\/"},"modified":"2025-10-21T13:34:08","modified_gmt":"2025-10-21T13:34:08","slug":"me-aterra-lo-que-puede-llegar-a-venir","status":"publish","type":"post","link":"https:\/\/www.europesays.com\/es\/191616\/","title":{"rendered":"Me aterra lo que puede llegar a venir"},"content":{"rendered":"<p id=\"eV6ngL_vvo\" data-wc=\"104\">Para Natalia Verbeke, el bienestar de su hija Chiara es una de sus prioridades. La actriz <a class=\"hm-link ho-link\" href=\"https:\/\/www.hola.com\/actualidad\/20241208734680\/natalia-verbeke-posado-navideno-margos-poggi-hija-chiara\/\" data-mrf-recirculation=\"article-body-link\" rel=\"nofollow noopener\" target=\"_blank\">ha formado una bonita famili<\/a>a junto al jugador de rugby Marcos Poggi, con quien lleva m\u00e1s de una d\u00e9cada de historia de amor. Como a todos los padres, la educaci\u00f3n de su hija le genera m\u00e1s de una preocupaci\u00f3n. La int\u00e9rprete ha confesado uno de sus mayores miedos, reconociendo que le \u201caterra\u201d lo que pueda llegar a pasar. Un temor que comparte con muchas otras madres y que, aunque todav\u00eda es pronto, Natalia admite que \u201cest\u00e1 a la vuelta de la esquina\u201d, como puedes ver en este v\u00eddeo.\u00a0<\/p>\n","protected":false},"excerpt":{"rendered":"Para Natalia Verbeke, el bienestar de su hija Chiara es una de sus prioridades. La actriz ha formado&hellip;\n","protected":false},"author":2,"featured_media":191617,"comment_status":"","ping_status":"","sticky":false,"template":"","format":"standard","meta":{"footnotes":""},"categories":[174],"tags":[517,255,146,147,25,24,256,53533,23],"class_list":{"0":"post-191616","1":"post","2":"type-post","3":"status-publish","4":"format-standard","5":"has-post-thumbnail","7":"category-famosos","8":"tag-actualidad","9":"tag-celebrities","10":"tag-entertainment","11":"tag-entretenimiento","12":"tag-es","13":"tag-espana","14":"tag-famosos","15":"tag-natalia-verbeke","16":"tag-spain"},"share_on_mastodon":{"url":"https:\/\/pubeurope.com\/@es\/115412419580809440","error":""},"_links":{"self":[{"href":"https:\/\/www.europesays.com\/es\/wp-json\/wp\/v2\/posts\/191616","targetHints":{"allow":["GET"]}}],"collection":[{"href":"https:\/\/www.europesays.com\/es\/wp-json\/wp\/v2\/posts"}],"about":[{"href":"https:\/\/www.europesays.com\/es\/wp-json\/wp\/v2\/types\/post"}],"author":[{"embeddable":true,"href":"https:\/\/www.europesays.com\/es\/wp-json\/wp\/v2\/users\/2"}],"replies":[{"embeddable":true,"href":"https:\/\/www.europesays.com\/es\/wp-json\/wp\/v2\/comments?post=191616"}],"version-history":[{"count":0,"href":"https:\/\/www.europesays.com\/es\/wp-json\/wp\/v2\/posts\/191616\/revisions"}],"wp:featuredmedia":[{"embeddable":true,"href":"https:\/\/www.europesays.com\/es\/wp-json\/wp\/v2\/media\/191617"}],"wp:attachment":[{"href":"https:\/\/www.europesays.com\/es\/wp-json\/wp\/v2\/media?parent=191616"}],"wp:term":[{"taxonomy":"category","embeddable":true,"href":"https:\/\/www.europesays.com\/es\/wp-json\/wp\/v2\/categories?post=191616"},{"taxonomy":"post_tag","embeddable":true,"href":"https:\/\/www.europesays.com\/es\/wp-json\/wp\/v2\/tags?post=191616"}],"curies":[{"name":"wp","href":"https:\/\/api.w.org\/{rel}","templated":true}]}}