{"id":191630,"date":"2025-10-21T13:41:07","date_gmt":"2025-10-21T13:41:07","guid":{"rendered":"https:\/\/www.europesays.com\/es\/191630\/"},"modified":"2025-10-21T13:41:07","modified_gmt":"2025-10-21T13:41:07","slug":"la-fundacion-astrazeneca-impulsa-el-talento-cientifico-joven-en-espana-destinando-un-millon-de-euros-a-proyectos-de-investigacion-lider-en-informacion-social","status":"publish","type":"post","link":"https:\/\/www.europesays.com\/es\/191630\/","title":{"rendered":"La Fundaci\u00f3n AstraZeneca impulsa el talento cient\u00edfico joven en Espa\u00f1a destinando un mill\u00f3n de euros a proyectos de investigaci\u00f3n | L\u00edder en Informaci\u00f3n Social"},"content":{"rendered":"<p>\n      La Fundaci\u00f3n AstraZeneca ha otorgado un mill\u00f3n de euros para promover el desarrollo y la consolidaci\u00f3n del talento cient\u00edfico joven en Espa\u00f1a durante el acto de entrega de los IX Premios J\u00f3venes Investigadores. Esta novena edici\u00f3n, desarrollada bajo el lema &#8216;Vocaci\u00f3n que cambia vidas&#8217;, ha galardonado cuatro proyectos de investigaci\u00f3n en red con un gran potencial de ser aplicables a la pr\u00e1ctica real.\n    <\/p>\n<p>Con esta finalidad, la Fundaci\u00f3n AstraZeneca ha contado por cuarto a\u00f1o consecutivo con una inversi\u00f3n de un mill\u00f3n de euros. Cada uno de los cuatro grupos de investigaci\u00f3n galardonados ha recibido una beca de 225.000 euros para continuar desarrollando sus investigaciones innovadoras que ayuden a mejorar la calidad de vida de los pacientes.<\/p>\n<p>El acto cont\u00f3 con la presencia autoridades auton\u00f3micas, representantes institucionales, socios, investigadores y miembros de la comunidad cient\u00edfica, as\u00ed como de la ministra de Inclusi\u00f3n, Seguridad Social y Migraciones, Elma Saiz Delgado, quien clausur\u00f3 la gala destacando que \u201cla Fundaci\u00f3n AstraZeneca es un extraordinario ejemplo de c\u00f3mo la colaboraci\u00f3n p\u00fablico-privada puede ser una poderosa herramienta de transformaci\u00f3n, capaz de multiplicar el impacto del conocimiento, de conectar territorios y de acercar la innovaci\u00f3n a los pacientes. Espa\u00f1a se est\u00e1 consolidando como un pa\u00eds de ciencia abierta, diversa y global, capaz de atraer talento joven de todos los continentes. Y esto no ocurre por casualidad. Ocurre porque el Estado, las universidades, las empresas y los centros de investigaci\u00f3n caminamos juntos, convencidos de que invertir en conocimiento es la mejor forma de proteger el futuro\u00bb.<\/p>\n<p>Adem\u00e1s, el secretario de Estado de Ciencia, Innovaci\u00f3n y Universidades, Juan Cruz Cigudosa, ha subrayado que \u201cestos premios no solo reconocen el talento de j\u00f3venes investigadores e investigadoras, sino que tambi\u00e9n impulsan la investigaci\u00f3n y la innovaci\u00f3n biom\u00e9dica, esenciales para mejorar la vida de las personas y construir un futuro m\u00e1s justo y m\u00e1s humano\u201d.<\/p>\n<p>Por su parte, el presidente de la Fundaci\u00f3n AstraZeneca y presidente de AstraZeneca Espa\u00f1a, Rick R. Su\u00e1rez, ha asegurado que \u201cel prop\u00f3sito fundamental de la Fundaci\u00f3n AstraZeneca es impulsar el talento cient\u00edfico espa\u00f1ol y promover la excelencia en la investigaci\u00f3n. Queremos ser motor de transformaci\u00f3n social, por eso, nuestro compromiso es claro: apoyar el talento y dejar huella. Porque solo as\u00ed lograremos que los avances que celebramos hoy se traduzcan en una mejor calidad de vida para todas las personas\u201d.<\/p>\n<p>En palabras de Marta Moreno, vicepresidenta de la Fundaci\u00f3n AstraZeneca y directora de Asuntos Corporativos y Acceso al Mercado en AstraZeneca, \u201csomos conscientes de que detr\u00e1s del talento cient\u00edfico y la investigaci\u00f3n hay a\u00f1os de dedicaci\u00f3n, perseverancia y un prop\u00f3sito com\u00fan: mejorar la vida de las personas. Por ello, nos llena de entusiasmo seguir impulsando, un a\u00f1o m\u00e1s, los premios J\u00f3venes Investigadores para marcar la diferencia generando un impacto real en la salud\u201d.<\/p>\n<p>PROYECTOS<\/p>\n<p>En esta edici\u00f3n, un a\u00f1o m\u00e1s, el Instituto de Salud Carlos III (ISCIII) ha estado a cargo de la evaluaci\u00f3n de los proyectos presentados como organismo p\u00fablico de investigaci\u00f3n dependiente del Ministerio de Ciencia, Innovaci\u00f3n y Universidades. Adem\u00e1s, este a\u00f1o, al igual que en la pasada edici\u00f3n, los proyectos han podido presentar una carta de apoyo emitida por una asociaci\u00f3n de pacientes, un aspecto que se ha valorado positivamente a la hora de seleccionar los proyectos galardonados.<\/p>\n<p>En categor\u00eda Cardiovascular, Renal y Metabolismo el proyecto premiado es &#8216;SYNERGYxDM2&#8217;. Bajo la coordinaci\u00f3n de la Dra. Beatriz Merino Antol\u00edn, de la Universidad de Valladolid-Instituto de Biomedicina y Gen\u00e9tica Molecular (IBGM), Instituto de Investigaci\u00f3n Biosanitaria de Valladolid (IBIoVALL), busca nuevas combinaciones terap\u00e9uticas que mejoren el control de la diabetes tipo 2 y reduzcan sus complicaciones, mediante estrategias innovadoras y personalizadas que permitan mejorar la salud de estos pacientes.<\/p>\n<p>En categor\u00eda Enfermedades Infecciosas e Inmunoprevenibles el proyecto galardonado es &#8216;META-omics&#8217;, coordinado por la doctora Sara Pischedda, del Grupo de investigaci\u00f3n en gen\u00e9tica, vacunas y enfermedades infecciosas (GENVIP), Grupo de Gen\u00e9tica de Poblaciones en Biomedicina (GenPoB), Instituto de Investigaci\u00f3n Sanitaria de Santiago de Compostela (IDIS), Universidade de Santiago de Compostela, Santiago de Compostela y Centro de Investigaci\u00f3n Biom\u00e9dica en Red de Enfermedades Respiratorias (CIBER-ES). Tiene como objetivo desarrollar herramientas diagn\u00f3sticas tempranas y personalizadas a partir de muestras no invasivas, una estrategia especialmente importante en poblaci\u00f3n pedi\u00e1trica afectada por esta enfermedad respiratoria.<\/p>\n<p>En categor\u00eda Oncolog\u00eda, Medicina de Precisi\u00f3n e Inmuno-oncolog\u00eda el proyecto &#8216;ORIGYN&#8217;, coordinado por la Dra. Noelia Tarazona Llavero, Investigadora en el Mass General Brigham Cancer Center, Boston (EE.UU.) y onc\u00f3loga m\u00e9dica en el Instituto de Investigaci\u00f3n Biom\u00e9dica del Hospital Cl\u00ednico de Valencia- INCLIVA, ha sido galardonado por sus avances en lograr una inmunoterapia m\u00e1s precisa y personalizada que permita ofrecer a cada paciente la mejor opci\u00f3n posible.<\/p>\n<p>En categor\u00eda Respiratorio e Inmunolog\u00eda se ha renocido al proyecto &#8216;CLARA&#8217;, liderado por el doctor Dar\u00edo Antol\u00edn Am\u00e9rigo, de la Unidad de Asma Grave de Excelencia del Hospital Universitario Ram\u00f3n y Cajal de Madrid. Ahonda en el tratamiento personalizado del asma moderada-grave para predecir y prevenir las exacerbaciones y ajustar las decisiones terap\u00e9uticas a cada paciente.<\/p>\n<p>Los Premios J\u00f3venes Investigadores cuentan tambi\u00e9n con una distinci\u00f3n destacada, el Premio Honor\u00edfico a la Excelencia a la Trayectoria Cient\u00edfica y su Contribuci\u00f3n Destacada en la Salud de la Sociedad, que va destinado a un investigador\/a cl\u00ednico destacable con el fin de poner en valor su trayectoria global en el \u00e1mbito de la investigaci\u00f3n biom\u00e9dica y por su dedicaci\u00f3n en la generaci\u00f3n del conocimiento cient\u00edfico y avance en su especialidad o \u00e1rea de conocimiento, as\u00ed como por el impacto en la salud de la poblaci\u00f3n. Este a\u00f1o ha sido otorgado a la doctora Mar\u00eda Neira, Directora del Departamento de Salud P\u00fablica y Medio Ambiente de la Organizaci\u00f3n Mundial de la Salud (OMS), como referente internacional en temas de gran relevancia, como la relaci\u00f3n entre salud p\u00fablica, cambio clim\u00e1tico y contaminaci\u00f3n.<\/p>\n","protected":false},"excerpt":{"rendered":"La Fundaci\u00f3n AstraZeneca ha otorgado un mill\u00f3n de euros para promover el desarrollo y la consolidaci\u00f3n del talento&hellip;\n","protected":false},"author":2,"featured_media":191631,"comment_status":"","ping_status":"","sticky":false,"template":"","format":"standard","meta":{"footnotes":""},"categories":[92],"tags":[25,24,165,53534,166,492,23],"class_list":{"0":"post-191630","1":"post","2":"type-post","3":"status-publish","4":"format-standard","5":"has-post-thumbnail","7":"category-salud","8":"tag-es","9":"tag-espana","10":"tag-health","11":"tag-premios-jovenes-investigadores","12":"tag-salud","13":"tag-sociedad","14":"tag-spain"},"share_on_mastodon":{"url":"https:\/\/pubeurope.com\/@es\/115412447016360796","error":""},"_links":{"self":[{"href":"https:\/\/www.europesays.com\/es\/wp-json\/wp\/v2\/posts\/191630","targetHints":{"allow":["GET"]}}],"collection":[{"href":"https:\/\/www.europesays.com\/es\/wp-json\/wp\/v2\/posts"}],"about":[{"href":"https:\/\/www.europesays.com\/es\/wp-json\/wp\/v2\/types\/post"}],"author":[{"embeddable":true,"href":"https:\/\/www.europesays.com\/es\/wp-json\/wp\/v2\/users\/2"}],"replies":[{"embeddable":true,"href":"https:\/\/www.europesays.com\/es\/wp-json\/wp\/v2\/comments?post=191630"}],"version-history":[{"count":0,"href":"https:\/\/www.europesays.com\/es\/wp-json\/wp\/v2\/posts\/191630\/revisions"}],"wp:featuredmedia":[{"embeddable":true,"href":"https:\/\/www.europesays.com\/es\/wp-json\/wp\/v2\/media\/191631"}],"wp:attachment":[{"href":"https:\/\/www.europesays.com\/es\/wp-json\/wp\/v2\/media?parent=191630"}],"wp:term":[{"taxonomy":"category","embeddable":true,"href":"https:\/\/www.europesays.com\/es\/wp-json\/wp\/v2\/categories?post=191630"},{"taxonomy":"post_tag","embeddable":true,"href":"https:\/\/www.europesays.com\/es\/wp-json\/wp\/v2\/tags?post=191630"}],"curies":[{"name":"wp","href":"https:\/\/api.w.org\/{rel}","templated":true}]}}