{"id":191638,"date":"2025-10-21T13:45:07","date_gmt":"2025-10-21T13:45:07","guid":{"rendered":"https:\/\/www.europesays.com\/es\/191638\/"},"modified":"2025-10-21T13:45:07","modified_gmt":"2025-10-21T13:45:07","slug":"asi-es-la-sante-la-carcel-mas-legendaria-de-francia-que-aloja-a-sarkozy-en-una-celda-vip-internacional","status":"publish","type":"post","link":"https:\/\/www.europesays.com\/es\/191638\/","title":{"rendered":"As\u00ed es La Sant\u00e9, la c\u00e1rcel m\u00e1s legendaria de Francia que aloja a Sarkozy en una celda VIP | Internacional"},"content":{"rendered":"<p class=\"loc\">Madrid<\/p>\n<p>Aunque ha apelado la sentencia, mientras que la burocracia judicial se pone en marcha, el expresidente franc\u00e9s Nicolas Sarkozy ha entrado en la c\u00e1rcel de La Sant\u00e9, la m\u00e1s legendaria de Francia, ubicada en el distrito, al sur de Par\u00eds, de Montparnasse. Inaugurada en 1867 y famosa por sus 40 ejecuciones, la \u00faltima en 1972, se cerr\u00f3 unos a\u00f1os para modernizarla y ya operativa alberga a 1.100 presos.<\/p>\n<p>M\u00e1s informaci\u00f3n<\/p>\n<p>Por all\u00ed han pasado ilustres figuras como el poeta Guillaume Apollinaire, un comerciante deshonesto como Jerome Kerviel o el colaborador nazi Maurice Papol. Tambi\u00e9n el empresario, pol\u00edtico y socialit\u00e9 Bernard Tapi\u00e9 y, m\u00e1s estrella todav\u00eda, Carlos el Chacal, uno de los mayores terroristas que han pasado por Francia. Tambi\u00e9n el agente de modelos Jean-Luc Brunel. Muchos no les sonar\u00e1n desde tierras ib\u00e9ricas, pero los franceses, esos nombres, son parte de su historia.<\/p>\n<p>Los presos prominentes o en riesgo generalmente son retenidos en la sala QB4 de la c\u00e1rcel para \u00abpersonas vulnerables\u00bb, los llamados \u00abcuartos VIP\u00bb, en celdas individuales, no en las unidades habituales de tres personas, y se mantienen solos durante las actividades al aire libre por razones de seguridad.<\/p>\n<p>Sarkozy estar\u00e1 recluido en la sala de aislamiento <\/p>\n<p>Ubicado en el primer piso, el pabell\u00f3n tiene 19 celdas id\u00e9nticas y un patio de ejercicios dedicado para que los reclusos no est\u00e9n obligados a mezclarse con otros prisioneros, aunque siguen sujetos a silbidos, burlas y fotos de tel\u00e9fonos inteligentes de las celdas cercanas. Sarkozy estar\u00e1 recluido en la sala de aislamiento, que se encuentra en un ala separada. En realidad, las condiciones son muy parecidas a las de QB4: el expresidente estar\u00e1 solo en su celda y acompa\u00f1ado por un guardia cada vez que salga de ella. La celda donde est\u00e1 el expresidente tiene unos 10 metros cuadrados con cortinas dise\u00f1adas para limitar la comunicaci\u00f3n, una cama, un escritorio peque\u00f1o, una ducha, un inodoro y un tel\u00e9fono fijo con n\u00fameros pregrabados.<\/p>\n<p>A Sarkozy se le servir\u00e1n comidas regulares, pero tambi\u00e9n tendr\u00e1 acceso a la cantina, donde puede comprar comida para prepararse, as\u00ed como a un peque\u00f1o patio de ejercicios solitario, un gimnasio y la biblioteca. Puede alquilar una nevera por 7,50 euros al mes y un televisor por 14,15 euros. <\/p>\n<p>Aparte de las tres visitas permitidas a la semana, la mayor\u00eda de las veces estar\u00e1 solo, un lujo en La Sant\u00e9, que a pesar de su reciente renovaci\u00f3n est\u00e1 operando a aproximadamente el doble de su capacidad prevista de 657 reclusos. Las c\u00e1rceles de Francia son las terceras m\u00e1s superpobladas de la UE. Sarkozy, ha dicho que llevar\u00e1 consigo una biograf\u00eda de Jes\u00fas y una copia de El conde de Montecristo, de Alejandro Dumas, en la que un hombre inocente es condenado a prisi\u00f3n, pero escapa para vengarse.<\/p>\n","protected":false},"excerpt":{"rendered":"Madrid Aunque ha apelado la sentencia, mientras que la burocracia judicial se pone en marcha, el expresidente franc\u00e9s&hellip;\n","protected":false},"author":2,"featured_media":191639,"comment_status":"","ping_status":"","sticky":false,"template":"","format":"standard","meta":{"footnotes":""},"categories":[42],"tags":[17,18,13,14,11,61,62,63,64,19,20,9,10,15,16,1384,53535,25889,12,21,22,17486,65,66,67],"class_list":{"0":"post-191638","1":"post","2":"type-post","3":"status-publish","4":"format-standard","5":"has-post-thumbnail","7":"category-internacional","8":"tag-breaking-news","9":"tag-breakingnews","10":"tag-featured-news","11":"tag-featurednews","12":"tag-headlines","13":"tag-internacional","14":"tag-international","15":"tag-international-news","16":"tag-internationalnews","17":"tag-latest-news","18":"tag-latestnews","19":"tag-news","20":"tag-noticias","21":"tag-noticias-destacadas","22":"tag-noticiasdestacadas","23":"tag-police","24":"tag-policemen","25":"tag-prison","26":"tag-titulares","27":"tag-ultimas-noticias","28":"tag-ultimasnoticias","29":"tag-vehicle","30":"tag-world","31":"tag-world-news","32":"tag-worldnews"},"share_on_mastodon":{"url":"https:\/\/pubeurope.com\/@es\/115412462753826155","error":""},"_links":{"self":[{"href":"https:\/\/www.europesays.com\/es\/wp-json\/wp\/v2\/posts\/191638","targetHints":{"allow":["GET"]}}],"collection":[{"href":"https:\/\/www.europesays.com\/es\/wp-json\/wp\/v2\/posts"}],"about":[{"href":"https:\/\/www.europesays.com\/es\/wp-json\/wp\/v2\/types\/post"}],"author":[{"embeddable":true,"href":"https:\/\/www.europesays.com\/es\/wp-json\/wp\/v2\/users\/2"}],"replies":[{"embeddable":true,"href":"https:\/\/www.europesays.com\/es\/wp-json\/wp\/v2\/comments?post=191638"}],"version-history":[{"count":0,"href":"https:\/\/www.europesays.com\/es\/wp-json\/wp\/v2\/posts\/191638\/revisions"}],"wp:featuredmedia":[{"embeddable":true,"href":"https:\/\/www.europesays.com\/es\/wp-json\/wp\/v2\/media\/191639"}],"wp:attachment":[{"href":"https:\/\/www.europesays.com\/es\/wp-json\/wp\/v2\/media?parent=191638"}],"wp:term":[{"taxonomy":"category","embeddable":true,"href":"https:\/\/www.europesays.com\/es\/wp-json\/wp\/v2\/categories?post=191638"},{"taxonomy":"post_tag","embeddable":true,"href":"https:\/\/www.europesays.com\/es\/wp-json\/wp\/v2\/tags?post=191638"}],"curies":[{"name":"wp","href":"https:\/\/api.w.org\/{rel}","templated":true}]}}