{"id":191649,"date":"2025-10-21T13:53:16","date_gmt":"2025-10-21T13:53:16","guid":{"rendered":"https:\/\/www.europesays.com\/es\/191649\/"},"modified":"2025-10-21T13:53:16","modified_gmt":"2025-10-21T13:53:16","slug":"tom-dumoulin-corre-el-maraton-de-amsterdam-en-2h2921","status":"publish","type":"post","link":"https:\/\/www.europesays.com\/es\/191649\/","title":{"rendered":"Tom Dumoulin corre el Marat\u00f3n de \u00c1msterdam en 2h29:21&#8230;&#8230;"},"content":{"rendered":"<p>                    El exciclista neerland\u00e9s, ganador del Giro de Italia y campe\u00f3n del Mundo contrarreloj en 2017, debuta en la distancia del marat\u00f3n con un impresionante tiempo, demostrando que su esp\u00edritu competitivo sigue intacto.<\/p>\n<p class=\"c-news-list__author\">Marco G\u00e1lvez (Soy Corredor)<\/p>\n<p class=\"c-mainarticle__date\">\n<p>                    20 de octubre de 2025 (14:50 CET)<\/p>\n<p>                                                                                                                                        <img fetchpriority=\"high\" decoding=\"async\" src=\"https:\/\/www.europesays.com\/es\/wp-content\/uploads\/2025\/10\/captura-de-pantalla-2025-10-20-a-las-14-39-33.png\" alt=\"Espectacular marca de Tom Dumoulin en el Marat\u00f3n de \u00c1msterdam 2025.\" title=\"Espectacular marca de Tom Dumoulin en el Marat\u00f3n de \u00c1msterdam 2025.\" class=\"c-mainarticle__img\" loading=\"eager\" width=\"790\" height=\"454\"\/><\/p>\n<p>                    Espectacular marca de Tom Dumoulin en el Marat\u00f3n de \u00c1msterdam 2025.<\/p>\n<p>Este domingo 19 de octubre, durante el <strong>Marat\u00f3n de \u00c1msterdam<\/strong>, el ex-ciclista profesional <strong>Tom\u202fDumoulin<\/strong> volvi\u00f3 a demostrar su talento como corredor. El neerland\u00e9s complet\u00f3 con \u00e9xito su debut en la gran distancia logrando una marca de <strong>2 horas 29 minutos 21\u00a0segundos<\/strong>. Sin embargo, Dumoulin esperaba algo m\u00e1s, ya que <strong>el medio marat\u00f3n lo pas\u00f3 en 1h09\u00b4<\/strong> (<a data-external=\"1\" href=\"https:\/\/www.ciclismoafondo.es\/competicion\/noticias-resultados-ciclismo\/tom-dumoulin-corre-medio-maraton-en-1h08-45-a-3-16-km-media_304768_102.html\" rel=\"nofollow noopener\" target=\"_blank\" title=\"cerca de su marca personal de 1:08:45 en la distancia\">cerca de su marca personal de 1:08:45 en la distancia<\/a>), junto a las mujeres que lideraban la prueba.<\/p>\n<p>Para comprender lo que este logro representa, es necesario poner en contexto el palmar\u00e9s de Dumoulin en el ciclismo: <strong>en 2017 gan\u00f3 el\u00a0Giro\u202fde Italia,<\/strong> convirti\u00e9ndose en el primer neerland\u00e9s en hacerlo. Ese mismo a\u00f1o tambi\u00e9n se coron\u00f3 <strong>campe\u00f3n del Mundo contrarreloj en Bergen<\/strong>\u00a0(Noruega). Adem\u00e1s, en 2018 logr\u00f3 un segundo puesto en la clasificaci\u00f3n general tanto del Giro de Italia como del Tour\u202fde\u202fFrancia,\u00a0lo que dejaba claro su estatus como uno de los mejores ciclistas del mundo en aquella \u00e9poca.\u00a0<\/p>\n<p><a data-external=\"1\" href=\"https:\/\/www.ciclismoafondo.es\/noticias\/tom-dumoulin-ganador-del-giro-de-italia-32-38-en-10k_246314_102.html\" rel=\"nofollow noopener\" target=\"_blank\" title=\"Despu\u00e9s de varios a\u00f1os de competiciones en carreras de cierto nivel en Pa\u00edses Bajos\">Despu\u00e9s de varios a\u00f1os de competiciones en carreras de cierto nivel en Pa\u00edses Bajos<\/a>, en el marat\u00f3n de \u00c1msterdam Tom Dumoulin sali\u00f3 a un ritmo muy alto: <strong>al paso por el medio marat\u00f3n <\/strong>estaba en tiempos que le situaban hacia una <strong>marca estimada de 2h18 en\u00a0meta<\/strong>.\u00a0Sin embargo, seg\u00fan reconoci\u00f3 \u00e9l mismo, la segunda mitad de carrera le pas\u00f3 factura con <strong>calambres en las piernas,<\/strong> pero logr\u00f3 aguantar el tipo para acabar por debajo de las 2 horas y 30 minutos.<\/p>\n<p>Esta experiencia demuestra claramente que, aunque su motor f\u00edsico (heredado del ciclismo de \u00e9lite) est\u00e1 ah\u00ed, <strong>el cuerpo requiere adaptaci\u00f3n al impacto del correr largas distancias a pie<\/strong>. Por eso, <strong>el logro de 2h29 en un debut tiene mucho m\u00e9rito<\/strong>: marca un punto de partida muy serio y manteniendo siempre su\u00a0etiqueta de \u201cex top profesional\u201d que lo que busca es competir\u00a0consigo mismo.<\/p>\n<blockquote class=\"instagram-media\" data-instgrm-captioned=\"\" data-instgrm-permalink=\"https:\/\/www.instagram.com\/p\/DP_Zn4miO3v\/?utm_source=ig_embed&amp;utm_campaign=loading\" data-instgrm-version=\"14\" style=\" background:#FFF; border:0; border-radius:3px; box-shadow:0 0 1px 0 rgba(0,0,0,0.5),0 1px 10px 0 rgba(0,0,0,0.15); margin: 1px; max-width:540px; min-width:326px; padding:0; width:99.375%; width:-webkit-calc(100% - 2px); width:calc(100% - 2px);\"><p>&#13;<br \/>\n&#13;\n<\/p><\/blockquote>\n<p><script async src=\"\/\/www.instagram.com\/embed.js\"><\/script><\/p>\n","protected":false},"excerpt":{"rendered":"El exciclista neerland\u00e9s, ganador del Giro de Italia y campe\u00f3n del Mundo contrarreloj en 2017, debuta en la&hellip;\n","protected":false},"author":2,"featured_media":191650,"comment_status":"","ping_status":"","sticky":false,"template":"","format":"standard","meta":{"footnotes":""},"categories":[273],"tags":[313,312,168,25,24,23,167],"class_list":{"0":"post-191649","1":"post","2":"type-post","3":"status-publish","4":"format-standard","5":"has-post-thumbnail","7":"category-ciclismo","8":"tag-ciclismo","9":"tag-cycling","10":"tag-deportes","11":"tag-es","12":"tag-espana","13":"tag-spain","14":"tag-sports"},"share_on_mastodon":{"url":"https:\/\/pubeurope.com\/@es\/115412494403524697","error":""},"_links":{"self":[{"href":"https:\/\/www.europesays.com\/es\/wp-json\/wp\/v2\/posts\/191649","targetHints":{"allow":["GET"]}}],"collection":[{"href":"https:\/\/www.europesays.com\/es\/wp-json\/wp\/v2\/posts"}],"about":[{"href":"https:\/\/www.europesays.com\/es\/wp-json\/wp\/v2\/types\/post"}],"author":[{"embeddable":true,"href":"https:\/\/www.europesays.com\/es\/wp-json\/wp\/v2\/users\/2"}],"replies":[{"embeddable":true,"href":"https:\/\/www.europesays.com\/es\/wp-json\/wp\/v2\/comments?post=191649"}],"version-history":[{"count":0,"href":"https:\/\/www.europesays.com\/es\/wp-json\/wp\/v2\/posts\/191649\/revisions"}],"wp:featuredmedia":[{"embeddable":true,"href":"https:\/\/www.europesays.com\/es\/wp-json\/wp\/v2\/media\/191650"}],"wp:attachment":[{"href":"https:\/\/www.europesays.com\/es\/wp-json\/wp\/v2\/media?parent=191649"}],"wp:term":[{"taxonomy":"category","embeddable":true,"href":"https:\/\/www.europesays.com\/es\/wp-json\/wp\/v2\/categories?post=191649"},{"taxonomy":"post_tag","embeddable":true,"href":"https:\/\/www.europesays.com\/es\/wp-json\/wp\/v2\/tags?post=191649"}],"curies":[{"name":"wp","href":"https:\/\/api.w.org\/{rel}","templated":true}]}}