{"id":191651,"date":"2025-10-21T13:54:10","date_gmt":"2025-10-21T13:54:10","guid":{"rendered":"https:\/\/www.europesays.com\/es\/191651\/"},"modified":"2025-10-21T13:54:10","modified_gmt":"2025-10-21T13:54:10","slug":"antonio-fuoco-subira-a-ferrari-en-los-libres-1-del-gp-de-mexico","status":"publish","type":"post","link":"https:\/\/www.europesays.com\/es\/191651\/","title":{"rendered":"Antonio Fuoco subir\u00e1 a Ferrari en los Libres 1 del GP de M\u00e9xico"},"content":{"rendered":"<p>Por Camila Di Lullo<\/p>\n<p>El piloto italiano\u00a0<strong>Antonio Fuoco<\/strong>, pilotar\u00e1 el monoplaza de<strong>\u00a0Lewis Hamilton<\/strong>\u00a0en la primera<strong>\u00a0pr\u00e1ctica libre del Gran Premio de M\u00e9xico<\/strong>, en el Aut\u00f3dromo Hermanos Rodr\u00edguez. El piloto de la Ferrari Driver Academy tendr\u00e1 la oportunidad de subirse al SF25 este fin de semana, con la finalidad de ayudar al equipo.<\/p>\n<p>Fuoco est\u00e1 desde hace varios a\u00f1os vinculado a la Scuderia Ferrari como piloto de desarrollo y simulador. Actualmente es parte del equipo Ferrari AF Corse en el\u00a0<strong>Campeonato Mundial de Resistencia (WEC)<\/strong>, destacando como uno de los protagonistas de la hist\u00f3rica victoria en las 24 Horas de Le Mans 2024, junto a sus compa\u00f1eros Miguel Molina y Nicklas Nielsen.<\/p>\n<p>Ferrari se encargar\u00e1 de evaluar el talento del piloto que forma parte de su programa y, a su vez, cumple con sus obligaciones reglamentarias. El piloto, adem\u00e1s, los ayudar\u00e1 a recopilar datos importantes sobre el comportamiento del monoplaza en el trazado mexicano.<\/p>\n<p>En sus redes sociales, el piloto poste\u00f3 una serie de im\u00e1genes en donde se lo ve prepar\u00e1ndose para este fin de semana en M\u00e9xico. Donde tambi\u00e9n mostr\u00f3 el casco que llevar\u00e1 durante la sesi\u00f3n.<\/p>\n<blockquote class=\"instagram-media\" style=\"background: #FFF; border: 0; border-radius: 3px; box-shadow: 0 0 1px 0 rgba(0,0,0,0.5),0 1px 10px 0 rgba(0,0,0,0.15); margin: 1px; max-width: 540px; min-width: 326px; padding: 0; width: calc(100% - 2px);\" data-instgrm-captioned=\"\" data-instgrm-permalink=\"https:\/\/www.instagram.com\/p\/DQCL1c1jAbz\/?utm_source=ig_embed&amp;utm_campaign=loading\" data-instgrm-version=\"14\">\n<\/blockquote>\n<p>\t\t\t\t<script async src=\"\/\/www.instagram.com\/embed.js\"><\/script><\/p>\n","protected":false},"excerpt":{"rendered":"Por Camila Di Lullo El piloto italiano\u00a0Antonio Fuoco, pilotar\u00e1 el monoplaza de\u00a0Lewis Hamilton\u00a0en la primera\u00a0pr\u00e1ctica libre del Gran&hellip;\n","protected":false},"author":2,"featured_media":191652,"comment_status":"","ping_status":"","sticky":false,"template":"","format":"standard","meta":{"footnotes":""},"categories":[270],"tags":[53536,168,25,24,306,271,272,16702,2097,4532,23,167],"class_list":{"0":"post-191651","1":"post","2":"type-post","3":"status-publish","4":"format-standard","5":"has-post-thumbnail","7":"category-formula-1","8":"tag-antonio-fuoco","9":"tag-deportes","10":"tag-es","11":"tag-espana","12":"tag-f1","13":"tag-formula-1","14":"tag-formula1","15":"tag-gran-premio-de-mexico","16":"tag-lewis-hamilton","17":"tag-scuderia-ferrari","18":"tag-spain","19":"tag-sports"},"share_on_mastodon":{"url":"https:\/\/pubeurope.com\/@es\/115412498124498221","error":""},"_links":{"self":[{"href":"https:\/\/www.europesays.com\/es\/wp-json\/wp\/v2\/posts\/191651","targetHints":{"allow":["GET"]}}],"collection":[{"href":"https:\/\/www.europesays.com\/es\/wp-json\/wp\/v2\/posts"}],"about":[{"href":"https:\/\/www.europesays.com\/es\/wp-json\/wp\/v2\/types\/post"}],"author":[{"embeddable":true,"href":"https:\/\/www.europesays.com\/es\/wp-json\/wp\/v2\/users\/2"}],"replies":[{"embeddable":true,"href":"https:\/\/www.europesays.com\/es\/wp-json\/wp\/v2\/comments?post=191651"}],"version-history":[{"count":0,"href":"https:\/\/www.europesays.com\/es\/wp-json\/wp\/v2\/posts\/191651\/revisions"}],"wp:featuredmedia":[{"embeddable":true,"href":"https:\/\/www.europesays.com\/es\/wp-json\/wp\/v2\/media\/191652"}],"wp:attachment":[{"href":"https:\/\/www.europesays.com\/es\/wp-json\/wp\/v2\/media?parent=191651"}],"wp:term":[{"taxonomy":"category","embeddable":true,"href":"https:\/\/www.europesays.com\/es\/wp-json\/wp\/v2\/categories?post=191651"},{"taxonomy":"post_tag","embeddable":true,"href":"https:\/\/www.europesays.com\/es\/wp-json\/wp\/v2\/tags?post=191651"}],"curies":[{"name":"wp","href":"https:\/\/api.w.org\/{rel}","templated":true}]}}