{"id":191657,"date":"2025-10-21T13:57:08","date_gmt":"2025-10-21T13:57:08","guid":{"rendered":"https:\/\/www.europesays.com\/es\/191657\/"},"modified":"2025-10-21T13:57:08","modified_gmt":"2025-10-21T13:57:08","slug":"la-reflexion-de-rosalia-durante-su-trayecto-a-callao-que-hace-estallar-las-risas-de-todos-menos-de-su-hermana-pili","status":"publish","type":"post","link":"https:\/\/www.europesays.com\/es\/191657\/","title":{"rendered":"La reflexi\u00f3n de Rosal\u00eda durante su trayecto a Callao que hace estallar las risas de todos menos de su hermana Pili"},"content":{"rendered":"<p><a href=\"https:\/\/www.huffingtonpost.es\/life\/cultura\/de-conducir-cigarro-mano-misterioso-camion-momentos-mas-surrealistas-presentacion-rosalia.html\" rel=\"nofollow noopener\" target=\"_blank\">Rosal\u00eda puso ayer Madrid patas arriba<\/a>. Sin anunciar nada en concreto la cantante catalana consigui\u00f3 desatar la locura en la capital y dio <b>un show en directo que desprend\u00eda surrealismo y naturalidad en cantidades industriales.<\/b><\/p>\n<p>Lo que realmente pas\u00f3 fue el anuncio de <a href=\"https:\/\/www.huffingtonpost.es\/life\/cultura\/rosalia-pasa-juego-presenta-disco-lux-sorpresa-madrid.html\" rel=\"nofollow noopener\" target=\"_blank\">la portada su nuevo disco, Lux<\/a>, que ver\u00e1 la luz el\u00a0el pr\u00f3ximo 7 de noviembre. Pero ya sabemos que <b>Rosal\u00eda siempre hace las cosas a lo grande, y esta vez no iba a ser menos.<\/b><\/p>\n<p>Durante un directo en TikTok la cantante empez\u00f3 a comentar junto a su equipo, del que forma parte su hermana\u00a0Pilar Vila Tobella, m\u00e1s conocida como Pili, que se dirig\u00edan a la plaza de Callao. <b>Un anuncio que hizo que la ubicaci\u00f3n se colapsase en menos de media hora.\u00a0<\/b><\/p>\n<p>Acto seguido Rosal\u00eda se puso a los mandos de un Nissan GTR blanco para llegar a Callao en <a href=\"https:\/\/www.huffingtonpost.es\/politica\/el-ayuntamiento-madrid-denuncia-rosalia-tenia-autorizacion-expresa-performance-callao.html\" rel=\"nofollow noopener\" target=\"_blank\">un disparatado trayecto por el centro de Madrid<\/a> en el que la catalana <b>iba saludando a todo el que se paraba a su lado, conduc\u00eda a toda pastilla<\/b> <b>y pon\u00eda de los nervios a Pili, su hermana mayor.<\/b><\/p>\n<p>Y, sin lugar a dudas, uno de los momentos \u00e9picos del trayecto en coche, que ya ha corrido como la p\u00f3lvora por las redes ha sido<b> una reflexi\u00f3n que ha hecho la cantante catalana entre risas mientras conduc\u00eda.<\/b><\/p>\n<p><b>\u00ab\u00a1Me quiero retocar! Ah no, que no hay espejo aqu\u00ed\u2026 C\u00f3mo se nota que estos coches est\u00e1n hechos por hombres\u00bb<\/b>, ha manifestado la cantante mientras intentaba mirarse en el espejo del parasol del conductor. Spoiler: no hab\u00eda.<\/p>\n<p>Una broma que sus fans han compartido sin parar en redes socialies y que hizo estallar las risas tanto de sus amigos como de todos sus fans. Solo hubo una persona a la que no le hizo ni pizca de gracia, y eso que la cantante repiti\u00f3 el comentario dos veces:<b> a su hermana Pili.<\/b><\/p>\n<p><b>\u00abAmor no hay que retocarse, hay que conducir, mira pa&#8217;lante\u00bb<\/b>, le contestaba la hermana en tono serio, nerviosa por su conducci\u00f3n temeraria. \u00abPero que el sem\u00e1foro dura la vida Pili\u00bb, le respond\u00eda Rosal\u00eda, tom\u00e1ndoselo con humor.<\/p>\n<p><b>\u00ab\u00a1Mira pa&#8217;lante!\u00bb<\/b>, le vuelve a contestar la hermana, sin hacer caso de su justificaci\u00f3n. Mientras tanto, todav\u00eda parada y con el sem\u00e1foro en rojo, la artista coge el altavoz y sube la m\u00fasica, Vivaldi, mientras los amigos le animan:<b> \u00ab\u00a1Toma esa playlist!\u00bb.<\/b><\/p>\n<p>\u00abVenga, venga que est\u00e1 verde. Que nos pitan\u00bb, le dice a la cantante otro de sus amigos, el cual est\u00e1 detr\u00e1s al lado de su hermana Pili. Y, en ese momento, <b>Rosal\u00eda acelera para arrancar, lo que vuelve a desatar el miedo de su hermana.<\/b><\/p>\n<p>\u00abPero a ver, que no vayas r\u00e1pido\u00bb, le pide su hermana mayor. \u00ab\u00a1Tranquiiila Pili! <b>Es que de verdad mi hermana, no hay manera de que se relaje conmigo conduciendo. \u00a1Llevamos as\u00ed toda la vida!\u00bb<\/b>, cuenta Rosal\u00eda.<\/p>\n<p><b>\u00abEs que me pongo hist\u00e9rica\u00bb<\/b>, comenta Pilar. \u00abYa, es que tranquila Pili\u00bb, le responde la cantante.\u00a0<b>\u00abNo lo adelantes Rosal\u00eda\u00bb<\/b>, le sigue indicando la hermana desde el asiento de atr\u00e1s. <b>\u00abTranquila, tranquila\u00bb<\/b>, le responde la cantante, tratando de calmarla entre risas.<\/p>\n<p>Un divertido v\u00eddeo que podr\u00eda retratar una situaci\u00f3n de lo m\u00e1s com\u00fan\u00a0entre dos hermanas cualquiera y que, quiz\u00e1 por eso, ya lleva <b>m\u00e1s de medio mill\u00f3n de visualizaciones y m\u00e1s de 31.000 &#8216;me gustas&#8217;.\u00a0<\/b><\/p>\n<p>\u00abCon Vivaldi de fondo y un rosario colgando: CINE\u00bb; <b>\u00abLa Pili con cuatro ataques de p\u00e1nico cada vez que rosal\u00eda pisaba el acelerador&#8230; Uf, representada\u00bb<\/b>; \u00abEl d\u00eda m\u00e1s tranqui con mi hermana peque\u00f1a conduciendo\u00bb, han comentado algunos usuarios.<\/p>\n","protected":false},"excerpt":{"rendered":"Rosal\u00eda puso ayer Madrid patas arriba. Sin anunciar nada en concreto la cantante catalana consigui\u00f3 desatar la locura&hellip;\n","protected":false},"author":2,"featured_media":191658,"comment_status":"","ping_status":"","sticky":false,"template":"","format":"standard","meta":{"footnotes":""},"categories":[174],"tags":[3061,255,1558,1467,16890,146,147,25,24,256,9215,185,4147,23,5889,6052],"class_list":{"0":"post-191657","1":"post","2":"type-post","3":"status-publish","4":"format-standard","5":"has-post-thumbnail","7":"category-famosos","8":"tag-cantantes","9":"tag-celebrities","10":"tag-coches","11":"tag-comunidad-de-madrid","12":"tag-conduccion-temeraria","13":"tag-entertainment","14":"tag-entretenimiento","15":"tag-es","16":"tag-espana","17":"tag-famosos","18":"tag-hermanos","19":"tag-musica","20":"tag-rosalia","21":"tag-spain","22":"tag-tiktok","23":"tag-twitter"},"share_on_mastodon":{"url":"https:\/\/pubeurope.com\/@es\/115412509903896924","error":""},"_links":{"self":[{"href":"https:\/\/www.europesays.com\/es\/wp-json\/wp\/v2\/posts\/191657","targetHints":{"allow":["GET"]}}],"collection":[{"href":"https:\/\/www.europesays.com\/es\/wp-json\/wp\/v2\/posts"}],"about":[{"href":"https:\/\/www.europesays.com\/es\/wp-json\/wp\/v2\/types\/post"}],"author":[{"embeddable":true,"href":"https:\/\/www.europesays.com\/es\/wp-json\/wp\/v2\/users\/2"}],"replies":[{"embeddable":true,"href":"https:\/\/www.europesays.com\/es\/wp-json\/wp\/v2\/comments?post=191657"}],"version-history":[{"count":0,"href":"https:\/\/www.europesays.com\/es\/wp-json\/wp\/v2\/posts\/191657\/revisions"}],"wp:featuredmedia":[{"embeddable":true,"href":"https:\/\/www.europesays.com\/es\/wp-json\/wp\/v2\/media\/191658"}],"wp:attachment":[{"href":"https:\/\/www.europesays.com\/es\/wp-json\/wp\/v2\/media?parent=191657"}],"wp:term":[{"taxonomy":"category","embeddable":true,"href":"https:\/\/www.europesays.com\/es\/wp-json\/wp\/v2\/categories?post=191657"},{"taxonomy":"post_tag","embeddable":true,"href":"https:\/\/www.europesays.com\/es\/wp-json\/wp\/v2\/tags?post=191657"}],"curies":[{"name":"wp","href":"https:\/\/api.w.org\/{rel}","templated":true}]}}