{"id":191659,"date":"2025-10-21T13:58:14","date_gmt":"2025-10-21T13:58:14","guid":{"rendered":"https:\/\/www.europesays.com\/es\/191659\/"},"modified":"2025-10-21T13:58:14","modified_gmt":"2025-10-21T13:58:14","slug":"siete-visitas-guiadas-gratis-para-descubrir-la-provincia-de-zamora-de-la-mano-de-las-edades-del-hombre","status":"publish","type":"post","link":"https:\/\/www.europesays.com\/es\/191659\/","title":{"rendered":"Siete visitas guiadas gratis para descubrir la provincia de Zamora de la mano de Las Edades del Hombre"},"content":{"rendered":"<p class=\"paragraph\" id=\"paragraph_1\">La Diputaci\u00f3n de Zamora pondr\u00e1 en marcha a partir de este mi\u00e9rcoles, 22 de octubre, un programa de rutas tur\u00edsticas con visitas guiadas gratuitas para promocionar el patrimonio, la gastronom\u00eda y el entorno natural de la provincia. La iniciativa se enmarca en la XXVIII edici\u00f3n de las Edades del Hombre, EsperanZa, que se celebra en la capital.<\/p>\n<p class=\"paragraph\" id=\"paragraph_2\">Los recorridos se desarrollar\u00e1n todos los mi\u00e9rcoles y viernes, con salida a las 09.00 horas desde la Avenida Leopoldo Alas Clar\u00edn, 3, frente al edificio de la Junta de Castilla y Le\u00f3n. Los autobuses llevar\u00e1n a los participantes hasta distintos enclaves con el objetivo de prolongar su estancia en Zamora y favorecer la difusi\u00f3n de la oferta cultural m\u00e1s all\u00e1 de la ciudad.<\/p>\n<p class=\"paragraph\" id=\"paragraph_3\">La primera de las rutas tendr\u00e1 como destino Benavente. Se celebrar\u00e1 el 31 de octubre y el 21 de noviembre. Los viajeros conocer\u00e1n la Plaza Mayor, las iglesias de Santa Mar\u00eda del Azogue y San Juan del Mercado, Casa Solita, el Paseo de la Mota y la Torre del Caracol. El regreso est\u00e1 previsto en torno a las 14.00 horas.<\/p>\n<p><img loading=\"lazy\" decoding=\"async\" alt=\"Alfonso Fern\u00e1ndez Ma\u00f1ueco asiste a la inauguraci\u00f3n de Las Edades del Hombre\" height=\"180\" src=\"https:\/\/www.europesays.com\/es\/wp-content\/uploads\/2025\/10\/1003743972311_259398358_320x180.jpg\" width=\"320\" data-lazy-status=\"processed\" data-lazy-info=\"remove loading item 1\"\/><\/p>\n<p class=\"paragraph\" id=\"paragraph_4\">Toro protagonizar\u00e1 la segunda de las rutas, los d\u00edas 22 de octubre, 12 de noviembre, 3 y 10 de diciembre. La visita incluye la Plaza Mayor, el Paseo del Espol\u00f3n, la Colegiata de Santa Mar\u00eda la Mayor, el Alc\u00e1zar, el Palacio Rejadorada, la Plaza de Santa Marina y la Torre del Reloj.<\/p>\n<p class=\"paragraph\" id=\"paragraph_5\">El 29 de octubre y el 19 de noviembre, la tercera ruta llevar\u00e1 a los viajeros hasta Fermoselle. All\u00ed se recorrer\u00e1n la Plaza Mayor, la iglesia de Nuestra Se\u00f1ora de la Asunci\u00f3n, las bodegas subterr\u00e1neas y el mirador de los Arribes del Duero.<\/p>\n<p class=\"paragraph\" id=\"paragraph_6\">La cuarta propuesta ser\u00e1 para conocer San Pedro de la Nave y el entorno del embalse de Ricobayo. Se celebrar\u00e1 el 7 y el 28 de noviembre, con paradas en Ricobayo y Muelas del Pan.<\/p>\n<p class=\"paragraph\" id=\"paragraph_7\">El Lago de Sanabria y Puebla de Sanabria ser\u00e1n los protagonistas de la quinta ruta. Tendr\u00e1 lugar el 24 de octubre, el 14 de noviembre y el 5 de diciembre. Incluye la Plaza Mayor, la iglesia de Santa Mar\u00eda del Azogue, la Ermita de San Cayetano, el Castillo y el Museo de Gigantes.<\/p>\n<p class=\"paragraph\" id=\"paragraph_8\">La sexta ruta viajar\u00e1 hasta Granja de Moreruela y Villaf\u00e1fila, prevista para los d\u00edas 5 y 26 de noviembre. La \u00faltima, la s\u00e9ptima, recorrer\u00e1 la comarca de T\u00e1bara con visitas al Museo de Los Carochos en Riofr\u00edo de Aliste y al Museo de la Semana Santa en Bercianos de Aliste el 12 de diciembre.<\/p>\n<p class=\"paragraph\" id=\"paragraph_9\">Las plazas son limitadas y la inscripci\u00f3n se puede realizar de forma gratuita en el tel\u00e9fono 980 50 99 89, en horario de 10.00 a 14.00 y de 17.00 a 19.30 horas.<\/p>\n<p class=\"paragraph\" id=\"paragraph_10\">La Diputaci\u00f3n destaca que estas rutas buscan \u00abponer en valor la provincia de Zamora\u00bb y aprovechar el atractivo de Las Edades del Hombre para \u00abimpulsar el desarrollo econ\u00f3mico del territorio\u00bb.<\/p>\n","protected":false},"excerpt":{"rendered":"La Diputaci\u00f3n de Zamora pondr\u00e1 en marcha a partir de este mi\u00e9rcoles, 22 de octubre, un programa de&hellip;\n","protected":false},"author":2,"featured_media":191660,"comment_status":"","ping_status":"","sticky":false,"template":"","format":"standard","meta":{"footnotes":""},"categories":[173],"tags":[229,233,231,230,232,7134,234,146,147,25,24,23,53537,2946,44790],"class_list":{"0":"post-191659","1":"post","2":"type-post","3":"status-publish","4":"format-standard","5":"has-post-thumbnail","7":"category-arte-y-diseno","8":"tag-arte","9":"tag-arte-y-diseno","10":"tag-arts","11":"tag-arts-and-design","12":"tag-design","13":"tag-diputacion-de-zamora","14":"tag-diseno","15":"tag-entertainment","16":"tag-entretenimiento","17":"tag-es","18":"tag-espana","19":"tag-spain","20":"tag-toro-zamora","21":"tag-zamora","22":"tag-zamora-provincia"},"share_on_mastodon":{"url":"https:\/\/pubeurope.com\/@es\/115412514115329993","error":""},"_links":{"self":[{"href":"https:\/\/www.europesays.com\/es\/wp-json\/wp\/v2\/posts\/191659","targetHints":{"allow":["GET"]}}],"collection":[{"href":"https:\/\/www.europesays.com\/es\/wp-json\/wp\/v2\/posts"}],"about":[{"href":"https:\/\/www.europesays.com\/es\/wp-json\/wp\/v2\/types\/post"}],"author":[{"embeddable":true,"href":"https:\/\/www.europesays.com\/es\/wp-json\/wp\/v2\/users\/2"}],"replies":[{"embeddable":true,"href":"https:\/\/www.europesays.com\/es\/wp-json\/wp\/v2\/comments?post=191659"}],"version-history":[{"count":0,"href":"https:\/\/www.europesays.com\/es\/wp-json\/wp\/v2\/posts\/191659\/revisions"}],"wp:featuredmedia":[{"embeddable":true,"href":"https:\/\/www.europesays.com\/es\/wp-json\/wp\/v2\/media\/191660"}],"wp:attachment":[{"href":"https:\/\/www.europesays.com\/es\/wp-json\/wp\/v2\/media?parent=191659"}],"wp:term":[{"taxonomy":"category","embeddable":true,"href":"https:\/\/www.europesays.com\/es\/wp-json\/wp\/v2\/categories?post=191659"},{"taxonomy":"post_tag","embeddable":true,"href":"https:\/\/www.europesays.com\/es\/wp-json\/wp\/v2\/tags?post=191659"}],"curies":[{"name":"wp","href":"https:\/\/api.w.org\/{rel}","templated":true}]}}