{"id":191661,"date":"2025-10-21T13:59:08","date_gmt":"2025-10-21T13:59:08","guid":{"rendered":"https:\/\/www.europesays.com\/es\/191661\/"},"modified":"2025-10-21T13:59:08","modified_gmt":"2025-10-21T13:59:08","slug":"isabel-preysler-se-abre-en-canal-en-su-libro-mi-verdadera-historia","status":"publish","type":"post","link":"https:\/\/www.europesays.com\/es\/191661\/","title":{"rendered":"Isabel Preysler se abre en canal en su libro: &#8216;Mi verdadera historia&#8217;"},"content":{"rendered":"<p>Isabel Preysler se abre en canal en su nuevo libro \u2018Mi verdadera historia\u2019. Este mi\u00e9rcoles presentar\u00e1 a los medios su autobiograf\u00eda, en la que incluye su <strong>versi\u00f3n m\u00e1s personal <\/strong>sobre los \u201cmomentos decisivos\u201d que la han llevado a convertirse en la persona que es hoy. Detalla que escribir <strong>ha sido un viaje de introspecci\u00f3n.\u00a0<\/strong><\/p>\n<p>Preysler ha sido una figura de inter\u00e9s medi\u00e1tico constante por sus relaciones sentimentales y amorosas principalmente. Han llegado a llamarla la Reina de Corazones debido al n\u00famero de ejemplares de revistas que, a lo largo de su vida, se han vendido a su costa. Con el libro pretende<strong> romper los mitos falsos que circulan sobre ella<\/strong>. \u201cA trav\u00e9s de su propia voz, descubriremos a una mujer que siempre luch\u00f3 por su independencia y que se siente en paz con su presente\u201d adem\u00e1s de conocer \u201clos hitos de su biograf\u00eda desde un \u00e1ngulo tan \u00edntimo que impactar\u00e1 a los lectores\u201d como asegura la editorial Espasa.<\/p>\n<p><img loading=\"lazy\" decoding=\"async\" width=\"486\" height=\"675\" src=\"data:image\/svg+xml,%3Csvg%20xmlns=\" http:=\"\" alt=\"\" class=\"wp-image-816331\" data-lazy- data-lazy- data-lazy-src=\"https:\/\/www.europesays.com\/es\/wp-content\/uploads\/2025\/10\/6da90e94584c-libro-486x675.jpg\"\/>La portada del libro de Isabel Preysler. Foto: Espasa.<\/p>\n<p>En su libro, Isabel Preysler habla de los grandes amores que han marcado su vida, incluidos sus tres maridos: Julio Iglesias, Carlos Falc\u00f3 y Miguel Boyer, as\u00ed como su m\u00e1s reciente relaci\u00f3n con Mario Vargas Llosa. Estas historias sentimentales se entrelazan con los momentos m\u00e1s importantes de su vida familiar junto con el nacimiento de sus hijos: Ch\u00e1beli, Enrique, Julio, Jos\u00e9, Tamara y Ana. La familia siempre ha sido el eje central de su vida.\u00a0<\/p>\n<p>La elegancia personificada<\/p>\n<p>Se caracteriza por su elegancia y se podr\u00eda decir que es la <strong>primera influencer de Espa\u00f1a<\/strong>. M\u00e1s all\u00e1 de los intereses en su vida personal, es conocida por sus consejos de belleza, dieta y cuidados de salud. Por ello, figura en la lista que publicamos el lunes de las <a href=\"https:\/\/forbes.es\/forbes-women\/812544\/lista-forbes-women-las-100-mujeres-mas-influyentes-de-espana-2025\/\" rel=\"nofollow noopener\" target=\"_blank\">100 mujeres m\u00e1s influyentes del pa\u00eds<\/a>.<\/p>\n<p>Se espera que \u2018Mi verdadera historia\u2019 sea todo un \u00e9xito, consolidando a\u00fan m\u00e1s su legado como la figura ic\u00f3nica que es. Con su estilo inconfundible y su vida llena de momentos que han capturado la atenci\u00f3n p\u00fablica durante d\u00e9cadas, <strong>esta autobiograf\u00eda no pasar\u00e1 desapercibida<\/strong> y promete convertirse en uno de los libros m\u00e1s comentados del a\u00f1o.<\/p>\n","protected":false},"excerpt":{"rendered":"Isabel Preysler se abre en canal en su nuevo libro \u2018Mi verdadera historia\u2019. Este mi\u00e9rcoles presentar\u00e1 a los&hellip;\n","protected":false},"author":2,"featured_media":191662,"comment_status":"","ping_status":"","sticky":false,"template":"","format":"standard","meta":{"footnotes":""},"categories":[172],"tags":[53538,224,146,147,25,24,18480,225,8594,23],"class_list":{"0":"post-191661","1":"post","2":"type-post","3":"status-publish","4":"format-standard","5":"has-post-thumbnail","7":"category-libros","8":"tag-autobiografia","9":"tag-books","10":"tag-entertainment","11":"tag-entretenimiento","12":"tag-es","13":"tag-espana","14":"tag-isabel-preysler","15":"tag-libros","16":"tag-presentacion-libro","17":"tag-spain"},"share_on_mastodon":{"url":"https:\/\/pubeurope.com\/@es\/115412517822830687","error":""},"_links":{"self":[{"href":"https:\/\/www.europesays.com\/es\/wp-json\/wp\/v2\/posts\/191661","targetHints":{"allow":["GET"]}}],"collection":[{"href":"https:\/\/www.europesays.com\/es\/wp-json\/wp\/v2\/posts"}],"about":[{"href":"https:\/\/www.europesays.com\/es\/wp-json\/wp\/v2\/types\/post"}],"author":[{"embeddable":true,"href":"https:\/\/www.europesays.com\/es\/wp-json\/wp\/v2\/users\/2"}],"replies":[{"embeddable":true,"href":"https:\/\/www.europesays.com\/es\/wp-json\/wp\/v2\/comments?post=191661"}],"version-history":[{"count":0,"href":"https:\/\/www.europesays.com\/es\/wp-json\/wp\/v2\/posts\/191661\/revisions"}],"wp:featuredmedia":[{"embeddable":true,"href":"https:\/\/www.europesays.com\/es\/wp-json\/wp\/v2\/media\/191662"}],"wp:attachment":[{"href":"https:\/\/www.europesays.com\/es\/wp-json\/wp\/v2\/media?parent=191661"}],"wp:term":[{"taxonomy":"category","embeddable":true,"href":"https:\/\/www.europesays.com\/es\/wp-json\/wp\/v2\/categories?post=191661"},{"taxonomy":"post_tag","embeddable":true,"href":"https:\/\/www.europesays.com\/es\/wp-json\/wp\/v2\/tags?post=191661"}],"curies":[{"name":"wp","href":"https:\/\/api.w.org\/{rel}","templated":true}]}}