{"id":191687,"date":"2025-10-21T14:12:19","date_gmt":"2025-10-21T14:12:19","guid":{"rendered":"https:\/\/www.europesays.com\/es\/191687\/"},"modified":"2025-10-21T14:12:19","modified_gmt":"2025-10-21T14:12:19","slug":"el-nuevo-consejero-de-sanidad-de-andalucia-en-los-toros-durante-el-dia-del-cancer-de-mama","status":"publish","type":"post","link":"https:\/\/www.europesays.com\/es\/191687\/","title":{"rendered":"El nuevo consejero de Sanidad de Andaluc\u00eda, en los toros durante el D\u00eda del C\u00e1ncer de Mama"},"content":{"rendered":"<p class=\"article-text\">\n        Antonio Sanz ha sido el hombre elegido por el presidente andaluz, Juanma Moreno, para llevar la cartera de Sanidad despu\u00e9s de la dimisi\u00f3n de Roc\u00edo Hern\u00e1ndez<a href=\"https:\/\/www.infolibre.es\/politica\/toni-valero-iu-moreno-bonilla-mentido-minuto_1_2081692.html\" class=\"link\" rel=\"nofollow noopener\" target=\"_blank\"> por los fallos en los cribados en el c\u00e1ncer de mama. <\/a>De esta manera, el gaditano se ha convertido en la pieza fuerte de la Junta, ya que tambi\u00e9n tiene en sus manos el departamento de Presidencia, y en el dirigente clave para hacer frente al esc\u00e1ndalo sanitario.\n    <\/p>\n<p class=\"offer__name\">infoLibre premium<\/p>\n<p>\n                            8\u20ac\/mes<br \/>\n                            75\u20ac\/a\u00f1o\n                        <\/p>\n<p>\n                            Ahorra 21\u20ac\n                        <\/p>\n<p>                                        <a class=\"offer__suscription bh-btn\" href=\"https:\/\/usuarios.infolibre.es\/hazte_socio\/\" rel=\"nofollow noopener\" target=\"_self\" title=\"Suscr\u00edbete\" data-google-interstitial=\"false\" data-dl-subscription-params=\"{&quot;value&quot;:&quot;75&quot;,&quot;currency&quot;:&quot;EUR&quot;,&quot;im_type&quot;:&quot;infoLibre_premium&quot;,&quot;method&quot;:&quot;paywall&quot;,&quot;im_location&quot;:&quot;banner_paywall&quot;,&quot;im_section&quot;:&quot;pol\\u00edtica&quot;,&quot;items&quot;:[{&quot;item_name&quot;:&quot;infoLibre_premium&quot;,&quot;price&quot;:&quot;75&quot;,&quot;discount&quot;:&quot;21&quot;,&quot;quantity&quot;:&quot;1&quot;}]}\">Suscr\u00edbete<\/a><\/p>\n<ul class=\"offer__description\">\n<li>Lee art\u00edculos sin l\u00edmites<\/li>\n<li>Sin publicidad<\/li>\n<li>Recibe TintaLibre en tu casa<\/li>\n<\/ul>\n<p class=\"offer__name\">infoLibre total<\/p>\n<p>\n                            6\u20ac\/mes<br \/>\n                            55\u20ac\/a\u00f1o\n                        <\/p>\n<p>\n                            Ahorra 17\u20ac\n                        <\/p>\n<p>                                        <a class=\"offer__suscription bh-btn\" href=\"https:\/\/usuarios.infolibre.es\/hazte_socio\/\" rel=\"nofollow noopener\" target=\"_self\" title=\"Suscr\u00edbete\" data-google-interstitial=\"false\" data-dl-subscription-params=\"{&quot;value&quot;:&quot;55&quot;,&quot;currency&quot;:&quot;EUR&quot;,&quot;im_type&quot;:&quot;infoLibre_total&quot;,&quot;method&quot;:&quot;paywall&quot;,&quot;im_location&quot;:&quot;banner_paywall&quot;,&quot;im_section&quot;:&quot;pol\\u00edtica&quot;,&quot;items&quot;:[{&quot;item_name&quot;:&quot;infoLibre_total&quot;,&quot;price&quot;:&quot;55&quot;,&quot;discount&quot;:&quot;17&quot;,&quot;quantity&quot;:&quot;1&quot;}]}\">Suscr\u00edbete<\/a><\/p>\n<ul class=\"offer__description\">\n<li>Lee art\u00edculos sin l\u00edmites<\/li>\n<li>Sin publicidad<\/li>\n<\/ul>\n","protected":false},"excerpt":{"rendered":"Antonio Sanz ha sido el hombre elegido por el presidente andaluz, Juanma Moreno, para llevar la cartera de&hellip;\n","protected":false},"author":2,"featured_media":191688,"comment_status":"","ping_status":"","sticky":false,"template":"","format":"standard","meta":{"footnotes":""},"categories":[277],"tags":[259,373,1066,13293,168,978,4169,25,24,4917,524,1811,23,167,374,444],"class_list":{"0":"post-191687","1":"post","2":"type-post","3":"status-publish","4":"format-standard","5":"has-post-thumbnail","7":"category-toreo","8":"tag-andalucia","9":"tag-bullfighting","10":"tag-cancer","11":"tag-consejero","12":"tag-deportes","13":"tag-dia","14":"tag-durante","15":"tag-es","16":"tag-espana","17":"tag-mama","18":"tag-nuevo","19":"tag-sanidad","20":"tag-spain","21":"tag-sports","22":"tag-toreo","23":"tag-toros"},"share_on_mastodon":{"url":"https:\/\/pubeurope.com\/@es\/115412568831342891","error":""},"_links":{"self":[{"href":"https:\/\/www.europesays.com\/es\/wp-json\/wp\/v2\/posts\/191687","targetHints":{"allow":["GET"]}}],"collection":[{"href":"https:\/\/www.europesays.com\/es\/wp-json\/wp\/v2\/posts"}],"about":[{"href":"https:\/\/www.europesays.com\/es\/wp-json\/wp\/v2\/types\/post"}],"author":[{"embeddable":true,"href":"https:\/\/www.europesays.com\/es\/wp-json\/wp\/v2\/users\/2"}],"replies":[{"embeddable":true,"href":"https:\/\/www.europesays.com\/es\/wp-json\/wp\/v2\/comments?post=191687"}],"version-history":[{"count":0,"href":"https:\/\/www.europesays.com\/es\/wp-json\/wp\/v2\/posts\/191687\/revisions"}],"wp:featuredmedia":[{"embeddable":true,"href":"https:\/\/www.europesays.com\/es\/wp-json\/wp\/v2\/media\/191688"}],"wp:attachment":[{"href":"https:\/\/www.europesays.com\/es\/wp-json\/wp\/v2\/media?parent=191687"}],"wp:term":[{"taxonomy":"category","embeddable":true,"href":"https:\/\/www.europesays.com\/es\/wp-json\/wp\/v2\/categories?post=191687"},{"taxonomy":"post_tag","embeddable":true,"href":"https:\/\/www.europesays.com\/es\/wp-json\/wp\/v2\/tags?post=191687"}],"curies":[{"name":"wp","href":"https:\/\/api.w.org\/{rel}","templated":true}]}}