{"id":191689,"date":"2025-10-21T14:15:17","date_gmt":"2025-10-21T14:15:17","guid":{"rendered":"https:\/\/www.europesays.com\/es\/191689\/"},"modified":"2025-10-21T14:15:17","modified_gmt":"2025-10-21T14:15:17","slug":"la-mala-noticia-que-recibio-la-seleccion-argentina-de-copa-davis-el-jugador-top-que-volvera-a-jugar-para-alemania","status":"publish","type":"post","link":"https:\/\/www.europesays.com\/es\/191689\/","title":{"rendered":"La mala noticia que recibi\u00f3 la selecci\u00f3n argentina de Copa Davis: el jugador top que volver\u00e1 a jugar para Alemania"},"content":{"rendered":"<p><img alt=\"La Selecci\u00f3n Argentina de Tenis\" class=\"global-image\" decoding=\"async\" fetchpriority=\"high\" height=\"1080\" loading=\"eager\" src=\"https:\/\/www.europesays.com\/es\/wp-content\/uploads\/2025\/10\/PPTZCTTALJAZXPS3CH4GCJQRUQ.png\" width=\"1920\"\/>La Selecci\u00f3n Argentina de Tenis YPF va por la segunda Copa Davis de su historia en el Final 8 de Bolonia<\/p>\n<p class=\"paragraph\">El n\u00famero tres del mundo, <b>Alexander Zverev<\/b> vuelve a jugar la<b> Copa Davis<\/b> tras casi dos a\u00f1os de ausencia en <b>Alemania<\/b> y lo har\u00e1 en el <b>Final 8 de Bolonia<\/b> ante <b>Argentina<\/b>. El capit\u00e1n germano, <b>Michael Kohlmann<\/b>, dio a conocer la n\u00f3mina para enfrentar a Los Halcones con <b>Jan-Lennard Struff <\/b>(91\u00b0), <b>Yannick Hanfmann<\/b> (126\u00b0), los doblistas <b>Kevin Krawietz<\/b> (10\u00b0) y<b> Tim Puetz<\/b> (11\u00b0), y el regreso de la mejor raqueta de su pa\u00eds. <\/p>\n<p class=\"paragraph\">Si bien <b>Carlos Alcaraz<\/b> y <b>Jannik Sinner<\/b> dominan el circuito de la ATP, Sascha es un claro aspirante a pelear por el tope del escalaf\u00f3n mundial cuando alguno de los dos actuales l\u00edderes tenga un tropiezo. Sin ir m\u00e1s lejos, entre el espa\u00f1ol y el italiano se repartieron los cuatro Grand Slam del a\u00f1o: el ib\u00e9rico se qued\u00f3 con<b> Roland Garros<\/b> y el <b>US Open<\/b>, mientras que el nacido en <b>San C\u00e1ndido<\/b> celebr\u00f3 en el <b>Abierto de Australia<\/b> y <b>Wimbledon<\/b>.<\/p>\n<p class=\"paragraph\">Zverev comenz\u00f3 muy bien la temporada, al alcanzar la final del Abierto de Australia y luego logr\u00f3 su <b>\u00fanico t\u00edtulo ATP del a\u00f1o en Munich<\/b> en abril, pero desde all\u00ed no logr\u00f3 regularidad. El oriundo de Hamburgo, de 28 a\u00f1os, es probable que juegue en <b>Final 8<\/b> de <b>Bolonia<\/b> el single 1 ante <b>Francisco Cer\u00fandolo<\/b>, que ser\u00e1 la primera raqueta del equipo capitaneado por<b> Javier Frana<\/b>, <a href=\"https:\/\/www.infobae.com\/deportes\/2025\/10\/20\/copa-davis-javier-frana-confirmo-los-convocados-de-argentina-para-disputar-el-final-8-en-bolonia\/\" target=\"_blank\" rel=\"noreferrer nofollow noopener\" title=\"https:\/\/www.infobae.com\/deportes\/2025\/10\/20\/copa-davis-javier-frana-confirmo-los-convocados-de-argentina-para-disputar-el-final-8-en-bolonia\/\"><b>seg\u00fan dio a conocer la Asociaci\u00f3n Argentina de Tenis este lunes por la ma\u00f1ana<\/b><\/a>. <\/p>\n<p class=\"paragraph\">Respecto a <b>Copa Davis<\/b>, Alexander no form\u00f3 parte de su selecci\u00f3n desde febrero de 2023, cuando los teutones cayeron ante Suiza por los Qualifiers. A lo largo de su carrera, <b>form\u00f3 parte de 10 convocatorias y disput\u00f3 siete series, en las que acumula ocho triunfos y seis derrotas<\/b>.<\/p>\n<p class=\"paragraph\">El argentino lidera el historial entre ambos por 3-1, con victorias en el <b>Masters 1000 de Madrid <\/b>de 2024, y el <b>ATP de Buenos Aires y en Madrid este mismo a\u00f1o<\/b>, todas sobre polvo de ladrillo. En tanto, el alem\u00e1n se impuso en el \u00faltimo duelo en el <b>Masters 1000 de Canad\u00e1 <\/b>sobre superficie dura, m\u00e1s parecida a lo que pasar\u00e1n en noviembre en Italia. En aquella ocasi\u00f3n, el tenista porte\u00f1o debi\u00f3 retirarse por una lesi\u00f3n, cuando estaba set abajo y 0-1.<\/p>\n<p class=\"paragraph\">La selecci\u00f3n alemana, tercera del ranking mundial (segunda preclasificada por la ausencia de Australia en el Final 8 y semifinalista en la \u00faltima edici\u00f3n), <b>llegar\u00e1 a Bolonia tras haber vencido con comodidad a Jap\u00f3n como visitante por 4-0<\/b>, en superficie dura indoor, en el <b>Ariake Coliseum<\/b>.<\/p>\n<p class=\"paragraph\">No obstante, <b>el equipo argentino lidera el historial ante Alemania por 7-3<\/b>. El \u00faltimo enfrentamiento entre ambos fue en el Round Robin del <b>Final 8<\/b> de 2019, disputado en la <b>Caja M\u00e1gica de Madrid<\/b>, donde el conjunto alem\u00e1n se qued\u00f3 con la victoria por 3-0.<\/p>\n<p class=\"paragraph\">Para la definici\u00f3n de la Copa Davis, el capit\u00e1n de la <b>Selecci\u00f3n Argentina de Tenis YPF<\/b>, Javier Frana, confirm\u00f3 el mismo equipo que super\u00f3 a <b>Pa\u00edses Bajos por 3-1 <\/b>en la segunda ronda de los <b>Qualifiers<\/b> 2025 disputada en <b>Groningen<\/b>.<\/p>\n<p class=\"paragraph\">As\u00ed <b>Francisco Cer\u00fandolo<\/b> (21), <b>Tom\u00e1s Etcheverry<\/b> (63), <b>Francisco Comesa\u00f1a <\/b>(68) y los doblistas <b>Horacio Zeballos y Andr\u00e9s Molteni<\/b> ser\u00e1n los protagonistas en el Final 8. El conjunto albiceleste debutar\u00e1 en los cuartos de final frente a Alemania el jueves 20 a las 13:00 (hora Argentina).<\/p>\n<p class=\"paragraph\">El ganador del duelo entre Argentina y Alemania <b>se medir\u00e1 en semifinales ante el vencedor del choque entre Rep\u00fablica Checa y Espa\u00f1a<\/b>, que tendr\u00e1 entre sus filas al n\u00famero 1 del mundo, Carlos Alcaraz. <\/p>\n<ul data-icon=\"\u2b24\" class=\"list\">\n<li data-icon=\"\u2b24\">Martes 18 de noviembre: Francia vs. B\u00e9lgica, a partir de las 12:00<\/li>\n<li data-icon=\"\u2b24\">Mi\u00e9rcoles 19 de noviembre: Italia vs. Austria, a partir de las 12:00<\/li>\n<li data-icon=\"\u2b24\">Jueves 20 de noviembre: Rep\u00fablica Checa Vs Espa\u00f1a, a partir de las 6:00<\/li>\n<\/ul>\n","protected":false},"excerpt":{"rendered":"La Selecci\u00f3n Argentina de Tenis YPF va por la segunda Copa Davis de su historia en el Final&hellip;\n","protected":false},"author":2,"featured_media":109875,"comment_status":"","ping_status":"","sticky":false,"template":"","format":"standard","meta":{"footnotes":""},"categories":[274],"tags":[1660,6896,283,13877,168,25,24,6201,23,167,327,326],"class_list":{"0":"post-191689","1":"post","2":"type-post","3":"status-publish","4":"format-standard","5":"has-post-thumbnail","7":"category-tenis","8":"tag-alemania","9":"tag-alexander-zverev","10":"tag-argentina","11":"tag-copa-davis","12":"tag-deportes","13":"tag-es","14":"tag-espana","15":"tag-francisco-cerundolo","16":"tag-spain","17":"tag-sports","18":"tag-tenis","19":"tag-tennis"},"share_on_mastodon":{"url":"https:\/\/pubeurope.com\/@es\/115412581101144537","error":""},"_links":{"self":[{"href":"https:\/\/www.europesays.com\/es\/wp-json\/wp\/v2\/posts\/191689","targetHints":{"allow":["GET"]}}],"collection":[{"href":"https:\/\/www.europesays.com\/es\/wp-json\/wp\/v2\/posts"}],"about":[{"href":"https:\/\/www.europesays.com\/es\/wp-json\/wp\/v2\/types\/post"}],"author":[{"embeddable":true,"href":"https:\/\/www.europesays.com\/es\/wp-json\/wp\/v2\/users\/2"}],"replies":[{"embeddable":true,"href":"https:\/\/www.europesays.com\/es\/wp-json\/wp\/v2\/comments?post=191689"}],"version-history":[{"count":0,"href":"https:\/\/www.europesays.com\/es\/wp-json\/wp\/v2\/posts\/191689\/revisions"}],"wp:featuredmedia":[{"embeddable":true,"href":"https:\/\/www.europesays.com\/es\/wp-json\/wp\/v2\/media\/109875"}],"wp:attachment":[{"href":"https:\/\/www.europesays.com\/es\/wp-json\/wp\/v2\/media?parent=191689"}],"wp:term":[{"taxonomy":"category","embeddable":true,"href":"https:\/\/www.europesays.com\/es\/wp-json\/wp\/v2\/categories?post=191689"},{"taxonomy":"post_tag","embeddable":true,"href":"https:\/\/www.europesays.com\/es\/wp-json\/wp\/v2\/tags?post=191689"}],"curies":[{"name":"wp","href":"https:\/\/api.w.org\/{rel}","templated":true}]}}