{"id":191692,"date":"2025-10-21T14:17:07","date_gmt":"2025-10-21T14:17:07","guid":{"rendered":"https:\/\/www.europesays.com\/es\/191692\/"},"modified":"2025-10-21T14:17:07","modified_gmt":"2025-10-21T14:17:07","slug":"max-verstappen-cede-su-lugar-a-un-novato","status":"publish","type":"post","link":"https:\/\/www.europesays.com\/es\/191692\/","title":{"rendered":"Max Verstappen cede su lugar a un novato"},"content":{"rendered":"<p class=\"mb-4 text-lg md:leading-8 break-words\">CIUDAD DE M\u00c9XICO, octubre 21 (EL UNIVERSAL).- La afici\u00f3n mexicana no podr\u00e1 ver a Max Verstappen en acci\u00f3n durante la Pr\u00e1ctica 1 del Gran Premio de M\u00e9xico, a realizarse el viernes 24 de octubre en el Aut\u00f3dromo Hermanos Rodr\u00edguez de la capital mexicana. La afici\u00f3n que buscaba ver al piloto neerland\u00e9s arriba de su monoplaza deber\u00e1 esperar hasta el s\u00e1bado 25.<\/p>\n<p class=\"mb-4 text-lg md:leading-8 break-words\">Verstappen, de 28 a\u00f1os, ceder\u00e1 el asiento de su RB21 de Red Bull al piloto de F\u00f3rmula 2, Arvid Lindblad de tan solo 18 a\u00f1os. Fue el mismo Helmut Marko, asesor de la escuder\u00eda del toro rojo, quien confirm\u00f3 la informaci\u00f3n previo a la que ser\u00e1 la d\u00e9cima edici\u00f3n del Gran Premio de M\u00e9xico en esta tercera era.<\/p>\n<p class=\"mb-4 text-lg md:leading-8 break-words\">Por reglamento, las escuder\u00edas deben dejar que sus pilotos novatos participen en al menos dos sesiones de entrenamiento durante la temporada. El equipo austriaco eligi\u00f3 al prodigio del Red Bull Junior Team, Arvid Lindblad, luego de que Ayumu Iwasa ocupar\u00e1 el asiento de Verstappen en Bahrein.<\/p>\n<p class=\"mb-4 text-lg md:leading-8 break-words\">Esta ser\u00e1 la segunda ocasi\u00f3n que Lindblad, de origen brit\u00e1nico-sueco, vea acci\u00f3n en una sesi\u00f3n de entrenamiento. En el Gran Premio de Gran Breta\u00f1a \u2014celebrado en el m\u00edtico circuito de Silverstone \u2014 el joven de 18 a\u00f1os sustituy\u00f3 al nip\u00f3n Yuki Tsunoda.<\/p>\n<p class=\"mb-4 text-lg md:leading-8 break-words\">Verstappen, quien conoce a la perfecci\u00f3n el Aut\u00f3dromo Hermanos Rodr\u00edguez, no ver\u00e1 afectada su preparaci\u00f3n previo a la edici\u00f3n 2025 del GP de M\u00e9xico. El neerland\u00e9s presume cinco triunfos en las nueve carreras que se han disputado en territorio mexicano.<\/p>\n","protected":false},"excerpt":{"rendered":"CIUDAD DE M\u00c9XICO, octubre 21 (EL UNIVERSAL).- La afici\u00f3n mexicana no podr\u00e1 ver a Max Verstappen en acci\u00f3n&hellip;\n","protected":false},"author":2,"featured_media":191693,"comment_status":"","ping_status":"","sticky":false,"template":"","format":"standard","meta":{"footnotes":""},"categories":[270],"tags":[26373,37858,168,25,24,306,271,272,16702,12405,2099,212,23,167],"class_list":{"0":"post-191692","1":"post","2":"type-post","3":"status-publish","4":"format-standard","5":"has-post-thumbnail","7":"category-formula-1","8":"tag-arvid-lindblad","9":"tag-autodromo-hermanos-rodriguez","10":"tag-deportes","11":"tag-es","12":"tag-espana","13":"tag-f1","14":"tag-formula-1","15":"tag-formula1","16":"tag-gran-premio-de-mexico","17":"tag-helmut-marko","18":"tag-max-verstappen","19":"tag-red-bull","20":"tag-spain","21":"tag-sports"},"share_on_mastodon":{"url":"https:\/\/pubeurope.com\/@es\/115412588643166498","error":""},"_links":{"self":[{"href":"https:\/\/www.europesays.com\/es\/wp-json\/wp\/v2\/posts\/191692","targetHints":{"allow":["GET"]}}],"collection":[{"href":"https:\/\/www.europesays.com\/es\/wp-json\/wp\/v2\/posts"}],"about":[{"href":"https:\/\/www.europesays.com\/es\/wp-json\/wp\/v2\/types\/post"}],"author":[{"embeddable":true,"href":"https:\/\/www.europesays.com\/es\/wp-json\/wp\/v2\/users\/2"}],"replies":[{"embeddable":true,"href":"https:\/\/www.europesays.com\/es\/wp-json\/wp\/v2\/comments?post=191692"}],"version-history":[{"count":0,"href":"https:\/\/www.europesays.com\/es\/wp-json\/wp\/v2\/posts\/191692\/revisions"}],"wp:featuredmedia":[{"embeddable":true,"href":"https:\/\/www.europesays.com\/es\/wp-json\/wp\/v2\/media\/191693"}],"wp:attachment":[{"href":"https:\/\/www.europesays.com\/es\/wp-json\/wp\/v2\/media?parent=191692"}],"wp:term":[{"taxonomy":"category","embeddable":true,"href":"https:\/\/www.europesays.com\/es\/wp-json\/wp\/v2\/categories?post=191692"},{"taxonomy":"post_tag","embeddable":true,"href":"https:\/\/www.europesays.com\/es\/wp-json\/wp\/v2\/tags?post=191692"}],"curies":[{"name":"wp","href":"https:\/\/api.w.org\/{rel}","templated":true}]}}