{"id":191696,"date":"2025-10-21T14:19:12","date_gmt":"2025-10-21T14:19:12","guid":{"rendered":"https:\/\/www.europesays.com\/es\/191696\/"},"modified":"2025-10-21T14:19:12","modified_gmt":"2025-10-21T14:19:12","slug":"el-azeri-masiyev-arbitro-del-genk","status":"publish","type":"post","link":"https:\/\/www.europesays.com\/es\/191696\/","title":{"rendered":"El azer\u00ed Masiyev, \u00e1rbitro del Genk"},"content":{"rendered":"<p>21\/10\/2025<br \/>\n<br \/><strong><br \/>\nActualizado a las 11:41h.<br \/>\n<\/strong><\/p>\n<p class=\"voc-p\" style=\"\">Elchin <strong>Masiyev<\/strong>, de Azerbaiy\u00e1n, ha sido designado por la UEFA para arbitrar el encuentro de la tercera jornada de la fase de liga de la Europa League que disputar\u00e1n este jueves 23 de octubre a partir de las 18.45 el <strong>RKC Genk y <\/strong> &#8230; <strong>el Real Betis<\/strong>. Ser\u00e1 la primera ocasi\u00f3n en la que Masiyev, de 34 a\u00f1os, pite a alguno de los dos equipos contendientes.<\/p>\n<p class=\"voc-p\" style=\"\">De hecho, ser\u00e1 el <strong>primer encuentro en la Europa League<\/strong> que pita Masiyev, que s\u00ed ha arbitrado un duelo de la fase previa de esta competici\u00f3n (Cluj &#8211; Sporting de Braga en agosto, con resultado 1-2) y cuatro en la Conference League entre 2022 y 2024. Fue el cuarto \u00e1rbitro en el choque de la Supercopa de Europa entre el PSG y el Tottenham el pasado verano.<\/p>\n<p class=\"voc-p\" style=\"\">Nunca ha dirigido a equipos espa\u00f1oles y s\u00ed lo hizo con el <strong>C\u00edrculo de Brujas<\/strong> belga el a\u00f1o pasado en su triunfo por 2-0 ante el Heart of Midlothian escoc\u00e9s en la fase de liga de la Conference.<\/p>\n<p class=\"voc-p\" style=\"\">Masiyev estar\u00e1 asistido desde las bandas por sus compatriotas Elshad Abdullayev y Parvin Talibov, mientras que ejercer\u00e1 de cuarto \u00e1rbitro Tural Kurbanov. Como asistente de v\u00eddeo participar\u00e1 el alem\u00e1n Robert Schr\u00f6der ayudado por Nicat Ismayilli, tambi\u00e9n de Azerbaiy\u00e1n.<\/p>\n<p>\nArt\u00edculo solo para suscriptores\n<\/p>\n<p>Reportar un error<\/p>\n","protected":false},"excerpt":{"rendered":"21\/10\/2025 Actualizado a las 11:41h. Elchin Masiyev, de Azerbaiy\u00e1n, ha sido designado por la UEFA para arbitrar el&hellip;\n","protected":false},"author":2,"featured_media":191697,"comment_status":"","ping_status":"","sticky":false,"template":"","format":"standard","meta":{"footnotes":""},"categories":[268],"tags":[19418,53540,291,168,25,24,280,282,53326,53541,281,23,167],"class_list":{"0":"post-191696","1":"post","2":"type-post","3":"status-publish","4":"format-standard","5":"has-post-thumbnail","7":"category-futbol","8":"tag-arbitro","9":"tag-azeri","10":"tag-betis","11":"tag-deportes","12":"tag-es","13":"tag-espana","14":"tag-football","15":"tag-futbol","16":"tag-genk","17":"tag-masiyev","18":"tag-soccer","19":"tag-spain","20":"tag-sports"},"share_on_mastodon":{"url":"https:\/\/pubeurope.com\/@es\/115412596493297166","error":""},"_links":{"self":[{"href":"https:\/\/www.europesays.com\/es\/wp-json\/wp\/v2\/posts\/191696","targetHints":{"allow":["GET"]}}],"collection":[{"href":"https:\/\/www.europesays.com\/es\/wp-json\/wp\/v2\/posts"}],"about":[{"href":"https:\/\/www.europesays.com\/es\/wp-json\/wp\/v2\/types\/post"}],"author":[{"embeddable":true,"href":"https:\/\/www.europesays.com\/es\/wp-json\/wp\/v2\/users\/2"}],"replies":[{"embeddable":true,"href":"https:\/\/www.europesays.com\/es\/wp-json\/wp\/v2\/comments?post=191696"}],"version-history":[{"count":0,"href":"https:\/\/www.europesays.com\/es\/wp-json\/wp\/v2\/posts\/191696\/revisions"}],"wp:featuredmedia":[{"embeddable":true,"href":"https:\/\/www.europesays.com\/es\/wp-json\/wp\/v2\/media\/191697"}],"wp:attachment":[{"href":"https:\/\/www.europesays.com\/es\/wp-json\/wp\/v2\/media?parent=191696"}],"wp:term":[{"taxonomy":"category","embeddable":true,"href":"https:\/\/www.europesays.com\/es\/wp-json\/wp\/v2\/categories?post=191696"},{"taxonomy":"post_tag","embeddable":true,"href":"https:\/\/www.europesays.com\/es\/wp-json\/wp\/v2\/tags?post=191696"}],"curies":[{"name":"wp","href":"https:\/\/api.w.org\/{rel}","templated":true}]}}