{"id":191714,"date":"2025-10-21T14:28:09","date_gmt":"2025-10-21T14:28:09","guid":{"rendered":"https:\/\/www.europesays.com\/es\/191714\/"},"modified":"2025-10-21T14:28:09","modified_gmt":"2025-10-21T14:28:09","slug":"el-choque-entre-laura-escanes-y-maria-pombo","status":"publish","type":"post","link":"https:\/\/www.europesays.com\/es\/191714\/","title":{"rendered":"El choque entre Laura Escanes y Mar\u00eda Pombo:"},"content":{"rendered":"<p>L\u00edo en el mundo influencer entre <a href=\"https:\/\/www.huffingtonpost.es\/virales\/la-pregunta-maria-pombo-le-laura-escanes-sobre-fidelidad-llega-x-hay-jaleo.html\" rel=\"nofollow noopener\" target=\"_blank\">dos de las m\u00e1s potentes de Espa\u00f1a<\/a>. Por un lado est\u00e1 <b>Mar\u00eda Pombo, con 3,3 millones<\/b> de seguidores en Instagram y por otro <b>Laura Escanes, con dos millones.\u00a0\u00a0<\/b><\/p>\n<p>Todo empez\u00f3 en Al cielo con ella, el programa de Henar \u00c1lvarez en TVE, cuando la c\u00f3mica le pregunt\u00f3 a Escanes si le\u00eda a cuenta de <a href=\"https:\/\/www.huffingtonpost.es\/virales\/en-pleno-revuelo-maria-pombo-libros-llega-letizia-deja-frase-parece-dirigida.html\" rel=\"nofollow noopener\" target=\"_blank\">la \u00faltima <b>gran pol\u00e9mica de Mar\u00eda Pombo sobre no leer libros.\u00a0<\/b><\/a><\/p>\n<p>\u00ab\u00bfT\u00fa lees?\u00bb, dijo \u00c1lvarez. Escanes simplemente se ech\u00f3 a re\u00edr y dijo que s\u00ed pero menos de lo que le gustar\u00eda.<b> \u00abSi me preguntas en unos meses te dir\u00e9 que much\u00edsimo\u00bb<\/b>, apostill\u00f3 entre risas.\u00a0<\/p>\n<p>A ra\u00edz de estas palabras, Mar\u00eda Pombo se dio por aludida y comparti\u00f3 en sus stories varias indirectas dirigidas a Escanes aprovechando el <a href=\"https:\/\/www.huffingtonpost.es\/sociedad\/la-junta-investiga-suicidiona-14nos-sevilla-detras-hay-caso-acoso-escolar.html\" rel=\"nofollow noopener\" target=\"_blank\">caso de bullying en un colegio de Sevilla que acab\u00f3 con el suicidio de una menor.\u00a0<\/a><\/p>\n<p>A vueltas con el bullying<\/p>\n<p>\u00abRecordatorio tambi\u00e9n v\u00e1lido para los adultos\u00bb, dice Pombo ante una imagen donde se insta a los ni\u00f1os a no re\u00edrse de los dem\u00e1s con frases como \u00abno se humilla a nadie para hacer re\u00edr a los dem\u00e1s\u00bb y \u00absi se burlan de un compa\u00f1ero no me r\u00edo\u00bb.\u00a0<\/p>\n<p>En otro storie, Pombo public\u00f3 otra foto donde se pod\u00eda leer \u00absi el chiste se r\u00ede de alguien, no es gracioso\u00bb. Evidentemente, Laura Escanes se ha sentido atacada por Pombo y se ha apresurado a responder en un v\u00eddeo.\u00a0<\/p>\n<p>Ah\u00ed, Escanes ha se\u00f1alado que ese clip sali\u00f3 hace tiempo y que nadie hab\u00eda comentado nada hasta que Pombo subi\u00f3 esas indirectas \u00abinsinuando que re\u00edrme era bullying\u00bb. Ha a\u00f1adido que a ra\u00edz de la pol\u00e9mica por la lectura a todas las influencers les van a preguntar si leen.\u00a0<\/p>\n<p>\u00abRe\u00edrme en una pregunta en un programa de humor es simplemente es ser consciente de que puede llegar a titulares pero mi respuesta no da ning\u00fan titular. No hablo de nadie. Te puede gustar mi reacci\u00f3n, pero para m\u00ed el humor siempre ha sido una herramienta\u00bb, ha se\u00f1alado.\u00a0<\/p>\n<p><b>\u00abInsinuar que lo que he hecho es bullying no me parece bonito<\/b>. Es querer buscar pol\u00e9mica y me molesta m\u00e1s porque la he defendido p\u00fablicamente hasta cuando no se me ha preguntado. No me puedo callar con estas insinuaciones cuando son muy graves y no se puede jugar a la ligera con este tema. Muy sorprendida\u00bb, ha zanjado.\u00a0<\/p>\n","protected":false},"excerpt":{"rendered":"L\u00edo en el mundo influencer entre dos de las m\u00e1s potentes de Espa\u00f1a. Por un lado est\u00e1 Mar\u00eda&hellip;\n","protected":false},"author":2,"featured_media":191715,"comment_status":"","ping_status":"","sticky":false,"template":"","format":"standard","meta":{"footnotes":""},"categories":[91],"tags":[146,147,25,24,2183,13495,9127,23],"class_list":{"0":"post-191714","1":"post","2":"type-post","3":"status-publish","4":"format-standard","5":"has-post-thumbnail","7":"category-entretenimiento","8":"tag-entertainment","9":"tag-entretenimiento","10":"tag-es","11":"tag-espana","12":"tag-influencers","13":"tag-laura-escanes","14":"tag-maria-pombo","15":"tag-spain"},"share_on_mastodon":{"url":"https:\/\/pubeurope.com\/@es\/115412632086286444","error":""},"_links":{"self":[{"href":"https:\/\/www.europesays.com\/es\/wp-json\/wp\/v2\/posts\/191714","targetHints":{"allow":["GET"]}}],"collection":[{"href":"https:\/\/www.europesays.com\/es\/wp-json\/wp\/v2\/posts"}],"about":[{"href":"https:\/\/www.europesays.com\/es\/wp-json\/wp\/v2\/types\/post"}],"author":[{"embeddable":true,"href":"https:\/\/www.europesays.com\/es\/wp-json\/wp\/v2\/users\/2"}],"replies":[{"embeddable":true,"href":"https:\/\/www.europesays.com\/es\/wp-json\/wp\/v2\/comments?post=191714"}],"version-history":[{"count":0,"href":"https:\/\/www.europesays.com\/es\/wp-json\/wp\/v2\/posts\/191714\/revisions"}],"wp:featuredmedia":[{"embeddable":true,"href":"https:\/\/www.europesays.com\/es\/wp-json\/wp\/v2\/media\/191715"}],"wp:attachment":[{"href":"https:\/\/www.europesays.com\/es\/wp-json\/wp\/v2\/media?parent=191714"}],"wp:term":[{"taxonomy":"category","embeddable":true,"href":"https:\/\/www.europesays.com\/es\/wp-json\/wp\/v2\/categories?post=191714"},{"taxonomy":"post_tag","embeddable":true,"href":"https:\/\/www.europesays.com\/es\/wp-json\/wp\/v2\/tags?post=191714"}],"curies":[{"name":"wp","href":"https:\/\/api.w.org\/{rel}","templated":true}]}}