{"id":191720,"date":"2025-10-21T14:31:10","date_gmt":"2025-10-21T14:31:10","guid":{"rendered":"https:\/\/www.europesays.com\/es\/191720\/"},"modified":"2025-10-21T14:31:10","modified_gmt":"2025-10-21T14:31:10","slug":"trump-demuele-parte-de-la-casa-blanca-para-construir-un-nuevo-salon-de-baile","status":"publish","type":"post","link":"https:\/\/www.europesays.com\/es\/191720\/","title":{"rendered":"Trump demuele parte de la Casa Blanca para construir un nuevo sal\u00f3n de baile"},"content":{"rendered":"<p>    <img src=\"https:\/\/www.europesays.com\/es\/wp-content\/uploads\/2025\/10\/2025-10-20T233A463A28Z-90198425.jpg\" width=\"1024\" height=\"682\" alt=\"\" loading=\"eager\" decoding=\"sync\" fetchpriority=\"high\"\/><\/p>\n<p>            afp_tickers        <\/p>\n<p>        Este contenido fue publicado en    <\/p>\n<p>        21 octubre 2025 &#8211; 16:16\n<\/p>\n<p>Al presidente Donald Trump se le ha calificado a menudo como una bola de demolici\u00f3n pol\u00edtica por su estilo poco ortodoxo. Ahora el mandatario estadounidense comenz\u00f3 literalmente obras de demolici\u00f3n en la Casa Blanca.<\/p>\n<p>Equipos de trabajo derribaron parte del ala este de la Casa Blanca, mientras Trump anunciaba el inicio de las obras de un nuevo y enorme sal\u00f3n de baile que costar\u00e1 250 millones de d\u00f3lares.<\/p>\n<p>Trump dijo que el nuevo sal\u00f3n de baile ser\u00e1 financiado con fondos de donantes privados.<\/p>\n<p>Una excavadora mec\u00e1nica arras\u00f3 la fachada del ala este y dej\u00f3 al descubierto un amasijo de mamposter\u00eda rota, escombros y cables de acero, constataron periodistas de la AFP presentes en el lugar.<\/p>\n<p>\u00abJusto en el otro lado hay una construcci\u00f3n que pueden o\u00edr ocasionalmente\u00bb, dijo el mandatario republicano, que recibi\u00f3 a un grupo de jugadores universitarios de b\u00e9isbol en la Casa Blanca este lunes.<\/p>\n<p>M\u00e1s adelante, anunci\u00f3 oficialmente el inicio de la construcci\u00f3n del nuevo sal\u00f3n de baile, la ampliaci\u00f3n m\u00e1s grande a la mansi\u00f3n presidencial de Estados Unidos en m\u00e1s de un siglo.\u00a0<\/p>\n<p>\u00abMe complace anunciar el inicio de la construcci\u00f3n en los terrenos de la Casa Blanca del nuevo, gran y hermoso sal\u00f3n de baile\u00bb, dijo Trump en su red social Truth Social.<\/p>\n<p>Agreg\u00f3 que el ala este estaba siendo \u00abtotalmente modernizada\u00bb y que ser\u00e1 \u00abm\u00e1s bonita que nunca cuando est\u00e9 completa\u00bb.\u00a0<\/p>\n<p>El ala este de la Casa Blanca es donde, tradicionalmente, las primeras damas de Estados Unidos tienen su oficina. El presidente trabaja en el ala oeste y la pareja presidencial vive en la mansi\u00f3n.\u00a0<\/p>\n<p>El \u00e1rea est\u00e1 unida f\u00edsicamente a la mansi\u00f3n principal por una columnata cubierta.\u00a0<\/p>\n<p>El nuevo sal\u00f3n de baile tendr\u00e1 8.300 metros cuadrados y capacidad para mil personas. Trump dice que se necesita para celebrar cenas de Estado mucho m\u00e1s grandes y otros eventos que actualmente se celebran bajo una carpa.<\/p>\n<p>La semana pasada Trump celebr\u00f3 una ostentosa cena en la Casa Blanca para donantes del nuevo sal\u00f3n.\u00a0<\/p>\n<p>Entre los invitados hab\u00eda representantes de gigantes tecnol\u00f3gicos como Amazon, Apple, Meta, Google, Microsoft y Palantir, entre otras, todas con grandes contratos o negocios con el gobierno. \u00a0<\/p>\n<p>Esta hace parte de una remodelaci\u00f3n mucho m\u00e1s amplia de la Casa Blanca desde que Trump regres\u00f3 al poder en enero, incluidas decoraciones con oro en la Oficina Oval y la pavimentaci\u00f3n del Jard\u00edn de las Rosas.<\/p>\n<p>Trump tambi\u00e9n revel\u00f3 planes para construir un arco del triunfo en Washington, que ha sido calificado como el \u00abArco de Trump\u00bb despu\u00e9s de que AFP revelara por primera vez la propuesta.\u00a0<\/p>\n<p>dk\/aha\/mvl\/atm<\/p>\n","protected":false},"excerpt":{"rendered":"afp_tickers Este contenido fue publicado en 21 octubre 2025 &#8211; 16:16 Al presidente Donald Trump se le ha&hellip;\n","protected":false},"author":2,"featured_media":191721,"comment_status":"","ping_status":"","sticky":false,"template":"","format":"standard","meta":{"footnotes":""},"categories":[42],"tags":[23692,17,18,5797,13,14,11,61,62,63,64,19,20,9,10,15,16,88,90,12,21,22,65,66,67],"class_list":{"0":"post-191720","1":"post","2":"type-post","3":"status-publish","4":"format-standard","5":"has-post-thumbnail","7":"category-internacional","8":"tag-architecture","9":"tag-breaking-news","10":"tag-breakingnews","11":"tag-culture","12":"tag-featured-news","13":"tag-featurednews","14":"tag-headlines","15":"tag-internacional","16":"tag-international","17":"tag-international-news","18":"tag-internationalnews","19":"tag-latest-news","20":"tag-latestnews","21":"tag-news","22":"tag-noticias","23":"tag-noticias-destacadas","24":"tag-noticiasdestacadas","25":"tag-politics","26":"tag-ticker","27":"tag-titulares","28":"tag-ultimas-noticias","29":"tag-ultimasnoticias","30":"tag-world","31":"tag-world-news","32":"tag-worldnews"},"share_on_mastodon":{"url":"https:\/\/pubeurope.com\/@es\/115412643789896433","error":""},"_links":{"self":[{"href":"https:\/\/www.europesays.com\/es\/wp-json\/wp\/v2\/posts\/191720","targetHints":{"allow":["GET"]}}],"collection":[{"href":"https:\/\/www.europesays.com\/es\/wp-json\/wp\/v2\/posts"}],"about":[{"href":"https:\/\/www.europesays.com\/es\/wp-json\/wp\/v2\/types\/post"}],"author":[{"embeddable":true,"href":"https:\/\/www.europesays.com\/es\/wp-json\/wp\/v2\/users\/2"}],"replies":[{"embeddable":true,"href":"https:\/\/www.europesays.com\/es\/wp-json\/wp\/v2\/comments?post=191720"}],"version-history":[{"count":0,"href":"https:\/\/www.europesays.com\/es\/wp-json\/wp\/v2\/posts\/191720\/revisions"}],"wp:featuredmedia":[{"embeddable":true,"href":"https:\/\/www.europesays.com\/es\/wp-json\/wp\/v2\/media\/191721"}],"wp:attachment":[{"href":"https:\/\/www.europesays.com\/es\/wp-json\/wp\/v2\/media?parent=191720"}],"wp:term":[{"taxonomy":"category","embeddable":true,"href":"https:\/\/www.europesays.com\/es\/wp-json\/wp\/v2\/categories?post=191720"},{"taxonomy":"post_tag","embeddable":true,"href":"https:\/\/www.europesays.com\/es\/wp-json\/wp\/v2\/tags?post=191720"}],"curies":[{"name":"wp","href":"https:\/\/api.w.org\/{rel}","templated":true}]}}