{"id":191722,"date":"2025-10-21T14:32:17","date_gmt":"2025-10-21T14:32:17","guid":{"rendered":"https:\/\/www.europesays.com\/es\/191722\/"},"modified":"2025-10-21T14:32:17","modified_gmt":"2025-10-21T14:32:17","slug":"la-fiscalia-abre-otra-investigacion-por-la-difusion-en-redes-de-imagenes-de-las-presuntas-acosadoras-de-sandra","status":"publish","type":"post","link":"https:\/\/www.europesays.com\/es\/191722\/","title":{"rendered":"La Fiscal\u00eda abre otra investigaci\u00f3n por la difusi\u00f3n en redes de im\u00e1genes de las presuntas acosadoras de Sandra"},"content":{"rendered":"<p style=\"\">La<strong> Fiscal\u00eda de Sevilla<\/strong> ha anunciado este martes que ha pedido, a trav\u00e9s de la especialidad de <strong>Criminalidad Inform\u00e1tica<\/strong>, a una <strong>red social la retirada de las im\u00e1genes de tres menores<\/strong> que las identifica como supuestas acosadoras del centro escolar Irlandesas  &#8230; Loreto, en el marco del presunto suicidio de <strong>Sandra<\/strong>, que el pasado martes se precipit\u00f3 tras haber sufrido acoso escolar en el mencionado colegio.<\/p>\n<p class=\"voc-p\" style=\"\">Asimismo, el Ministerio P\u00fablico ha expresado en una nota que tambi\u00e9n ha <strong>abierto diligencias de investigaci\u00f3n penal por la difusi\u00f3n en redes sociales de las fotograf\u00edas<\/strong> con su identidad y con mensajes de amenazas. En dicho escrito, adem\u00e1s, revela que en su funci\u00f3n de protecci\u00f3n de la imagen de los menores <strong>\u00abel acoso no se puede combatir con el acoso y amenazas\u00bb<\/strong>.<\/p>\n<p class=\"voc-p\" style=\"\">Cabe recordar que este lunes la Fiscal\u00eda, tras estudiar todo el material entregado por la Junta de Andaluc\u00eda, acord\u00f3 la apertura de dos expedientes de investigaci\u00f3n. De un lado, se abrir\u00e1 un<strong> expediente de reforma juvenil<\/strong> en el que ser\u00e1 relevante el atestado que est\u00e1 elaborando la Polic\u00eda Nacional sobre los hechos. Se espera que en dicho informe <strong>se identifique las presuntas acciones de acoso sobre Sandra<\/strong>, as\u00ed como las personas protagonistas de las mismas. Tambi\u00e9n determinar\u00e1 la edad de \u00e9stas, lo que es clave en este asunto, pues de tratarse de estudiantes de <strong>menos de 14 a\u00f1os son inimputables<\/strong>. En base a este informe, la Fiscal\u00eda abrir\u00e1 dicho expediente e iniciar\u00e1 una investigaci\u00f3n penal de todos los hechos y de sus implicados.<\/p>\n<p class=\"voc-p\" style=\"\">De otro lado, ya se ha abierto un expediente de protecci\u00f3n, en el que el representante del Ministerio P\u00fablico encargado del caso <strong>supervisar\u00e1 la actuaci\u00f3n de todas las entidades y administraciones en este asunto<\/strong>. Es decir, se evaluar\u00e1 la actuaci\u00f3n de los responsables del colegio concertado de las Irlandesas de Loreto.<\/p>\n<p>\n\u00abCustodia y vigilancia\u00bb en el entorno del centro\n<\/p>\n<p class=\"voc-p\" style=\"\">El delegado del Gobierno en Andaluc\u00eda,<strong> Pedro Fern\u00e1ndez<\/strong>, ha asegurado este martes que la Polic\u00eda Nacional est\u00e1 realizando un trabajo de <strong>\u00abcustodia y vigilancia\u00bb para evitar \u00absituaciones no deseables\u00bb<\/strong> en el entorno del centro educativo en el que estudiaba Sandra Pe\u00f1a. En declaraciones a los medios, Fern\u00e1ndez ha confirmado que la investigaci\u00f3n contin\u00faa abierta y ha pedido el<strong> \u00abm\u00e1ximo respeto\u00bb al trabajo de la Polic\u00eda<\/strong> y la Fiscal\u00eda de Menores en la investigaci\u00f3n del caso. Asimismo, ha destacado que el papel del tel\u00e9fono m\u00f3vil en el proceso es \u00abimportante\u00bb.<\/p>\n","protected":false},"excerpt":{"rendered":"La Fiscal\u00eda de Sevilla ha anunciado este martes que ha pedido, a trav\u00e9s de la especialidad de Criminalidad&hellip;\n","protected":false},"author":2,"featured_media":191723,"comment_status":"","ping_status":"","sticky":false,"template":"","format":"standard","meta":{"footnotes":""},"categories":[8],"tags":[490,53545,17,18,30163,25,24,13,14,4767,11,1641,1294,19,20,9,10,15,16,1379,2311,7279,23,12,21,22],"class_list":{"0":"post-191722","1":"post","2":"type-post","3":"status-publish","4":"format-standard","5":"has-post-thumbnail","7":"category-espana","8":"tag-abre","9":"tag-acosadoras","10":"tag-breaking-news","11":"tag-breakingnews","12":"tag-difusion","13":"tag-es","14":"tag-espana","15":"tag-featured-news","16":"tag-featurednews","17":"tag-fiscalia","18":"tag-headlines","19":"tag-imagenes","20":"tag-investigacion","21":"tag-latest-news","22":"tag-latestnews","23":"tag-news","24":"tag-noticias","25":"tag-noticias-destacadas","26":"tag-noticiasdestacadas","27":"tag-presuntas","28":"tag-redes","29":"tag-sandra","30":"tag-spain","31":"tag-titulares","32":"tag-ultimas-noticias","33":"tag-ultimasnoticias"},"share_on_mastodon":{"url":"https:\/\/pubeurope.com\/@es\/115412647572048318","error":""},"_links":{"self":[{"href":"https:\/\/www.europesays.com\/es\/wp-json\/wp\/v2\/posts\/191722","targetHints":{"allow":["GET"]}}],"collection":[{"href":"https:\/\/www.europesays.com\/es\/wp-json\/wp\/v2\/posts"}],"about":[{"href":"https:\/\/www.europesays.com\/es\/wp-json\/wp\/v2\/types\/post"}],"author":[{"embeddable":true,"href":"https:\/\/www.europesays.com\/es\/wp-json\/wp\/v2\/users\/2"}],"replies":[{"embeddable":true,"href":"https:\/\/www.europesays.com\/es\/wp-json\/wp\/v2\/comments?post=191722"}],"version-history":[{"count":0,"href":"https:\/\/www.europesays.com\/es\/wp-json\/wp\/v2\/posts\/191722\/revisions"}],"wp:featuredmedia":[{"embeddable":true,"href":"https:\/\/www.europesays.com\/es\/wp-json\/wp\/v2\/media\/191723"}],"wp:attachment":[{"href":"https:\/\/www.europesays.com\/es\/wp-json\/wp\/v2\/media?parent=191722"}],"wp:term":[{"taxonomy":"category","embeddable":true,"href":"https:\/\/www.europesays.com\/es\/wp-json\/wp\/v2\/categories?post=191722"},{"taxonomy":"post_tag","embeddable":true,"href":"https:\/\/www.europesays.com\/es\/wp-json\/wp\/v2\/tags?post=191722"}],"curies":[{"name":"wp","href":"https:\/\/api.w.org\/{rel}","templated":true}]}}