{"id":191724,"date":"2025-10-21T14:33:21","date_gmt":"2025-10-21T14:33:21","guid":{"rendered":"https:\/\/www.europesays.com\/es\/191724\/"},"modified":"2025-10-21T14:33:21","modified_gmt":"2025-10-21T14:33:21","slug":"esther-monterrubio-la-fp-es-la-via-mas-rapida-exigente-y-justa-para-acceder-a-buenos-empleos","status":"publish","type":"post","link":"https:\/\/www.europesays.com\/es\/191724\/","title":{"rendered":"Esther Monterrubio: \u201cLa FP es la v\u00eda m\u00e1s r\u00e1pida, exigente y justa para acceder a buenos empleos\u201d"},"content":{"rendered":"<ul>\n<li><strong>La secretaria general de Formaci\u00f3n Profesional ha intervenido en la IV Feria de Empleo de Getafe.  <\/strong><\/li>\n<\/ul>\n<p>La secretaria general de Formaci\u00f3n Profesional, Esther Monterrubio, ha intervenido este martes en la cuarta edici\u00f3n de la Feria-Congreso del Empleo y del Emprendimiento GETAFEMPLEA 2025, que se celebra los d\u00edas 21 y 22 de octubre en la localidad madrile\u00f1a de Getafe. Un evento que cuenta con una gran zona expositora donde empresas, entidades y organizaciones presentan sus vacantes de empleo, previsiones de contrataci\u00f3n, y programas de formaci\u00f3n y orientaci\u00f3n profesional. Un espacio que ha podido visitar acompa\u00f1ada por la alcaldesa de la ciudad, Sara Hern\u00e1ndez. <\/p>\n<p>En su discurso, Monterrubio ha destacado que esta feria es un lugar \u201cdonde las oportunidades se encuentran con las personas y donde la pol\u00edtica p\u00fablica demuestra, con hechos, que puede cambiar la vida de la gente\u201d. Adem\u00e1s, ha puesto en valor que, en la ciudad de Getafe, \u201cla FP no es una v\u00eda alternativa\u201d sino \u201cla columna vertebral de un proyecto de ciudad que apuesta por talento, innovaci\u00f3n y oportunidades\u201d.<\/p>\n<p>Porque, ha a\u00f1adido, \u201cla Formaci\u00f3n Profesional es, a d\u00eda de hoy, la v\u00eda m\u00e1s r\u00e1pida, exigente y justa para acceder a buenos empleos\u201d. Por eso ha aplaudido el tejido industrial y tecnol\u00f3gico de la localidad, \u201cun activo extraordinario para el empleo de calidad\u201d en el que \u201cla Formaci\u00f3n Profesional es la palanca que lo convierte en oportunidades concretas para la gente\u201d.<\/p>\n<p>Monterrubio ha aplaudido la apuesta de Getafe \u201cpor una FP de proximidad\u201d. \u201cOrientaci\u00f3n, formaci\u00f3n, pr\u00e1cticas y empleo en un mismo itinerario\u201d, ha explicado, poniendo en valor que la Agencia Local de Empleo y Formaci\u00f3n, organizadora del acto, \u201cact\u00faa como ventanilla \u00fanica que escucha a las personas, entiende a las empresas y acelera los emparejamientos con contratos y aprendizajes en el puesto\u201d.<\/p>\n<p>La secretaria general de Formaci\u00f3n Profesional ha destacado las acciones desplegadas por el Ministerio de Educaci\u00f3n, FP y Deportes en materia de formaci\u00f3n, con un nuevo sistema integrado, con itinerarios flexibles y FP Dual; con el impulso de la acreditaci\u00f3n de competencias y una gran inversi\u00f3n en digitalizaci\u00f3n; con alianzas con empresas y pymes; y con una apuesta clara por la orientaci\u00f3n y el empleo de calidad.<\/p>\n<p>Monterrubio ha destacado que \u201cGetafe ha entendido que la FP no compite con la universidad ni con otros itinerarios, sino que todo lo contrario: se complementan\u201d. \u201cEsa cultura de cooperaci\u00f3n es la que nos permite afrontar las transiciones demogr\u00e1ficas, ecol\u00f3gica y digital sin miedo: con talento, tecnolog\u00eda y valores\u201d, ha agregado.<\/p>\n","protected":false},"excerpt":{"rendered":"La secretaria general de Formaci\u00f3n Profesional ha intervenido en la IV Feria de Empleo de Getafe. La secretaria&hellip;\n","protected":false},"author":2,"featured_media":191725,"comment_status":"","ping_status":"","sticky":false,"template":"","format":"standard","meta":{"footnotes":""},"categories":[5],"tags":[17,18,2026,5509,25,24,53546,13,14,7214,23367,13723,11,19,20,205,8709,9,10,15,16,23,12,21,22],"class_list":{"0":"post-191724","1":"post","2":"type-post","3":"status-publish","4":"format-standard","5":"has-post-thumbnail","7":"category-titulares","8":"tag-breaking-news","9":"tag-breakingnews","10":"tag-educacion","11":"tag-empleo","12":"tag-es","13":"tag-espana","14":"tag-esther-monterrubio","15":"tag-featured-news","16":"tag-featurednews","17":"tag-formacion","18":"tag-formacion-profesional","19":"tag-getafe","20":"tag-headlines","21":"tag-latest-news","22":"tag-latestnews","23":"tag-madrid","24":"tag-ministerio-de-educacion","25":"tag-news","26":"tag-noticias","27":"tag-noticias-destacadas","28":"tag-noticiasdestacadas","29":"tag-spain","30":"tag-titulares","31":"tag-ultimas-noticias","32":"tag-ultimasnoticias"},"share_on_mastodon":{"url":"https:\/\/pubeurope.com\/@es\/115412651464214809","error":""},"_links":{"self":[{"href":"https:\/\/www.europesays.com\/es\/wp-json\/wp\/v2\/posts\/191724","targetHints":{"allow":["GET"]}}],"collection":[{"href":"https:\/\/www.europesays.com\/es\/wp-json\/wp\/v2\/posts"}],"about":[{"href":"https:\/\/www.europesays.com\/es\/wp-json\/wp\/v2\/types\/post"}],"author":[{"embeddable":true,"href":"https:\/\/www.europesays.com\/es\/wp-json\/wp\/v2\/users\/2"}],"replies":[{"embeddable":true,"href":"https:\/\/www.europesays.com\/es\/wp-json\/wp\/v2\/comments?post=191724"}],"version-history":[{"count":0,"href":"https:\/\/www.europesays.com\/es\/wp-json\/wp\/v2\/posts\/191724\/revisions"}],"wp:featuredmedia":[{"embeddable":true,"href":"https:\/\/www.europesays.com\/es\/wp-json\/wp\/v2\/media\/191725"}],"wp:attachment":[{"href":"https:\/\/www.europesays.com\/es\/wp-json\/wp\/v2\/media?parent=191724"}],"wp:term":[{"taxonomy":"category","embeddable":true,"href":"https:\/\/www.europesays.com\/es\/wp-json\/wp\/v2\/categories?post=191724"},{"taxonomy":"post_tag","embeddable":true,"href":"https:\/\/www.europesays.com\/es\/wp-json\/wp\/v2\/tags?post=191724"}],"curies":[{"name":"wp","href":"https:\/\/api.w.org\/{rel}","templated":true}]}}