{"id":191728,"date":"2025-10-21T14:35:09","date_gmt":"2025-10-21T14:35:09","guid":{"rendered":"https:\/\/www.europesays.com\/es\/191728\/"},"modified":"2025-10-21T14:35:09","modified_gmt":"2025-10-21T14:35:09","slug":"lima-se-viste-de-gala-y-acho-abre-sus-puertas","status":"publish","type":"post","link":"https:\/\/www.europesays.com\/es\/191728\/","title":{"rendered":"Lima se viste de Gala y Acho abre sus puertas"},"content":{"rendered":"<p><strong>Por Jose Carlos Tolentino<\/strong><\/p>\n<p><img loading=\"lazy\" decoding=\"async\" width=\"1024\" height=\"752\" alt=\"\" class=\"lazyload\" src=\"https:\/\/www.europesays.com\/es\/wp-content\/uploads\/2025\/10\/1001013353-1024x752.jpg\"\/><\/p>\n<p>Empez\u00f3 octubre en lima y con ella su Feria del Se\u00f1or de Los Milagros en la Plaza de Acho, la m\u00e1s antigua de Am\u00e9rica y segunda m\u00e1s antigua del mundo.<\/p>\n<p>La 1era Corrida de Abono cit\u00f3 al barrio bajopontino a los diestros Morenito de Aranda (Espa\u00f1a),Alfonso de Lima (Per\u00fa) y Jes\u00fas Enrique Colombo (Venezuela).<br \/>Toros bien presentados de las ganader\u00edas lime\u00f1as San Pedro y Salamanca.<\/p>\n<p>Morenito de Aranda. Azul Pavo y Oro; bueno en capote y muleta en ambos toros, Confirma Alternativa con \u201cRufian\u201d toro de la ganader\u00eda San Pedro de Mala, dibujando con la muleta lienzos muy artistas sobre la arena con sublime toreo de sal\u00f3n en redondos llenos de temple, pureza y verdad; pero un desastroso estoque a la hora en la suerte suprema le niega los trofeos. En su segundo toro \u201cCocinero\u201d de la ganader\u00eda Salamanca toro corto en la lidia que desarmo varias veces al torero pero que el distro supo sobreponer con clase, nuevamente los pinchazos niegan cualquier posibilidad de orejas.<br \/>Aplausos en su primer toro y Silencio en su segundo.<\/p>\n<p><img loading=\"lazy\" decoding=\"async\" width=\"1024\" height=\"682\" alt=\"\" class=\"lazyload\" src=\"https:\/\/www.europesays.com\/es\/wp-content\/uploads\/2025\/10\/1001013356-1024x682.jpg\"\/><\/p>\n<p>Alfonso Simpson. Verde Esperanza y Oro, hermoso traje de luces con detalles florales muy peruanos en su bordado. En su primer astado \u201cConsentido\u201d de la ganader\u00eda Salamanca, toro complicado para el diestro nacional que no iba acorde a la lidia del artista, estuvo bueno en la brega pero en muleta la faena se vino de m\u00e1s a menos, pincho en el primero. En su segundo toro tambi\u00e9n de Salamanca la suerte no fue diferente a la primera pese a los buenos muletazos templados, el diestro decidi\u00f3 abreviar su lidia, pinchando nuevamente. Dejando cierta nostalgia en el publico lime\u00f1o, porque es un torero formado enteramente en el Per\u00fa.<br \/>Silencio en su primer toro y Silencio en su segundo.<\/p>\n<p>Jes\u00fas Enrique Colombo. Tabaco y Oro. Lo m\u00e1s rescatable del diestro venezolano, un artista en banderillas, lidio ambos toros de la ganader\u00eda San Pedro, estuvo bueno en la brega de ambos pero en muleta abus\u00f3 de los mantazos, aun asi, conect\u00f3 con el p\u00fablico tremendista peruano, mat\u00f3 bien a sus dos toros. A su segundo toro y \u00faltimo de la tarde lo llevo a los medios para estoquearlo.<br \/>Oreja con petici\u00f3n de segunda en su primer toro y Oreja con fuerte petici\u00f3n de segunda en su segundo. Con ello abri\u00f3 la puerta grande de Acho. <\/p>\n<p><img loading=\"lazy\" decoding=\"async\" width=\"1024\" height=\"683\" alt=\"\" class=\"lazyload\" src=\"https:\/\/www.europesays.com\/es\/wp-content\/uploads\/2025\/10\/1001013355-1024x683.jpg\"\/><\/p>\n<p>Incidencias:<br \/>Jes\u00fas Enrique Colombo lleg\u00f3 tarde al compromiso por lo que la corrida se retras\u00f3 unos minutos.<br \/>Destac\u00f3 el joven banderillero nacional Aldahir L\u00f3pez \u201cEl Rufo\u201d desmont\u00e1ndose para ser ovacionado por el p\u00fablico peruano.<\/p>\n<p>Acho 2025 <\/p>\n","protected":false},"excerpt":{"rendered":"Por Jose Carlos Tolentino Empez\u00f3 octubre en lima y con ella su Feria del Se\u00f1or de Los Milagros&hellip;\n","protected":false},"author":2,"featured_media":191729,"comment_status":"","ping_status":"","sticky":false,"template":"","format":"standard","meta":{"footnotes":""},"categories":[277],"tags":[373,168,25,24,23,167,374],"class_list":{"0":"post-191728","1":"post","2":"type-post","3":"status-publish","4":"format-standard","5":"has-post-thumbnail","7":"category-toreo","8":"tag-bullfighting","9":"tag-deportes","10":"tag-es","11":"tag-espana","12":"tag-spain","13":"tag-sports","14":"tag-toreo"},"share_on_mastodon":{"url":"https:\/\/pubeurope.com\/@es\/115412659542400285","error":""},"_links":{"self":[{"href":"https:\/\/www.europesays.com\/es\/wp-json\/wp\/v2\/posts\/191728","targetHints":{"allow":["GET"]}}],"collection":[{"href":"https:\/\/www.europesays.com\/es\/wp-json\/wp\/v2\/posts"}],"about":[{"href":"https:\/\/www.europesays.com\/es\/wp-json\/wp\/v2\/types\/post"}],"author":[{"embeddable":true,"href":"https:\/\/www.europesays.com\/es\/wp-json\/wp\/v2\/users\/2"}],"replies":[{"embeddable":true,"href":"https:\/\/www.europesays.com\/es\/wp-json\/wp\/v2\/comments?post=191728"}],"version-history":[{"count":0,"href":"https:\/\/www.europesays.com\/es\/wp-json\/wp\/v2\/posts\/191728\/revisions"}],"wp:featuredmedia":[{"embeddable":true,"href":"https:\/\/www.europesays.com\/es\/wp-json\/wp\/v2\/media\/191729"}],"wp:attachment":[{"href":"https:\/\/www.europesays.com\/es\/wp-json\/wp\/v2\/media?parent=191728"}],"wp:term":[{"taxonomy":"category","embeddable":true,"href":"https:\/\/www.europesays.com\/es\/wp-json\/wp\/v2\/categories?post=191728"},{"taxonomy":"post_tag","embeddable":true,"href":"https:\/\/www.europesays.com\/es\/wp-json\/wp\/v2\/tags?post=191728"}],"curies":[{"name":"wp","href":"https:\/\/api.w.org\/{rel}","templated":true}]}}