{"id":191742,"date":"2025-10-21T14:44:23","date_gmt":"2025-10-21T14:44:23","guid":{"rendered":"https:\/\/www.europesays.com\/es\/191742\/"},"modified":"2025-10-21T14:44:23","modified_gmt":"2025-10-21T14:44:23","slug":"el-extrano-caso-del-picasso-desaparecido-a-20-kilometros-de-granada-cultura","status":"publish","type":"post","link":"https:\/\/www.europesays.com\/es\/191742\/","title":{"rendered":"El extra\u00f1o caso del \u2018picasso\u2019 desaparecido a 20 kil\u00f3metros de Granada | Cultura"},"content":{"rendered":"<p><img fetchpriority=\"high\" decoding=\"auto\" class=\"_re  a_m-v\" height=\"533\"  width=\"414\"  src=\"https:\/\/www.europesays.com\/es\/wp-content\/uploads\/2025\/10\/LLDHUG7I55EAHIPIOIP7XGX7NA.jpg\" loading=\"eager\"\/>&#8216;Naturaleza muerta con guitarra&#8217;, 1919, de Pablo Picasso.<\/p>\n<p class=\"\">Naturaleza muerta con guitarra, 1919, gouache y mina de plomo sobre papel, 12,7 x 9,8 cm. Colecci\u00f3n particular. Ubicaci\u00f3n: desconocida desde el viernes 3 de octubre. Esos son los datos actualizados de una obra de <a href=\"https:\/\/elpais.com\/noticias\/pablo-picasso\/\" target=\"_blank\" rel=\"noreferrer nofollow noopener\" title=\"https:\/\/elpais.com\/noticias\/pablo-picasso\/\">Pablo Picasso<\/a> que, presuntamente, sali\u00f3 de Madrid el jueves 2 de octubre en un viaje cargado de inc\u00f3gnitas y que jam\u00e1s alcanz\u00f3 su destino, Granada. La obra, del tama\u00f1o de media cuartilla, sali\u00f3 aparentemente de la sede de la empresa que lo transportaba desde Pinto (Madrid) junto a otras 56 piezas. Todas llegaron y est\u00e1n ahora expuestas en la muestra Bodeg\u00f3n. La eternidad de lo inerte, en el <a href=\"https:\/\/www.cajagranadafundacion.es\/centros\/centro-cultural-cajagranada\/\" target=\"_blank\" rel=\"noreferrer nofollow noopener\" title=\"https:\/\/www.cajagranadafundacion.es\/centros\/centro-cultural-cajagranada\/\">Centro Cultural CajaGranada<\/a>. El rastro de la pieza picassiana parece haberse evaporado en un viaje de lo m\u00e1s peculiar.<\/p>\n<p>M\u00e1s informaci\u00f3n<\/p>\n<p class=\"\">La investigaci\u00f3n de esta desaparici\u00f3n la ha llevado durante los primeros d\u00edas la Polic\u00eda Nacional desde Madrid. Ahora se encarga el grupo de robos de Granada, lo que parece trasladar el lugar del extrav\u00edo a la provincia. El periplo del cuadro, no obstante, tiene su origen en casa de un coleccionista privado propietario de la obra del que no ha trascendido el nombre. <a href=\"https:\/\/ledorfineart.com\/the-miniature-picasso-collector%e2%80%99s-corner\/\" rel=\"nofollow noopener\" target=\"_blank\">Naturaleza muerta con guitarra<\/a>, una pieza menor del artista, se vendi\u00f3 hace unos a\u00f1os, <a href=\"https:\/\/ledorfineart.com\/the-miniature-picasso-collector%e2%80%99s-corner\/\" target=\"_blank\" rel=\"noreferrer nofollow noopener\" title=\"https:\/\/ledorfineart.com\/the-miniature-picasso-collector%e2%80%99s-corner\/\">seg\u00fan Ledor Fine Art<\/a>, especializada en venta de obras de Picasso, por 60.000 euros, o 90.000 d\u00f3lares. No obstante, fuentes de la Fundaci\u00f3n CajaGranada explican que su valor de tasaci\u00f3n para el seguro ha sido de 600.000 euros. Una vez retirada la obra de la casa de su propietario, la empresa de mudanza lo traslad\u00f3 a su sede donde estuvo hasta que el resto de obras que conforman la exposici\u00f3n estuvieron listas: 58, de las que 57 provienen de pr\u00e9stamos y que deb\u00edan llegar todas juntas a Granada ese primer viernes de octubre. <\/p>\n<p class=\"\">La planificaci\u00f3n del viaje es lo que ha extra\u00f1ado a unos y otros una vez conocida la noticia de la desaparici\u00f3n, adelantada por el diario Ideal. La ruta Madrid-Granada supone en coche alrededor de cuatro horas, algo m\u00e1s en veh\u00edculos de transporte, pero nada que, bien organizado, requiera trasnoche en ruta. Este traslado, sin embargo, tuvo parada nocturna, a 27 kil\u00f3metros de su destino. Seg\u00fan la polic\u00eda, el veh\u00edculo que transportaba las obras se detuvo a hacer noche aquel jueves en Deifontes (Granada). All\u00ed, las dos personas a bordo, aparentemente y con poca fortuna, se turnaron para vigilar lo transportado. Este diario ha intentado, sin \u00e9xito, contactar con la empresa de log\u00edstica responsable del traslado.<\/p>\n<p class=\"\">Estando ya a 25 minutos de Granada, no les hizo falta madrugar mucho a los dos conductores para estar en la puerta del centro cultural a las 10 de la ma\u00f1ana. Seg\u00fan la versi\u00f3n de la Fundaci\u00f3n CajaGranada, que ha denunciado ante la polic\u00eda los hechos, el responsable de exposiciones recibi\u00f3 a los empleados de la empresa de transportes a la llegada. \u201cEn un solo movimiento y de forma continuada todas las obras se fueron trasladando desde el furg\u00f3n al montacargas, y a la planta de la exposici\u00f3n\u201d. La entrega se hizo en zona videovigilada. Al finalizar el traslado, ya con todas las piezas en sala, el responsable de exposiciones se dio cuenta de que no ven\u00edan especialmente bien ordenadas y referenciadas. Hasta el punto de que, explica, por \u201cno estar todos los embalajes debidamente numerados, no fue posible hacer un chequeo exhaustivo sin desembalar\u201d. Comprobaron lo que pudieron y firmaron la entrega sin poder contrastar realmente si el listado de paquetes coincid\u00eda con el contenido esperado. Hora y media despu\u00e9s, los transportistas se despidieron. <\/p>\n<p class=\"\">Las obras pasaron el fin de semana embaladas y videovigiladas. El lunes a primera hora se inici\u00f3 el desembalaje por personal de la fundaci\u00f3n y ah\u00ed fue cuando, con las piezas distribuidas por la sala, la comisaria de la muestra y el responsable de exposiciones detectaron la falta de una obra. Han pasado 10 d\u00edas y la pintura sigue desaparecida. La polic\u00eda, que explica que est\u00e1 centrada en saber en qu\u00e9 momento desapareci\u00f3 la pieza, ha confirmado que por ahora no hay ning\u00fan detenido.<\/p>\n","protected":false},"excerpt":{"rendered":"&#8216;Naturaleza muerta con guitarra&#8217;, 1919, de Pablo Picasso. Naturaleza muerta con guitarra, 1919, gouache y mina de plomo&hellip;\n","protected":false},"author":2,"featured_media":191743,"comment_status":"","ping_status":"","sticky":false,"template":"","format":"standard","meta":{"footnotes":""},"categories":[173],"tags":[259,229,233,231,230,209,232,234,146,147,25,24,241,494,3873,504,503,586,23],"class_list":{"0":"post-191742","1":"post","2":"type-post","3":"status-publish","4":"format-standard","5":"has-post-thumbnail","7":"category-arte-y-diseno","8":"tag-andalucia","9":"tag-arte","10":"tag-arte-y-diseno","11":"tag-arts","12":"tag-arts-and-design","13":"tag-cultura","14":"tag-design","15":"tag-diseno","16":"tag-entertainment","17":"tag-entretenimiento","18":"tag-es","19":"tag-espana","20":"tag-exposiciones","21":"tag-granada","22":"tag-museos","23":"tag-pablo-picasso","24":"tag-pintura","25":"tag-policia","26":"tag-spain"},"share_on_mastodon":{"url":"https:\/\/pubeurope.com\/@es\/115412695083208206","error":""},"_links":{"self":[{"href":"https:\/\/www.europesays.com\/es\/wp-json\/wp\/v2\/posts\/191742","targetHints":{"allow":["GET"]}}],"collection":[{"href":"https:\/\/www.europesays.com\/es\/wp-json\/wp\/v2\/posts"}],"about":[{"href":"https:\/\/www.europesays.com\/es\/wp-json\/wp\/v2\/types\/post"}],"author":[{"embeddable":true,"href":"https:\/\/www.europesays.com\/es\/wp-json\/wp\/v2\/users\/2"}],"replies":[{"embeddable":true,"href":"https:\/\/www.europesays.com\/es\/wp-json\/wp\/v2\/comments?post=191742"}],"version-history":[{"count":0,"href":"https:\/\/www.europesays.com\/es\/wp-json\/wp\/v2\/posts\/191742\/revisions"}],"wp:featuredmedia":[{"embeddable":true,"href":"https:\/\/www.europesays.com\/es\/wp-json\/wp\/v2\/media\/191743"}],"wp:attachment":[{"href":"https:\/\/www.europesays.com\/es\/wp-json\/wp\/v2\/media?parent=191742"}],"wp:term":[{"taxonomy":"category","embeddable":true,"href":"https:\/\/www.europesays.com\/es\/wp-json\/wp\/v2\/categories?post=191742"},{"taxonomy":"post_tag","embeddable":true,"href":"https:\/\/www.europesays.com\/es\/wp-json\/wp\/v2\/tags?post=191742"}],"curies":[{"name":"wp","href":"https:\/\/api.w.org\/{rel}","templated":true}]}}