{"id":191748,"date":"2025-10-21T14:47:09","date_gmt":"2025-10-21T14:47:09","guid":{"rendered":"https:\/\/www.europesays.com\/es\/191748\/"},"modified":"2025-10-21T14:47:09","modified_gmt":"2025-10-21T14:47:09","slug":"andy-recibe-un-premio-a-su-trayectoria-antes-de-comenzar-su-carrera-en-solitario","status":"publish","type":"post","link":"https:\/\/www.europesays.com\/es\/191748\/","title":{"rendered":"Andy recibe un premio a su trayectoria antes de comenzar su carrera en solitario"},"content":{"rendered":"<p style=\"\">Se acab\u00f3 <strong>Andy y Lucas<\/strong>. Se sab\u00eda que tras la gira el <a href=\"https:\/\/www.abc.es\/gente\/andy-rompe-silencio-sobre-presunta-agresion-lucas-20251019143134-nt.html\" target=\"_self\" data-voc-vtm-id=\"in-text-traffic\" title=\"famoso d\u00fao\" data-mrf-link=\"www.abc.es\" rel=\"nofollow noopener\">famoso d\u00fao<\/a> se despedir\u00eda de los escenarios, pero pocos esperaban que esto significara que el siguiente paso ser\u00eda que uno de ellos lanzara su carrera en solitario. Ha sido Andy, que  &#8230; ya ha anunciado su primer single, <strong>&#8216;Marioneta&#8217;<\/strong>, que presentar\u00e1 en directo al tiempo que recibir\u00e1 un premio a su trayectoria. Lo har\u00e1 el pr\u00f3ximo 10 de noviembre en el Teatro Infanta Isabel de Madrid con motivo de los Premios Latino, una cita muy especial para \u00e9l porque cerrar\u00e1 una etapa como grupo para empezar una nueva. <\/p>\n<p class=\"voc-p\" style=\"\">As\u00ed lo han anunciado desde la organizaci\u00f3n, que acaba de comunicar que Andy recibir\u00e1 el premio a la trayectoria como \u00abuna de las voces m\u00e1s ic\u00f3nicas\u00bb. Sin duda una decisi\u00f3n que marca un antes y un despu\u00e9s, puesto que Lucas se quejaba durante su gira de despedida de que nunca hab\u00edan recibido ni un premio en su carrera, y que ni siquiera les hab\u00edan invitado a los Grammy Latinos. Eso s\u00ed, ya el pasado a\u00f1o hab\u00edan sido nominados como d\u00fao a este mismo certamen. \u00abHoy <strong>rendimos homenaje<\/strong> a una de las voces m\u00e1s queridas y reconocibles del pop en espa\u00f1ol. Andy\u00bb, aseguran en sus redes sociales desde los Premios Latino, que organiza la Academia Hispanoamericana de la M\u00fasica.<\/p>\n<p class=\"voc-p\" style=\"\">En la publicaci\u00f3n destacan su pasi\u00f3n por la m\u00fasica que le hace volver a intentar triunfar con un proyecto diferente. \u00abPor una carrera que <strong>marc\u00f3 a generaciones<\/strong>, por haber liderado listas de \u00e9xitos y vendido millones de discos como parte de un d\u00fao inolvidable, y por tener el coraje de comenzar de nuevo en solitario, con pasi\u00f3n, talento y valent\u00eda. Este reconocimiento honra no solo su historia, sino su decisi\u00f3n de seguir creando desde el coraz\u00f3n\u00bb, a\u00f1aden.<\/p>\n<p class=\"voc-p\" style=\"\">Ser\u00e1 un momento hist\u00f3rico, tal y como se\u00f1alan desde los Premios Latino, cuando el pr\u00f3ximo 10 de noviembre Andy act\u00fae por primera vez en solitario para presentar su single. Se subir\u00e1 al <a href=\"https:\/\/www.abc.es\/play\/television\/noticias\/extrabajador-andy-lucas-saca-luz-comportamiento-lucas-20251017113309-nt.html\" target=\"_self\" data-voc-vtm-id=\"in-text-traffic\" title=\"escenario sin Lucas\" data-mrf-link=\"www.abc.es\" rel=\"nofollow noopener\">escenario sin Lucas<\/a> y entre rumores de enfrentamiento entre ellos que se han visto acrecentados por las \u00faltimas declaraciones y posterior desmentido del cantante gaditano, cuyo nombre completo es Andr\u00e9s Morales Troncoso. <\/p>\n<p>\nNueva etapa\n<\/p>\n<p class=\"voc-p\" style=\"\">Andy, que tiene m\u00e1s de <strong>97.000 seguidores<\/strong> en su cuenta personal, est\u00e1 compartiendo estos d\u00edas el apoyo que sus seguidores le brindan. Ya han comenzado a crear nuevos clubs de fans para animarle en su carrera en solitario y est\u00e1n colaborando en la promoci\u00f3n. De hecho, el lunes fue una cuenta de sus m\u00e1s ac\u00e9rrimos quien compart\u00eda varias im\u00e1genes del &#8216;making of&#8217; del primer videoclip. \u00abLa que viene va a ser muy grande\u00bb, asegura alguna de estas cuentas. <\/p>\n<p class=\"voc-p\" style=\"\">Los Premios Latino los organiza la Academia Hispanoamericana de la M\u00fasica, entre cuyos miembros est\u00e1n artistas como Juan Mag\u00e1n, Lucrecia, Martirio, Efecto Mariposa o Antonio Canales. Este a\u00f1o, adem\u00e1s de Andy habr\u00e1 otros premiados de excepci\u00f3n. Edurne recibir\u00e1 el Premio Latino de Oro Joaqu\u00edn Hurtado a la Trayectoria y el de Talento Latino ser\u00e1 entregado de manera p\u00f3stuma a Manolo Escobar. Ser\u00e1 recogido por su hija, Vanessa Garc\u00eda Marx, periodista y aspirante a actriz.<\/p>\n","protected":false},"excerpt":{"rendered":"Se acab\u00f3 Andy y Lucas. Se sab\u00eda que tras la gira el famoso d\u00fao se despedir\u00eda de los&hellip;\n","protected":false},"author":2,"featured_media":191749,"comment_status":"","ping_status":"","sticky":false,"template":"","format":"standard","meta":{"footnotes":""},"categories":[170],"tags":[16221,5437,146,147,25,24,1151,184,185,8155,23],"class_list":{"0":"post-191748","1":"post","2":"type-post","3":"status-publish","4":"format-standard","5":"has-post-thumbnail","7":"category-musica","8":"tag-andy","9":"tag-debut","10":"tag-entertainment","11":"tag-entretenimiento","12":"tag-es","13":"tag-espana","14":"tag-fecha","15":"tag-music","16":"tag-musica","17":"tag-solitario","18":"tag-spain"},"share_on_mastodon":{"url":"https:\/\/pubeurope.com\/@es\/115412706648480106","error":""},"_links":{"self":[{"href":"https:\/\/www.europesays.com\/es\/wp-json\/wp\/v2\/posts\/191748","targetHints":{"allow":["GET"]}}],"collection":[{"href":"https:\/\/www.europesays.com\/es\/wp-json\/wp\/v2\/posts"}],"about":[{"href":"https:\/\/www.europesays.com\/es\/wp-json\/wp\/v2\/types\/post"}],"author":[{"embeddable":true,"href":"https:\/\/www.europesays.com\/es\/wp-json\/wp\/v2\/users\/2"}],"replies":[{"embeddable":true,"href":"https:\/\/www.europesays.com\/es\/wp-json\/wp\/v2\/comments?post=191748"}],"version-history":[{"count":0,"href":"https:\/\/www.europesays.com\/es\/wp-json\/wp\/v2\/posts\/191748\/revisions"}],"wp:featuredmedia":[{"embeddable":true,"href":"https:\/\/www.europesays.com\/es\/wp-json\/wp\/v2\/media\/191749"}],"wp:attachment":[{"href":"https:\/\/www.europesays.com\/es\/wp-json\/wp\/v2\/media?parent=191748"}],"wp:term":[{"taxonomy":"category","embeddable":true,"href":"https:\/\/www.europesays.com\/es\/wp-json\/wp\/v2\/categories?post=191748"},{"taxonomy":"post_tag","embeddable":true,"href":"https:\/\/www.europesays.com\/es\/wp-json\/wp\/v2\/tags?post=191748"}],"curies":[{"name":"wp","href":"https:\/\/api.w.org\/{rel}","templated":true}]}}