{"id":191754,"date":"2025-10-21T14:50:08","date_gmt":"2025-10-21T14:50:08","guid":{"rendered":"https:\/\/www.europesays.com\/es\/191754\/"},"modified":"2025-10-21T14:50:08","modified_gmt":"2025-10-21T14:50:08","slug":"osakidetza-llama-a-vacunarse-contra-la-gripe-ante-un-previsible-adelanto-de-la-curva-de-contagios","status":"publish","type":"post","link":"https:\/\/www.europesays.com\/es\/191754\/","title":{"rendered":"Osakidetza llama a vacunarse contra la gripe ante un previsible adelanto de la curva de contagios"},"content":{"rendered":"<p><b>Osakidetza<\/b> ha animado a los ciudadanos a <a href=\"https:\/\/orain.eus\/es\/actualidad\/sociedad\/2025\/10\/20\/mas-200000-personas-llamadas-la-campana-vacunacion-gripe-covid-en-navarra\/\" rel=\"nofollow noopener\" target=\"_blank\">vacunarse contra la gripe<\/a> ante la previsi\u00f3n de que la<b> curva de contagios <\/b>pueda adelantarse, dado que en la \u00faltima semana, especialmente en<b> Bizkaia<\/b>, se ha dado un \u00abimportante\u00bb incremento de casos.<\/p>\n<p>Desde que el pasado 6 de octubre Osakidetza inici\u00f3 la <a href=\"https:\/\/orain.eus\/es\/actualidad\/sociedad\/2025\/10\/05\/osakidetza-abre-este-lunes-la-vacunacion-la-gripe-mayores-60-anos-poblacion-riesgo\/\" rel=\"nofollow noopener\" target=\"_blank\">campa\u00f1a de vacunaci\u00f3n antigripal<\/a>,<b> 202 015 personas <\/b>han sido ya inmunizadas en la CAV, y hay<b> citadas 80 000 m\u00e1s<\/b> para recibir el suero en los pr\u00f3ximos d\u00edas. El Departamento de Salud ha recordado \u00abla importancia de protegerse cuanto antes\u00bb frente a estas enfermedades respiratorias, especialmente en personas vulnerables, que son las que mayores complicaciones pueden sufrir en caso de contagio.<\/p>\n<p>Osakidetza recuerda que \u00abla vacuna es <b>la mejor manera de prevenir<\/b> complicaciones en la salud, y han animado a hacerlo cuanto antes, ya que se espera que a lo largo de las pr\u00f3ximas semanas la<b> incidencia <\/b>de la gripe vaya progresivamente en aumento\u00bb.<\/p>\n<p>Seg\u00fan los datos ofrecidos, el an\u00e1lisis comparativo de la situaci\u00f3n epidemiol\u00f3gica hace prever un posible adelanto de la curva de contagios, ya que en la \u00faltima semana se ha dado un <b>\u00abimportante incremento de casos\u00bb:<\/b>\u00a0en hospitales, en la segunda semana de campa\u00f1a, se observa un incremento en el n\u00famero de casos de gripe detectados (506) respecto a las campa\u00f1as anteriores (166 en 2024 y 105 en 2023). Si se tiene en cuenta el n\u00famero de casos acumulado en las tres primeras semanas de campa\u00f1a (1120 casos), incluida la primera en residencias, es significativamente mayor a las dos campa\u00f1as anteriores (410 en 24 y 331 en 23 en las tres primeras semanas), lo que sugiere un adelantamiento de la curva epidemiol\u00f3gica de casos.<\/p>\n<p>Tambi\u00e9n el n\u00famero de<b> ingresos <\/b>es mayor a los registrados en 2024 por estas fechas. Concretamente, en lo que va de campa\u00f1a ha habido 131 ingresos en hospitales como consecuencia de la gripe, una cifra que el a\u00f1o pasado se alcanz\u00f3 a mediados de noviembre.<\/p>\n<p>Osakidetza recomienda coger <b>cita<\/b>, bien a trav\u00e9s del tel\u00e9fono llamando al centro de salud de referencia, o a trav\u00e9s de la <a href=\"https:\/\/zitaberria.osakidetza.eus\/o22PlamWar\/iniciologin.do?idioma=cas\" rel=\"nofollow noopener\" target=\"_blank\">web<\/a>. Durante este mes de octubre se priorizar\u00e1 la vacunaci\u00f3n frente a la gripe de la poblaci\u00f3n diana.<\/p>\n","protected":false},"excerpt":{"rendered":"Osakidetza ha animado a los ciudadanos a vacunarse contra la gripe ante la previsi\u00f3n de que la curva&hellip;\n","protected":false},"author":2,"featured_media":191755,"comment_status":"","ping_status":"","sticky":false,"template":"","format":"standard","meta":{"footnotes":""},"categories":[92],"tags":[25,24,12296,7749,165,6115,166,492,23,1454],"class_list":{"0":"post-191754","1":"post","2":"type-post","3":"status-publish","4":"format-standard","5":"has-post-thumbnail","7":"category-salud","8":"tag-es","9":"tag-espana","10":"tag-gobierno-vasco","11":"tag-gripe","12":"tag-health","13":"tag-osakidetza","14":"tag-salud","15":"tag-sociedad","16":"tag-spain","17":"tag-vacunas"},"share_on_mastodon":{"url":"https:\/\/pubeurope.com\/@es\/115412718527446633","error":""},"_links":{"self":[{"href":"https:\/\/www.europesays.com\/es\/wp-json\/wp\/v2\/posts\/191754","targetHints":{"allow":["GET"]}}],"collection":[{"href":"https:\/\/www.europesays.com\/es\/wp-json\/wp\/v2\/posts"}],"about":[{"href":"https:\/\/www.europesays.com\/es\/wp-json\/wp\/v2\/types\/post"}],"author":[{"embeddable":true,"href":"https:\/\/www.europesays.com\/es\/wp-json\/wp\/v2\/users\/2"}],"replies":[{"embeddable":true,"href":"https:\/\/www.europesays.com\/es\/wp-json\/wp\/v2\/comments?post=191754"}],"version-history":[{"count":0,"href":"https:\/\/www.europesays.com\/es\/wp-json\/wp\/v2\/posts\/191754\/revisions"}],"wp:featuredmedia":[{"embeddable":true,"href":"https:\/\/www.europesays.com\/es\/wp-json\/wp\/v2\/media\/191755"}],"wp:attachment":[{"href":"https:\/\/www.europesays.com\/es\/wp-json\/wp\/v2\/media?parent=191754"}],"wp:term":[{"taxonomy":"category","embeddable":true,"href":"https:\/\/www.europesays.com\/es\/wp-json\/wp\/v2\/categories?post=191754"},{"taxonomy":"post_tag","embeddable":true,"href":"https:\/\/www.europesays.com\/es\/wp-json\/wp\/v2\/tags?post=191754"}],"curies":[{"name":"wp","href":"https:\/\/api.w.org\/{rel}","templated":true}]}}