{"id":191762,"date":"2025-10-21T14:54:08","date_gmt":"2025-10-21T14:54:08","guid":{"rendered":"https:\/\/www.europesays.com\/es\/191762\/"},"modified":"2025-10-21T14:54:08","modified_gmt":"2025-10-21T14:54:08","slug":"el-papa-escuchemonos-unos-a-otros-para-distinguir-los-signos-de-los-tiempos","status":"publish","type":"post","link":"https:\/\/www.europesays.com\/es\/191762\/","title":{"rendered":"El Papa: Escuch\u00e9monos unos a otros para distinguir los signos de los tiempos"},"content":{"rendered":"<p>Le\u00f3n XIV recibe en audiencia a la comunidad del Colegio Pontificio Portugu\u00e9s de Roma y se\u00f1ala la colaboraci\u00f3n entre \u00abcl\u00e9rigos y laicos\u00bb, gracias a la cual naci\u00f3 la residencia religiosa, una experiencia que la \u00abIglesia, llamada hoy a reforzar su estilo sinodal\u00bb, debe atesorar. Encontrarse en la Ciudad Eterna para \u00abprofundizar en el estudio de la teolog\u00eda o de las ciencias humanas y sociales\u00bb, explica el Pont\u00edfice, lleva a \u00abformarse cada vez m\u00e1s en el arte de la escucha\u00bb.<\/p>\n<p><b>Tiziana Campisi \u2013 Ciudad del Vaticano<\/b><\/p>\n<p>El Pontificio Colegio Portugu\u00e9s fue fundado en Roma hace exactamente 125 a\u00f1os, el 20 de octubre por Le\u00f3n XIII, gracias tambi\u00e9n al compromiso de \u00abcl\u00e9rigos y laicos\u00bb, \u00abunidos en el mismo camino\u00bb y orientados hacia \u00ablos mismos objetivos, para poder favorecer mejor el anuncio del Evangelio\u00bb. Una experiencia eclesial que la \u00abIglesia, llamada hoy a reforzar su estilo sinodal\u00bb, debe atesorar, entre aquellas que hay que custodiar \u00abcomo herencia espiritual\u00bb y en las que encontrar \u00abun impulso para hacer crecer la comuni\u00f3n\u00bb: lo indica Le\u00f3n XIV al recibir esta ma\u00f1ana en audiencia, en la Sala del Consistorio del Palacio Apost\u00f3lico, a la comunidad de la residencia religiosa.<\/p>\n<p>Cuando, para la promoci\u00f3n humana y la gloria de Dios, nos escuchamos unos a otros y respetamos lo que el Esp\u00edritu Santo suscita en cada fiel, distinguimos con mayor claridad y confianza los signos de los tiempos, trabajando unidos en la construcci\u00f3n del Reino de Cristo.<\/p>\n<p>Exp<b\/>erimentar la universalidad de la Iglesia <\/p>\n<p>Y considerando la hospitalidad que ofrece el colegio a quienes llegan a la ciudad para estudiar en las universidades pontificias, el Papa reconoce que \u00abprofundizar en el estudio de la teolog\u00eda o de las ciencias humanas y sociales\u00bb lleva a \u00abformarse cada vez m\u00e1s en el arte de escuchar, tan importante para la unidad\u00bb en la Iglesia. A continuaci\u00f3n, recordando los dos jubileos vinculados a la historia del colegio \u2014el de 1900, a\u00f1o de su fundaci\u00f3n, y el actual, en el que se celebran los 125 a\u00f1os\u2014 el Pont\u00edfice profundiza en \u00abla dimensi\u00f3n de la universalidad de la Iglesia y la de la misericordia divina\u00bb. La primera se comprende mejor observando, durante los a\u00f1os santos, la \u00abllegada de tantos peregrinos\u00bb, y tambi\u00e9n se puede experimentar \u00abcompartiendo la belleza\u00bb de las \u00abculturas\u00bb y \u00abtestimoniando la riqueza\u00bb de las Iglesias de procedencia \u00aby de la experiencia pastoral\u00bb que cada uno lleva consigo. \u00abVivir todo esto es un don del Se\u00f1or y la mejor manera de darle las gracias es entrar, sin miedo, en la vitalidad de este intercambio, contribuyendo a la policrom\u00eda de la unidad y a la polifon\u00eda de la comuni\u00f3n\u00bb, explica Le\u00f3n, a\u00f1adiendo adem\u00e1s que \u00ablos a\u00f1os jubilares son una oportunidad para adquirir una conciencia m\u00e1s intensa del don de la misericordia que brota del Coraz\u00f3n de Cristo\u00bb.<\/p>\n<p>La miser<b\/>icordia divina <\/p>\n<p>En cuanto a la misericordia divina, el Papa se detiene en el Sagrado Coraz\u00f3n de Jes\u00fas, representado, entre otras cosas, en el escudo del colegio portugu\u00e9s y al que \u00abse consagraron los primeros estudiantes\u00bb, y exhorta a seguir confiando \u00aben el Coraz\u00f3n del Se\u00f1or\u00bb, a acercarse \u00abcada vez m\u00e1s a \u00c9l\u00bb y a aprender \u00abde \u00c9l la misericordia\u00bb. \u00abUn colegio consagrado al Coraz\u00f3n de Cristo es escuela de la misericordia divina, en la que los estudiantes, imitando al disc\u00edpulo amado, escuchan el latido del amor de Dios y as\u00ed se convierten en verdaderos te\u00f3logos\u00bb, afirma Le\u00f3n, que exhorta a todos los presb\u00edteros a conformarse a Jesucristo.<\/p>\n<p>Un sacerdote, sea cual sea la misi\u00f3n que se le haya confiado, siempre encuentra en ella una ocasi\u00f3n para configurarse al Buen Pastor: no solo necesita un coraz\u00f3n de carne, un coraz\u00f3n humano y sabio, sino que siente la necesidad de un coraz\u00f3n como el de Jes\u00fas, siempre unido al Padre, apasionado por la Iglesia y lleno de compasi\u00f3n. Al permanecer en la presencia del Se\u00f1or, despu\u00e9s de exigentes jornadas de trabajo, pueden encontrar en \u00c9l descanso y \u00abrecomponer\u00bb la unidad de la vida. P\u00eddanle siempre un coraz\u00f3n capaz de amar a la Iglesia como \u00c9l.<\/p>\n<p><b\/>Que los colegios pontificios sean casas acogedoras <\/p>\n<p>El Pont\u00edfice invita, adem\u00e1s, a los sacerdotes a presentar en oraci\u00f3n a Dios a los \u00abobispos\u00bb, a las \u00abcomunidades diocesanas\u00bb y tambi\u00e9n \u00aba los fieles a los que ma\u00f1ana servir\u00e1n en sus pa\u00edses\u00bb, y a permanecer cerca \u00abdel Se\u00f1or Jes\u00fas en la escucha de su Palabra, en la celebraci\u00f3n de los Sacramentos, especialmente de la Eucarist\u00eda, en la Adoraci\u00f3n, en el discernimiento espiritual y en la amabilidad fraterna\u00bb. Adem\u00e1s, anima a los que se quedan en la capital a hacer del colegio en el que se alojan \u00abun casa, es decir, un ambiente familiar donde, al regresar de sus compromisos acad\u00e9micos, puedan sentirse como en familia\u00bb. A este respecto, el Papa recuerda el discurso de Pablo VI en el Colegio de San Pedro Ap\u00f3stol, en el Gianicolo, en el que Montini aclara que un colegio \u00abno es un hotel, donde se entra como extra\u00f1os y se sale como extra\u00f1os; no es una simple pensi\u00f3n, donde se encuentra alojamiento para otros fines\u00bb, sino \u00abalgo m\u00e1s \u00edntimo y m\u00e1s personal\u00bb, donde se quiere \u00abcrear una colegialidad, es decir, una comuni\u00f3n, una amistad, una fusi\u00f3n de esp\u00edritus\u00bb. De ah\u00ed el aliento de Le\u00f3n:<\/p>\n<p>Edifiquen una casa colegial que sea tambi\u00e9n acogedora, como debe ser la Iglesia. Lo encontramos escrito en la historia del Colegio, que recibi\u00f3 el t\u00edtulo de \u00abCasa de Vida\u00bb por haber acogido a jud\u00edos durante la Segunda Guerra Mundial. Este t\u00edtulo es al mismo tiempo una herencia y una responsabilidad en su construcci\u00f3n cotidiana de la fraternidad. Para lograrlo, trabajen juntos con el apoyo del Rector y de los Padres espirituales, y tambi\u00e9n con la valiosa presencia de las Hermanas Franciscanas de Nuestra Se\u00f1ora de las Victorias.<\/p>\n<p>Rece<b\/>n por la Iglesia y por la paz <\/p>\n<p>El Pont\u00edfice se dirige tambi\u00e9n a las religiosas para agradecerles su \u00abdedicaci\u00f3n a los sacerdotes\u00bb, sus oraciones y su \u00abmaternidad espiritual\u00bb, que \u00abaunque discreta, no est\u00e1 oculta a Dios\u00bb. Por \u00faltimo, Le\u00f3n pide a todos que recen, especialmente en este mes, el Rosario y que pidan \u00abla intercesi\u00f3n de Nuestra Se\u00f1ora de F\u00e1tima\u00bb: \u00abTambi\u00e9n por m\u00ed, por la Iglesia y por la paz\u00bb.<\/p>\n","protected":false},"excerpt":{"rendered":"Le\u00f3n XIV recibe en audiencia a la comunidad del Colegio Pontificio Portugu\u00e9s de Roma y se\u00f1ala la colaboraci\u00f3n&hellip;\n","protected":false},"author":2,"featured_media":191763,"comment_status":"","ping_status":"","sticky":false,"template":"","format":"standard","meta":{"footnotes":""},"categories":[42],"tags":[17,18,2507,13,14,11,401,61,62,63,64,53549,19,20,9217,9,10,15,16,37561,400,16303,12,21,22,65,66,67],"class_list":{"0":"post-191762","1":"post","2":"type-post","3":"status-publish","4":"format-standard","5":"has-post-thumbnail","7":"category-internacional","8":"tag-breaking-news","9":"tag-breakingnews","10":"tag-escuela-y-universidad","11":"tag-featured-news","12":"tag-featurednews","13":"tag-headlines","14":"tag-iglesia-catolica","15":"tag-internacional","16":"tag-international","17":"tag-international-news","18":"tag-internationalnews","19":"tag-laicos","20":"tag-latest-news","21":"tag-latestnews","22":"tag-monjas","23":"tag-news","24":"tag-noticias","25":"tag-noticias-destacadas","26":"tag-noticiasdestacadas","27":"tag-ordenes-religiosas","28":"tag-papa-leon-xiv","29":"tag-sacerdotes","30":"tag-titulares","31":"tag-ultimas-noticias","32":"tag-ultimasnoticias","33":"tag-world","34":"tag-world-news","35":"tag-worldnews"},"share_on_mastodon":{"url":"https:\/\/pubeurope.com\/@es\/115412734160587982","error":""},"_links":{"self":[{"href":"https:\/\/www.europesays.com\/es\/wp-json\/wp\/v2\/posts\/191762","targetHints":{"allow":["GET"]}}],"collection":[{"href":"https:\/\/www.europesays.com\/es\/wp-json\/wp\/v2\/posts"}],"about":[{"href":"https:\/\/www.europesays.com\/es\/wp-json\/wp\/v2\/types\/post"}],"author":[{"embeddable":true,"href":"https:\/\/www.europesays.com\/es\/wp-json\/wp\/v2\/users\/2"}],"replies":[{"embeddable":true,"href":"https:\/\/www.europesays.com\/es\/wp-json\/wp\/v2\/comments?post=191762"}],"version-history":[{"count":0,"href":"https:\/\/www.europesays.com\/es\/wp-json\/wp\/v2\/posts\/191762\/revisions"}],"wp:featuredmedia":[{"embeddable":true,"href":"https:\/\/www.europesays.com\/es\/wp-json\/wp\/v2\/media\/191763"}],"wp:attachment":[{"href":"https:\/\/www.europesays.com\/es\/wp-json\/wp\/v2\/media?parent=191762"}],"wp:term":[{"taxonomy":"category","embeddable":true,"href":"https:\/\/www.europesays.com\/es\/wp-json\/wp\/v2\/categories?post=191762"},{"taxonomy":"post_tag","embeddable":true,"href":"https:\/\/www.europesays.com\/es\/wp-json\/wp\/v2\/tags?post=191762"}],"curies":[{"name":"wp","href":"https:\/\/api.w.org\/{rel}","templated":true}]}}