{"id":191764,"date":"2025-10-21T14:55:12","date_gmt":"2025-10-21T14:55:12","guid":{"rendered":"https:\/\/www.europesays.com\/es\/191764\/"},"modified":"2025-10-21T14:55:12","modified_gmt":"2025-10-21T14:55:12","slug":"iberdrola-reafirma-su-compromiso-con-alargar-la-vida-de-la-central-de-almaraz","status":"publish","type":"post","link":"https:\/\/www.europesays.com\/es\/191764\/","title":{"rendered":"Iberdrola reafirma su compromiso con alargar la vida de la central de Almaraz"},"content":{"rendered":"<p style=\"\">Momento clave para el futuro de la <strong>central nuclear de Almaraz<\/strong>. Los pr\u00f3ximos d\u00edas, por no decir horas, ser\u00e1n esenciales. Sobre todo, para que el Ministerio para la Transici\u00f3n Ecol\u00f3gica tenga que pronunciarse de manera tajante con respecto a este asunto. Y es que,  &#8230; desde hace meses, despeja los balones para no abordar la cuesti\u00f3n.<\/p>\n<p class=\"voc-p\" style=\"\">Ahora, despu\u00e9s tambi\u00e9n de mucho tiempo, <strong>los principales propietarios de la central tienen claro que quieren pedir una revisi\u00f3n del calendario de cierre<\/strong>. En concreto, este martes hab\u00eda una reuni\u00f3n de las due\u00f1as de la planta en la que, finalmente, se ha acordado trabajar para pedir la continuidad de la instalaci\u00f3n, aunque por el momento no se conocen los detalles. Ha trascendido, aunque no de manera oficial, que la <a href=\"https:\/\/www.abc.es\/economia\/extremadura-bajara-mitad-impuestos-autonomicos-sobre-almaraz-20251010134630-nt.html\" target=\"_self\" data-voc-vtm-id=\"in-text-traffic\" title=\"cuesti\u00f3n fiscal\" data-mrf-link=\"www.abc.es\" rel=\"nofollow noopener\">cuesti\u00f3n fiscal<\/a> no estar\u00e1 en la propuesta final. No obstante, todav\u00eda quedan algunos flecos esenciales que ajustar.<\/p>\n<p class=\"voc-p\" style=\"\">En estos momentos se trata de un tr\u00e1mite: en concreto, que afecta solo a los intereses de Almaraz, pero que vuelve a reafirmar que las tres due\u00f1as de la central, Iberdrola, Endesa y Naturgy, est\u00e1n de acuerdo en prolongar la vida \u00fatil de esta instalaci\u00f3n, as\u00ed como el parque nuclear espa\u00f1ol en su conjunto. Pese a todo, seg\u00fan ha podido conocer ABC, los propietarios siguen trabajando en la gobernanza interna a la hora de tomar la decisi\u00f3n. Esto se traduce en que cada una de las compa\u00f1\u00edas puede tener ciertos intereses particulares que deber\u00e1n adaptarse al sentir general.<\/p>\n<p class=\"voc-p\" style=\"\">La reuni\u00f3n de este martes, catalogada de ordinaria, supon\u00eda sentar las bases para desarrollar una estrategia que evite el cierre de Almaraz. Ahora, los siguientes pasos consistir\u00e1n en formalizar una petici\u00f3n al ministerio dirigido por Sara Aagesen para iniciar el di\u00e1logo y los posteriores tr\u00e1mites administrativos.<\/p>\n<p class=\"voc-p\" style=\"\">Posteriormente, y una vez que las empresas ya muestren su disposici\u00f3n a negociar, ser\u00e1 el Ministerio para la Transici\u00f3n Ecol\u00f3gica el que deber\u00e1 mover ficha. Cabe recordar que la pol\u00edtica energ\u00e9tica la desarrolla el Ejecutivo y, por tanto, la decisi\u00f3n en \u00faltima instancia depende de lo que plantee Aagesen.<\/p>\n<p class=\"voc-p\" style=\"\">Hasta ahora el Gobierno se ha mantenido firme. Su postura ha sido en todo momento que deb\u00edan ser las empresas quienes iniciasen los procesos negociadores, y adem\u00e1s deb\u00eda hacerlo de manera oficial. Una formalidad a la que se ha agarrado el Ejecutivo para no tener que hablar de, entre otros asuntos, los problemas de seguridad de suministro el\u00e9ctrico que ahora mismo atraviesa Espa\u00f1a. Sus l\u00edneas rojas siempre han sido la materia fiscal. Bajo el mantra de que no se van a bajar los impuestos, Iberdrola, Endesa y Naturgy tambi\u00e9n han establecido la misma l\u00ednea roja, pero a la inversa: que sin un ajuste en las tasas que pagan por operar las centrales se trata de un negocio que no es viable econ\u00f3micamente.<\/p>\n<p>\nMomento clave\n<\/p>\n<p class=\"voc-p\" style=\"\">El siguiente paso, por tanto, ser\u00e1 la formalizaci\u00f3n de una petici\u00f3n de revisi\u00f3n del cierre de Almaraz donde, previsiblemente, tambi\u00e9n se abordar\u00e1 el conjunto del parque nuclear espa\u00f1ol. La planta extreme\u00f1a tiene que echar la persiana en 2027, uno de sus reactores, y el otro en 2028. Por lo que han mostrado de forma p\u00fablica Iberdrola, Endesa y Naturgy, la idea ser\u00eda ampliar su vida \u00fatil hasta 2030 y, posteriormente, abordar los dem\u00e1s cierres.<\/p>\n<p class=\"voc-p\" style=\"\">No obstante, no hay muchas pistas en estos momentos sobre cu\u00e1l ser\u00e1 el acuerdo final entre las el\u00e9ctricas, y qu\u00e9 puntos incluir\u00e1 la petici\u00f3n que se realizar\u00e1 al Gobierno.<\/p>\n<p class=\"voc-p\" style=\"\">En medio de este tira y afloja, adem\u00e1s del apag\u00f3n de abril, ha trascendido de manera p\u00fablica que el sistema el\u00e9ctrico est\u00e1 teniendo problemas similares a lo que sucedi\u00f3 en las fechas previas al cero energ\u00e9tico. Esto otorga una mayor capacidad negociadora. Aunque en clave pol\u00edtica, el Ejecutivo tiene una seria debilidad con respecto a sus socios de coalici\u00f3n, algo que nos les permite salirse de su guion antinuclear.<\/p>\n<p class=\"voc-p\" style=\"\">Si este plan no sale adelante, en 2028 Almaraz deber\u00e1 haber cesado su actividad, dentro de un cierre generalizado de todo el sistema nuclear previsto para 2035. En ese periodo de tiempo, supuestamente, las renovables deber\u00edan tener la capacidad de controlar los problemas de tensi\u00f3n que surjan en el sistema, aunque,<a href=\"https:\/\/www.abc.es\/economia\/energia-nuclear-necesaria-nunca-tras-nuevos-planes-20251014182727-nt.html\" target=\"_self\" data-voc-vtm-id=\"in-text-traffic\" title=\" como ya explic\u00f3 ABC\" data-mrf-link=\"www.abc.es\" rel=\"nofollow noopener\"> como ya explic\u00f3 ABC<\/a>, esto no suceder\u00e1 ni a corto ni a medio plazo. <\/p>\n<p class=\"voc-p\" style=\"\">Precisamente, la semana pasada saltaron todas las alarmas cuando Red El\u00e9ctrica advirti\u00f3 de que se debe cambiar la operativa del sistema el\u00e9ctrico porque se estaban detectando anomal\u00edas similares a las que sucedieron en abril, cuando se produjo el gran apag\u00f3n. El operador del sistema pidi\u00f3 a la Comisi\u00f3n Nacional de los Mercados y la Competencia (CNMC) que agilice la entrada en vigor de una serie de acciones para controlar, sobre todo, los problemas de tensi\u00f3n, algo que finalmente ha llevada a cabo aunque a medias. Esta situaci\u00f3n se\u00f1ala, de manera directa, a la gran entrada de renovables en el mix, y c\u00f3mo han impactado. Para ello, <strong>las centrales tradicionales (nuclear, gas e hidr\u00e1ulica) se han convertido en una pieza esencial<\/strong> que podr\u00eda desaparecer si se acaba consumando el cierre. <\/p>\n<p class=\"voc-p\" style=\"\">En todo el tiempo que ha durado la pol\u00e9mica con el Gobierno, las propietarias de Almaraz siempre han asegurado que, con los impuestos actuales, no pueden mantener el negocio nuclear. En este sentido, para las el\u00e9ctricas el apag\u00f3n dio alas a sus argumentos y reforz\u00f3 la necesidad de tener un suministro estable y seguro. Es un arma que utilizar\u00e1n en la negociaci\u00f3n. Y <strong>m\u00e1s ahora que Red El\u00e9ctrica ha reconocido la necesidad de compensar m\u00e1s el mix<\/strong>. De hecho, desde el pasado 29 de abril se opera en \u00abmodo reforzado\u00bb.<\/p>\n","protected":false},"excerpt":{"rendered":"Momento clave para el futuro de la central nuclear de Almaraz. Los pr\u00f3ximos d\u00edas, por no decir horas,&hellip;\n","protected":false},"author":2,"featured_media":191765,"comment_status":"","ping_status":"","sticky":false,"template":"","format":"standard","meta":{"footnotes":""},"categories":[8],"tags":[31737,47272,17,18,1512,1625,25,24,13,14,11,7131,19,20,9,10,15,16,48838,23,12,21,22,2606],"class_list":{"0":"post-191764","1":"post","2":"type-post","3":"status-publish","4":"format-standard","5":"has-post-thumbnail","7":"category-espana","8":"tag-alargar","9":"tag-almaraz","10":"tag-breaking-news","11":"tag-breakingnews","12":"tag-central","13":"tag-compromiso","14":"tag-es","15":"tag-espana","16":"tag-featured-news","17":"tag-featurednews","18":"tag-headlines","19":"tag-iberdrola","20":"tag-latest-news","21":"tag-latestnews","22":"tag-news","23":"tag-noticias","24":"tag-noticias-destacadas","25":"tag-noticiasdestacadas","26":"tag-reafirma","27":"tag-spain","28":"tag-titulares","29":"tag-ultimas-noticias","30":"tag-ultimasnoticias","31":"tag-vida"},"share_on_mastodon":{"url":"https:\/\/pubeurope.com\/@es\/115412737930208318","error":""},"_links":{"self":[{"href":"https:\/\/www.europesays.com\/es\/wp-json\/wp\/v2\/posts\/191764","targetHints":{"allow":["GET"]}}],"collection":[{"href":"https:\/\/www.europesays.com\/es\/wp-json\/wp\/v2\/posts"}],"about":[{"href":"https:\/\/www.europesays.com\/es\/wp-json\/wp\/v2\/types\/post"}],"author":[{"embeddable":true,"href":"https:\/\/www.europesays.com\/es\/wp-json\/wp\/v2\/users\/2"}],"replies":[{"embeddable":true,"href":"https:\/\/www.europesays.com\/es\/wp-json\/wp\/v2\/comments?post=191764"}],"version-history":[{"count":0,"href":"https:\/\/www.europesays.com\/es\/wp-json\/wp\/v2\/posts\/191764\/revisions"}],"wp:featuredmedia":[{"embeddable":true,"href":"https:\/\/www.europesays.com\/es\/wp-json\/wp\/v2\/media\/191765"}],"wp:attachment":[{"href":"https:\/\/www.europesays.com\/es\/wp-json\/wp\/v2\/media?parent=191764"}],"wp:term":[{"taxonomy":"category","embeddable":true,"href":"https:\/\/www.europesays.com\/es\/wp-json\/wp\/v2\/categories?post=191764"},{"taxonomy":"post_tag","embeddable":true,"href":"https:\/\/www.europesays.com\/es\/wp-json\/wp\/v2\/tags?post=191764"}],"curies":[{"name":"wp","href":"https:\/\/api.w.org\/{rel}","templated":true}]}}