{"id":191780,"date":"2025-10-21T15:08:08","date_gmt":"2025-10-21T15:08:08","guid":{"rendered":"https:\/\/www.europesays.com\/es\/191780\/"},"modified":"2025-10-21T15:08:08","modified_gmt":"2025-10-21T15:08:08","slug":"les-lletres-que-estimen-el-valencia-un-libro-que-une-literatura-teatro-e-inclusion-para-fomentar-la-lengua-sociedad","status":"publish","type":"post","link":"https:\/\/www.europesays.com\/es\/191780\/","title":{"rendered":"\u201cLes lletres que estimen el valenci\u00e0\u201d: un libro que une literatura, teatro e inclusi\u00f3n para fomentar la lengua | Sociedad"},"content":{"rendered":"<p class=\"loc\">X\u00e0tiva<\/p>\n<p>El escritor Ricard T\u00e0pera y el ilustrador Carles Verger, en colaboraci\u00f3n con la editorial Caliu, han puesto en marcha una campa\u00f1a de micromecenazgo en la plataforma Verkami para hacer realidad su nuevo cuento \u00abLes lletres que estimen el valenci\u00e0\u00bb. El proyecto cuenta con el apoyo de Escola Valenciana, Fam\u00edlies pel Valenci\u00e0 y Rocambolesc Teatre, y pretende acercar la lengua valenciana a la infancia de una forma creativa y educativa.<\/p>\n<p>Una campa\u00f1a efectiva<\/p>\n<p>La campa\u00f1a, que permanecer\u00e1 activa durante 30 d\u00edas, ha logrado reunir en tan solo cinco d\u00edas cerca del 30 % del objetivo econ\u00f3mico, con la participaci\u00f3n de m\u00e1s de 90 personas. Los impulsores ofrecen diversas recompensas a los mecenas, desde ejemplares del libro hasta entradas de teatro o colecciones literarias anteriores.<\/p>\n<p>El cuento narra la historia c\u00f3mo los ni\u00f1os y ni\u00f1as dejan de hablar valenciano. Con la ayuda de su amigo \u201cel diccionari\u201d, se embarcan en una misi\u00f3n para recuperar las palabras y expresiones que se est\u00e1n perdiendo. \u201cEl cuento nace de la preocupaci\u00f3n por el retroceso del valenciano entre la infancia\u201d, explica T\u00e0pera. \u201cIncluso palabras cotidianas, como perdenyes, muchos ni\u00f1os ya no las conocen\u201d.<\/p>\n<p>El proceso de ilustraci\u00f3n<\/p>\n<p>El proyecto no se limita a la literatura. T\u00e0pera y Verger quieren transformar la historia en una obra de teatro infantil itinerante, que recorrer\u00e1 colegios, bibliotecas y municipios de la Comunitat Valenciana, acompa\u00f1ada de materiales did\u00e1cticos. La compa\u00f1\u00eda Rocambolesc Teatre, junto a Escola Valenciana y Fam\u00edlies pel Valenci\u00e0, se encargar\u00e1 de llevarla a los escenarios.<\/p>\n<p>En el apartado visual, Carles Verger firma las ilustraciones y la maquetaci\u00f3n del libro, que tambi\u00e9n incluir\u00e1 pictogramas adaptados por la ilustradora Neus Jazzer, con el fin de hacerlo m\u00e1s inclusivo. \u201cLos pictogramas facilitan el aprendizaje del valenciano, especialmente entre ni\u00f1os y ni\u00f1as migrantes o con necesidades especiales\u201d, destaca Verger.<\/p>\n<p><img decoding=\"async\" src=\"https:\/\/www.europesays.com\/es\/wp-content\/uploads\/2025\/10\/YKUM6O7BVNECHL7HXO4ZOCNJTM.jpg\" alt=\"De Kenia a X\u00e0tiva: la historia de solidaridad de Carlos Mart\u00ednez\" width=\"240\" height=\"135\"  loading=\"lazy\"\/>Un destino profundo<\/p>\n<p>El ilustrador define \u00abLes lletres que estimen el valenci\u00e0\u00bb como \u201cun artefacto de resistencia frente a los ataques a la lengua y la cultura valencianas\u201d. \u201cQueremos que llegue a las escuelas y a los hogares como una forma de mantener viva nuestra lengua\u201d, a\u00f1ade.<\/p>\n<p>La campa\u00f1a sigue activa en Verkami, donde los interesados pueden colaborar para que este cuento \u2014y su mensaje de amor por el valenciano\u2014 se convierta en una realidad tangible.<\/p>\n","protected":false},"excerpt":{"rendered":"X\u00e0tiva El escritor Ricard T\u00e0pera y el ilustrador Carles Verger, en colaboraci\u00f3n con la editorial Caliu, han puesto&hellip;\n","protected":false},"author":2,"featured_media":191781,"comment_status":"","ping_status":"","sticky":false,"template":"","format":"standard","meta":{"footnotes":""},"categories":[172],"tags":[224,146,147,25,24,225,23],"class_list":{"0":"post-191780","1":"post","2":"type-post","3":"status-publish","4":"format-standard","5":"has-post-thumbnail","7":"category-libros","8":"tag-books","9":"tag-entertainment","10":"tag-entretenimiento","11":"tag-es","12":"tag-espana","13":"tag-libros","14":"tag-spain"},"share_on_mastodon":{"url":"https:\/\/pubeurope.com\/@es\/115412789285762144","error":""},"_links":{"self":[{"href":"https:\/\/www.europesays.com\/es\/wp-json\/wp\/v2\/posts\/191780","targetHints":{"allow":["GET"]}}],"collection":[{"href":"https:\/\/www.europesays.com\/es\/wp-json\/wp\/v2\/posts"}],"about":[{"href":"https:\/\/www.europesays.com\/es\/wp-json\/wp\/v2\/types\/post"}],"author":[{"embeddable":true,"href":"https:\/\/www.europesays.com\/es\/wp-json\/wp\/v2\/users\/2"}],"replies":[{"embeddable":true,"href":"https:\/\/www.europesays.com\/es\/wp-json\/wp\/v2\/comments?post=191780"}],"version-history":[{"count":0,"href":"https:\/\/www.europesays.com\/es\/wp-json\/wp\/v2\/posts\/191780\/revisions"}],"wp:featuredmedia":[{"embeddable":true,"href":"https:\/\/www.europesays.com\/es\/wp-json\/wp\/v2\/media\/191781"}],"wp:attachment":[{"href":"https:\/\/www.europesays.com\/es\/wp-json\/wp\/v2\/media?parent=191780"}],"wp:term":[{"taxonomy":"category","embeddable":true,"href":"https:\/\/www.europesays.com\/es\/wp-json\/wp\/v2\/categories?post=191780"},{"taxonomy":"post_tag","embeddable":true,"href":"https:\/\/www.europesays.com\/es\/wp-json\/wp\/v2\/tags?post=191780"}],"curies":[{"name":"wp","href":"https:\/\/api.w.org\/{rel}","templated":true}]}}