{"id":191782,"date":"2025-10-21T15:09:07","date_gmt":"2025-10-21T15:09:07","guid":{"rendered":"https:\/\/www.europesays.com\/es\/191782\/"},"modified":"2025-10-21T15:09:07","modified_gmt":"2025-10-21T15:09:07","slug":"tve-cancela-cuanto-cuanto-cuanto-tras-solo-dos-programas-television","status":"publish","type":"post","link":"https:\/\/www.europesays.com\/es\/191782\/","title":{"rendered":"TVE cancela \u2018Cu\u00e1nto, cu\u00e1nto, cu\u00e1nto\u2019 tras solo dos programas | Televisi\u00f3n"},"content":{"rendered":"<p class=\"\">RTVE no ha tenido paciencia con Cu\u00e1nto, cu\u00e1nto, cu\u00e1nto y, tras su segunda emisi\u00f3n, ha fulminado una de sus apuestas de entretenimiento del oto\u00f1o. El programa que presentaban <a href=\"https:\/\/elpais.com\/smoda\/famosos\/2024-04-21\/eva-soriano-yo-me-beneficio-todo-el-rato-del-sistema-porque-soy-una-caradura.html\" target=\"_self\" rel=\"nofollow noopener\" title=\"https:\/\/elpais.com\/smoda\/famosos\/2024-04-21\/eva-soriano-yo-me-beneficio-todo-el-rato-del-sistema-porque-soy-una-caradura.html\">Eva Soriano<\/a> y <a href=\"https:\/\/elpais.com\/television\/2025-03-15\/rafaela-y-su-loco-mundo-la-serie-que-aunara-los-delirantes-universos-de-muchachada-nui-y-ojete-calor.html\" target=\"_self\" rel=\"nofollow noopener\" title=\"https:\/\/elpais.com\/television\/2025-03-15\/rafaela-y-su-loco-mundo-la-serie-que-aunara-los-delirantes-universos-de-muchachada-nui-y-ojete-calor.html\">An\u00edbal G\u00f3mez<\/a> en la noche de los s\u00e1bados ha sido cancelado tras solo dos emisiones, como ha avanzado la cuenta PocopasaTV y ha podido confirmar EL PA\u00cdS. <\/p>\n<p class=\"\">A pesar de que Cu\u00e1nto, cu\u00e1nto, cu\u00e1nto arranc\u00f3 el s\u00e1bado 11 de octubre con un seguimiento aceptable y un 10,6% de cuota (aunque ya era un dato inferior a la media mensual de La 1 este octubre), el 5,1% que marc\u00f3 en su segunda emisi\u00f3n este s\u00e1bado ha hecho que la cadena p\u00fablica, que ahora atraviesa un momento de auge en audiencias, haya optado por no esperar ni dar una segunda oportunidad al programa y lo ha fulminado. El pr\u00f3ximo s\u00e1bado se programar\u00e1 cine en su lugar. <\/p>\n<p>M\u00e1s informaci\u00f3n<\/p>\n<p class=\"\">Cu\u00e1nto, cu\u00e1nto, cu\u00e1nto estaba planteado como un gran espect\u00e1culo de entretenimiento para el horario de m\u00e1xima audiencia. Cada semana, tres invitados ten\u00edan que hacer apuestas cuantitativas sobre diferentes par\u00e1metros en propuestas disparatadas, como cu\u00e1ntos mililitros de zumo podr\u00eda exprimir una persona suspendida sobre un tiovivo durante 90 segundos o cu\u00e1ntas palabras que rimaran con Quijote podr\u00edan decir personas en la calle en minuto y medio. El formato pretend\u00eda ser un homenaje a los grandes shows de la televisi\u00f3n combinando humor, divulgaci\u00f3n y entretenimiento. Estaba producido por RTVE en colaboraci\u00f3n con El Terrat y Encofrados Encofrasa, la productora de David Broncano, Ricardo Castella y Jorge Ponce. <\/p>\n","protected":false},"excerpt":{"rendered":"RTVE no ha tenido paciencia con Cu\u00e1nto, cu\u00e1nto, cu\u00e1nto y, tras su segunda emisi\u00f3n, ha fulminado una de&hellip;\n","protected":false},"author":2,"featured_media":191783,"comment_status":"","ping_status":"","sticky":false,"template":"","format":"standard","meta":{"footnotes":""},"categories":[171],"tags":[20803,3059,146,147,25,24,24705,52913,6870,25284,518,23,807,214,3156],"class_list":{"0":"post-191782","1":"post","2":"type-post","3":"status-publish","4":"format-standard","5":"has-post-thumbnail","7":"category-tv","8":"tag-audiencia-medios","9":"tag-comedia","10":"tag-entertainment","11":"tag-entretenimiento","12":"tag-es","13":"tag-espana","14":"tag-humor","15":"tag-humoristas","16":"tag-la-1","17":"tag-programas-entretenimiento","18":"tag-rtve","19":"tag-spain","20":"tag-television","21":"tag-tv","22":"tag-tve"},"share_on_mastodon":{"url":"https:\/\/pubeurope.com\/@es\/115412793168630402","error":""},"_links":{"self":[{"href":"https:\/\/www.europesays.com\/es\/wp-json\/wp\/v2\/posts\/191782","targetHints":{"allow":["GET"]}}],"collection":[{"href":"https:\/\/www.europesays.com\/es\/wp-json\/wp\/v2\/posts"}],"about":[{"href":"https:\/\/www.europesays.com\/es\/wp-json\/wp\/v2\/types\/post"}],"author":[{"embeddable":true,"href":"https:\/\/www.europesays.com\/es\/wp-json\/wp\/v2\/users\/2"}],"replies":[{"embeddable":true,"href":"https:\/\/www.europesays.com\/es\/wp-json\/wp\/v2\/comments?post=191782"}],"version-history":[{"count":0,"href":"https:\/\/www.europesays.com\/es\/wp-json\/wp\/v2\/posts\/191782\/revisions"}],"wp:featuredmedia":[{"embeddable":true,"href":"https:\/\/www.europesays.com\/es\/wp-json\/wp\/v2\/media\/191783"}],"wp:attachment":[{"href":"https:\/\/www.europesays.com\/es\/wp-json\/wp\/v2\/media?parent=191782"}],"wp:term":[{"taxonomy":"category","embeddable":true,"href":"https:\/\/www.europesays.com\/es\/wp-json\/wp\/v2\/categories?post=191782"},{"taxonomy":"post_tag","embeddable":true,"href":"https:\/\/www.europesays.com\/es\/wp-json\/wp\/v2\/tags?post=191782"}],"curies":[{"name":"wp","href":"https:\/\/api.w.org\/{rel}","templated":true}]}}