{"id":191784,"date":"2025-10-21T15:10:16","date_gmt":"2025-10-21T15:10:16","guid":{"rendered":"https:\/\/www.europesays.com\/es\/191784\/"},"modified":"2025-10-21T15:10:16","modified_gmt":"2025-10-21T15:10:16","slug":"victoria-beckham-regresa-a-netflix-con-las-spice-girl-pero-sin-geri-halliwell","status":"publish","type":"post","link":"https:\/\/www.europesays.com\/es\/191784\/","title":{"rendered":"Victoria Beckham regresa a Netflix con Las Spice Girl pero sin Geri Halliwell"},"content":{"rendered":"<p id=\"e4Y2b4PXun\" data-wc=\"60\"><strong>Victoria Beckham<\/strong> parece decidida a dar un paso m\u00e1s con otro gran \u00e9xito en Netflix. La nueva pel\u00edcula sobre las Spice Girls no es una ficci\u00f3n ni una secuela de Spice World (1997), sino un proyecto documental que ha surgido a ra\u00edz del <a class=\"hm-link ho-link\" href=\"https:\/\/www.hola.com\/actualidad\/20251011861038\/victoria-beckham-temas-tabu-documental-netflix\/\" data-mrf-recirculation=\"article-body-link\" rel=\"nofollow noopener\" target=\"_blank\">\u00e9xito de la reciente serie de Victoria Beckham<\/a><strong>,\u00a0<\/strong>que se estren\u00f3 el 9 de octubre de 2025.<\/p>\n<p> <img src=\"https:\/\/www.europesays.com\/es\/wp-content\/uploads\/2025\/10\/f9fc1e39fe3b-gettyimages-91139649.jpg\"   width=\"1080\" height=\"1080\" loading=\"lazy\" decoding=\"async\" alt=\"Victoria, en los escenarios\" fetchpriority=\"auto\" class=\"image ho-image\"\/>\u00a9 Redferns<\/p>\n<p> <img src=\"https:\/\/www.europesays.com\/es\/wp-content\/uploads\/2025\/10\/0e96974281d5-spice-girls-z.jpg\"   width=\"1024\" height=\"696\" loading=\"lazy\" decoding=\"async\" alt=\"spice girls\" fetchpriority=\"auto\" class=\"image ho-image\"\/>\u00a9 Getty Images<\/p>\n<p id=\"elejgTytSrn\" data-wc=\"73\">Netflix est\u00e1 en negociaciones para producir una docuserie centrada en la historia del grupo \u2014desde su creaci\u00f3n hasta su impacto mundial\u2014 como continuaci\u00f3n del fen\u00f3meno que ha desatado la docuserie de Victoria Beckham. El proyecto abordar\u00eda la din\u00e1mica entre sus cinco integrantes (Beckham, Mel B, Mel C, Emma Bunton y Geri Halliwell) y la evoluci\u00f3n del movimiento \u201cGirl Power\u201d que se hizo tan popular en los a\u00f1os 90 y tuvo un \u00e9xito arrollador.<\/p>\n<p id=\"eQP8avACPA\" data-wc=\"101\">Sin embargo, parece ser que podr\u00edan no estar las cinco integrantes de la banda. Se especula con que<strong>\u00a0las Spice Girl habr\u00edan ignorado a Geri Halliwell despu\u00e9s de que \u00a0ella echara por tierra los planes de esta pel\u00edcula biogr\u00e1fica de Netflix<\/strong>, que reportar\u00eda al grupo nada m\u00e1s y nada menos que un mill\u00f3n de libras esterlinas a cada una (1,15 millones de euros). Mel B, Mel C, Emma Bunton y Victoria Beckham estar\u00edan aplicando \u00abla regla de las cuatro\u00bb para seguir adelante sin el acuerdo de las cinco integrantes, como hicieron anteriormente cuando realizaron su gira sin Victoria Beckham en 2019.<\/p>\n<p> <img src=\"https:\/\/www.europesays.com\/es\/wp-content\/uploads\/2025\/10\/fbe52333fa5d-spice-girls-getty-a.jpg\"   width=\"864\" height=\"1024\" loading=\"lazy\" decoding=\"async\" alt=\"spice girls getty\" fetchpriority=\"auto\" class=\"image ho-image\"\/>\u00a9 Getty Images<\/p>\n<p> <img src=\"https:\/\/www.europesays.com\/es\/wp-content\/uploads\/2025\/10\/306c409c87d4-spice-girls-gtres1-a.jpg\"   width=\"1024\" height=\"723\" loading=\"lazy\" decoding=\"async\" alt=\"spice girls gtres1\" fetchpriority=\"auto\" class=\"image ho-image\"\/>\u00a9 Gtresonline<\/p>\n<p id=\"eOzdryyqPGo\" data-wc=\"163\">El a\u00f1o pasado, se\u00f1alaron fuentes internas a Daily Mail que las conversaciones iban bien hasta que Geri decidi\u00f3 retirarse del proyecto y descart\u00f3 los planes de una gira despu\u00e9s de que<strong> su disputa con Mel B se volviera cada vez m\u00e1s amarga. <\/strong>Seg\u00fan fuentes cercanas, su amistad se deterior\u00f3 a ra\u00edz de bromas ofensivas de Mel B en redes sociales, incluida una publicaci\u00f3n sarc\u00e1stica por el cumplea\u00f1os de Geri, que reaviv\u00f3 rumores sobre su edad. Este nuevo desencuentro habr\u00eda llevado a Geri a retirarse definitivamente de cualquier proyecto conjunto, dejando en suspenso una gira que los fans esperaban desde hac\u00eda meses. \u00a0A su vez, se dice que Ginger Spice , como se la conoc\u00eda entonces, rechaz\u00f3 el lucrativo acuerdo en medio de rumores de que ella y su marido Christian Horner hab\u00edan sido contactados para hacer una serie de televisi\u00f3n \u00abmuy personal\u00bb, tras el esc\u00e1ndalo de <strong>los mensajes sexuales de \u00e9l con una compa\u00f1era de trabajo<\/strong> y<strong> su posterior despido de Red Bull. <\/strong><\/p>\n<p> <img src=\"https:\/\/www.europesays.com\/es\/wp-content\/uploads\/2025\/10\/80f22391902d-gettyimages-52100118.jpg\"   width=\"1024\" height=\"667\" loading=\"lazy\" decoding=\"async\" alt=\"Carlos III posando con las Spice Girls en una gala en la Opera House\" fetchpriority=\"auto\" class=\"image ho-image\"\/>\u00a9 Getty Images<\/p>\n<p id=\"ezXlWAtE1h\" data-wc=\"114\">Ahora, una fuente ha declarado que <strong>\u00abGeri lleva casi un a\u00f1o dando largas al asunto <\/strong>y el resto del grupo est\u00e1 deseando seguir adelante, ya que el a\u00f1o que viene se cumple <strong>el 30.\u00ba aniversario del lanzamiento de su primer sencillo, Wannabe\u00bb<\/strong>. \u00a0\u00abSe est\u00e1 hablando de varios proyectos para conmemorar la ocasi\u00f3n, entre ellos un documental y una posible gira o actuaci\u00f3n del grupo. Pero no implica que las chicas tengan que dedicarle tanto tiempo de sus vidas para participar en \u00e9l. Solo tienen que respaldar el proyecto y aportar todas las ideas y opiniones que puedan. Sin embargo, esto se ha ralentizado mucho y los creadores est\u00e1n ansiosos por ponerse en marcha\u00bb, se\u00f1alan.\u00a0<\/p>\n<p> <img src=\"https:\/\/www.europesays.com\/es\/wp-content\/uploads\/2025\/10\/1c71eef8493f-spice-girls3-z.jpg\"   width=\"1024\" height=\"940\" loading=\"lazy\" decoding=\"async\" alt=\"spice girls3 \" fetchpriority=\"auto\" class=\"image ho-image\"\/>\u00a9 Archivo<\/p>\n<p id=\"eZWg77rKNG\" data-wc=\"65\">El proyecto se encuentra en una fase muy inicial, por lo que hay mucho tiempo para que las cinco Spice Girls participen. Una fuente dijo: \u00abHabr\u00eda sido cinco actrices las que interpretaran los papeles de <strong>Posh, Ginger, Scary, Sporty y Baby<\/strong>. La aventura les habr\u00eda reportado a todas ellas unos ingresos de alrededor de un mill\u00f3n de libras esterlinas por, b\u00e1sicamente, no mover un dedo\u00bb.<\/p>\n<p id=\"eDesNZflp9\" data-wc=\"82\">Esto ocurre solo unos d\u00edas despu\u00e9s de que Victoria Beckham expresara ren una entrevista en la emisora estadounidense SiriusXM que la idea de una reuni\u00f3n de las Spice Girls le resulta \u00abtentadora\u00bb, ahora que el grupo se acerca a su 30.\u00ba aniversario. \u00ab<strong>Ser\u00eda tentador. Pero \u00bfpodr\u00eda hacer una gira mundial? No, no puedo. Tengo un trabajo&#8230;\u00bb<\/strong>. \u00ab\u00a1Qu\u00e9 bien estar\u00edan las Spice Girls en el Sphere! Me encanta la idea. Aunque no s\u00e9 si a\u00fan sabr\u00eda cantar, \u00a1nunca se me dio muy bien!\u00bb.<\/p>\n<p> <img src=\"https:\/\/www.europesays.com\/es\/wp-content\/uploads\/2025\/10\/f202351ca6c7-spice-girls-getty-z.jpg\"   width=\"1024\" height=\"689\" loading=\"lazy\" decoding=\"async\" alt=\"spice girls getty \" fetchpriority=\"auto\" class=\"image ho-image\"\/>\u00a9 Getty Images<\/p>\n<p id=\"ePQxY4_p8L\" data-wc=\"94\">El \u00faltimo concierto de las Spice Girls hasta la fecha tuvo lugar <strong>en abril de 2024<\/strong>, durante la <strong>fiesta del 50\u00ba cumplea\u00f1os de Victoria Beckham<\/strong> en el club privado Oswald&#8217;s de Londres. En ese evento, los cinco integrantes \u00a0\u2014Victoria, Geri, Mel B, Mel C y Emma\u2014 improvisaron una mini actuaci\u00f3n cantando cl\u00e1sicos como Stop, Mama y Wannabe, lo que marc\u00f3 su primera actuaci\u00f3n juntas desde los <strong>Juegos Ol\u00edmpicos de Londres 2012. \u00a0Su \u00faltima gira oficial fue Spice World \u2013 2019 Tour,<\/strong> que recorri\u00f3 Reino Unido e Irlanda, pero sin la participaci\u00f3n de Victoria Beckham.<\/p>\n","protected":false},"excerpt":{"rendered":"Victoria Beckham parece decidida a dar un paso m\u00e1s con otro gran \u00e9xito en Netflix. La nueva pel\u00edcula&hellip;\n","protected":false},"author":2,"featured_media":191785,"comment_status":"","ping_status":"","sticky":false,"template":"","format":"standard","meta":{"footnotes":""},"categories":[170],"tags":[517,146,147,25,24,53551,184,185,23,7252,3063],"class_list":{"0":"post-191784","1":"post","2":"type-post","3":"status-publish","4":"format-standard","5":"has-post-thumbnail","7":"category-musica","8":"tag-actualidad","9":"tag-entertainment","10":"tag-entretenimiento","11":"tag-es","12":"tag-espana","13":"tag-geri-halliwell","14":"tag-music","15":"tag-musica","16":"tag-spain","17":"tag-spice-girls","18":"tag-victoria-beckham"},"share_on_mastodon":{"url":"https:\/\/pubeurope.com\/@es\/115412797667129829","error":""},"_links":{"self":[{"href":"https:\/\/www.europesays.com\/es\/wp-json\/wp\/v2\/posts\/191784","targetHints":{"allow":["GET"]}}],"collection":[{"href":"https:\/\/www.europesays.com\/es\/wp-json\/wp\/v2\/posts"}],"about":[{"href":"https:\/\/www.europesays.com\/es\/wp-json\/wp\/v2\/types\/post"}],"author":[{"embeddable":true,"href":"https:\/\/www.europesays.com\/es\/wp-json\/wp\/v2\/users\/2"}],"replies":[{"embeddable":true,"href":"https:\/\/www.europesays.com\/es\/wp-json\/wp\/v2\/comments?post=191784"}],"version-history":[{"count":0,"href":"https:\/\/www.europesays.com\/es\/wp-json\/wp\/v2\/posts\/191784\/revisions"}],"wp:featuredmedia":[{"embeddable":true,"href":"https:\/\/www.europesays.com\/es\/wp-json\/wp\/v2\/media\/191785"}],"wp:attachment":[{"href":"https:\/\/www.europesays.com\/es\/wp-json\/wp\/v2\/media?parent=191784"}],"wp:term":[{"taxonomy":"category","embeddable":true,"href":"https:\/\/www.europesays.com\/es\/wp-json\/wp\/v2\/categories?post=191784"},{"taxonomy":"post_tag","embeddable":true,"href":"https:\/\/www.europesays.com\/es\/wp-json\/wp\/v2\/tags?post=191784"}],"curies":[{"name":"wp","href":"https:\/\/api.w.org\/{rel}","templated":true}]}}