{"id":191786,"date":"2025-10-21T15:11:09","date_gmt":"2025-10-21T15:11:09","guid":{"rendered":"https:\/\/www.europesays.com\/es\/191786\/"},"modified":"2025-10-21T15:11:09","modified_gmt":"2025-10-21T15:11:09","slug":"existio-shrek-la-historia-del-luchador-frances-maurice-tillet","status":"publish","type":"post","link":"https:\/\/www.europesays.com\/es\/191786\/","title":{"rendered":"\u00bfExisti\u00f3 Shrek? La historia del luchador franc\u00e9s Maurice Tillet"},"content":{"rendered":"<p class=\"description\"><b>Oferta especial:<\/b> Suscr\u00edbete por solo 1,5\u20ac al mes a la revista Historia National Geographic. <b>-64% de descuento.<\/b> \u00a1Solo a los 1000 primeros!<\/p>\n<p class=\"description\"><b>\u00a1Novedad!<\/b> Consigue la nueva edici\u00f3n especial de Historia NG: Grandes Episodios de la Edad Media.<\/p>\n<p>Parece mentira que fue hace unos 24 a\u00f1os cuando escuchamos por primera vez a <strong>nuestro personaje verde favorito decir<\/strong>:\u00a0\u00abPara tu informaci\u00f3n, los ogros son mucho m\u00e1s de lo que la gente piensa\u00bb. Shrek, <strong>una de las grandes joyas de la productora DreamWorks<\/strong>, se estren\u00f3 en 2001 y cautiv\u00f3 al mundo con sus lecciones sobre la autoaceptaci\u00f3n y el valor de la belleza interior. Tal fue su \u00e9xito, que<strong> todav\u00eda espera una nueva entrega en 2026<\/strong>.<\/p>\n<p>La emoci\u00f3n por volver a ver a estas ic\u00f3nicas figuras en la gran pantalla trae a colaci\u00f3n <strong>una historia poco conocida y muy vinculada, aunque desde la leyenda popular, a nuestro protagonista<\/strong>: la de Maurice Tillet, el campe\u00f3n de lucha libre que podr\u00eda haber inspirado la apariencia f\u00edsica de Shrek. La productora, no obstante,<strong> nunca ha desmentido ni confirmado esta asociaci\u00f3n<\/strong>.\u00a0<\/p>\n<p>Pero,<strong> \u00bfqui\u00e9n fue este hombre?<\/strong> Conocido en su \u00e9poca como el \u00ab\u00e1ngel franc\u00e9s\u00bb, Tillet sufri\u00f3 una deformaci\u00f3n f\u00edsica a edad adulta que le cerr\u00f3 numerosas puertas en el \u00e1mbito del Derecho, para lo que hab\u00eda estudiado,<strong> pero le dio ciertas ventajas en el ring<\/strong>.<\/p>\n<p>\u00a0<\/p>\n<p><img loading=\"lazy\" decoding=\"async\"   src=\"https:\/\/www.europesays.com\/es\/wp-content\/uploads\/2025\/10\/maurice-tillet-fue-conocido-como-el-angel-frances_e9c8c95e_251021150303_800x861.webp.webp\" alt=\"Maurice Tillet fue conocido como &quot;el \u00e1ngel franc\u00e9s&quot;.\" class=\"lazyload\" width=\"800\" height=\"861\" data-aspectratio=\"800\/861\"\/><br \/>\n&#13;Maurice Tillet fue conocido como \u00abel \u00e1ngel franc\u00e9s\u00bb.&#13;<\/p>\n<p>Maurice Tillet fue conocido como \u00abel \u00e1ngel franc\u00e9s\u00bb.<\/p>\n<p>&#13;<\/p>\n<p>&#13;Wikimedia Commons<\/p>\n<p>&#13;<\/p>\n<p>Una historia de superaci\u00f3n<\/p>\n<p>La condici\u00f3n que padec\u00eda se llama <a href=\"https:\/\/cab.unime.it\/journals\/index.php\/APMB\/article\/view\/2324\" target=\"_blank\" rel=\"nofollow noopener\">acromegalia<\/a>, o gigantismo cuando los s\u00edntomas aparecen durante la infancia. El aspecto f\u00edsico de Tillet cambi\u00f3 por completo alrededor de sus 20 a\u00f1os: para entonces, ya se hab\u00eda mudado de su Rusia natal a Toulouse (Francia) y <strong>hab\u00eda obtenido su t\u00edtulo en Derecho<\/strong>. No obstante, la discriminaci\u00f3n le impidi\u00f3 acceder al mundo laboral para el que se hab\u00eda preparado con gran esfuerzo.\u00a0<\/p>\n<p>Antes de debutar en el mundo de la lucha, l<strong>lev\u00f3 a cabo algunas apariciones en el cine<\/strong>: <a href=\"https:\/\/www.imdb.com\/es\/name\/nm6738160\/\" target=\"_blank\" rel=\"nofollow noopener\">IMDb reconoce su participaci\u00f3n<\/a> en t\u00edtulos como Rocambole (1933), Rive gauche (1931) y Les bataliers de la Volga (1936). No fue hasta el a\u00f1o siguiente del estreno de esta \u00faltima producci\u00f3n cuando, <strong>en un viaje a Singapur, conoci\u00f3 al luchador lituano Karl Pojello<\/strong>, quien lo convenci\u00f3 de tener aptitudes para entrar en el wrestling.<\/p>\n<p>\u00a0<\/p>\n<p><img loading=\"lazy\" decoding=\"async\"   src=\"https:\/\/www.europesays.com\/es\/wp-content\/uploads\/2025\/10\/shrek-se-estreno-en-el-ano-2001-y-todavia-espera-una-entrega-en-2026_93334a0b_251021150027_800x714.w.webp\" alt=\"Shrek se estren\u00f3 en el a\u00f1o 2001 y todav\u00eda espera una entrega en 2026.\" class=\"lazyload\" width=\"800\" height=\"714\" data-aspectratio=\"800\/714\"\/><br \/>\n&#13;Shrek se estren\u00f3 en el a\u00f1o 2001 y todav\u00eda espera una entrega en 2026.&#13;<\/p>\n<p>Shrek se estren\u00f3 en el a\u00f1o 2001 y todav\u00eda espera una entrega en 2026.<\/p>\n<p>&#13;<\/p>\n<p>&#13;Cordon Press<\/p>\n<p>&#13;<\/p>\n<p>Y efectivamente, as\u00ed lo hizo. Sus primeras victorias, fruto tambi\u00e9n de un buen entrenamiento,<strong> tuvieron lugar en Francia y en Reino Unido<\/strong>, seg\u00fan el libro\u00a0Pro Wrestling: The Fabulous, The Famous, The Feared and The Forgotten.\u00a0Luego, sin embargo, el estallido de la Segunda Guerra Mundial oblig\u00f3 a Maurice Tillet a <strong>trasladarse a Estados Unidos<\/strong>, donde pronto su nombre apareci\u00f3 en la lista de figuras representadas por el ic\u00f3nico manager de talentos\u00a0Paul Browser.\u00a0<\/p>\n<p><strong>Y lo que vino despu\u00e9s es historia:<\/strong> Tillet continu\u00f3 triunfando en la lucha libre, hasta que en 1954 muri\u00f3 de un ataque card\u00edaco, precisamente<strong> cuando supo del fallecimiento de Browser<\/strong>. Ambos fueron enterrados en un cementerio de Chicago.<\/p>\n<p>Similitudes entre la realidad y la ficci\u00f3n<\/p>\n<p>Como dir\u00edan los cineastas, cualquier semejanza entre la realidad y la ficci\u00f3n es pura coincidencia. En otras palabras, <strong>ni el creador William Steig ni la productora DreamWorks han reconocido\u00a0<\/strong>que el personaje de Shrek est\u00e9 inspirado en Maurice Tillet.<\/p>\n<p>No obstante, los fans del filme y los curiosos de la historia<strong> se han esforzado durante d\u00e9cadas en encontrar similitudes<\/strong>, tanto en su f\u00edsico como en la historia de ambos. Y es que, si se mira con detenimiento, como bien sabemos por Shrek, Tillet ten\u00eda <strong>muchas, muchas capas<\/strong> que iban m\u00e1s all\u00e1 de lo que la gente de entonces pudo ver.<\/p>\n","protected":false},"excerpt":{"rendered":"Oferta especial: Suscr\u00edbete por solo 1,5\u20ac al mes a la revista Historia National Geographic. -64% de descuento. \u00a1Solo&hellip;\n","protected":false},"author":2,"featured_media":191787,"comment_status":"","ping_status":"","sticky":false,"template":"","format":"standard","meta":{"footnotes":""},"categories":[169],"tags":[119,177,146,147,25,24,176,1408,448,175,1407,1409,23,226],"class_list":{"0":"post-191786","1":"post","2":"type-post","3":"status-publish","4":"format-standard","5":"has-post-thumbnail","7":"category-cine","8":"tag-ciencia","9":"tag-cine","10":"tag-entertainment","11":"tag-entretenimiento","12":"tag-es","13":"tag-espana","14":"tag-film","15":"tag-geographic","16":"tag-historia","17":"tag-movies","18":"tag-national","19":"tag-naturaleza","20":"tag-spain","21":"tag-viajes"},"share_on_mastodon":{"url":"https:\/\/pubeurope.com\/@es\/115412800859294751","error":""},"_links":{"self":[{"href":"https:\/\/www.europesays.com\/es\/wp-json\/wp\/v2\/posts\/191786","targetHints":{"allow":["GET"]}}],"collection":[{"href":"https:\/\/www.europesays.com\/es\/wp-json\/wp\/v2\/posts"}],"about":[{"href":"https:\/\/www.europesays.com\/es\/wp-json\/wp\/v2\/types\/post"}],"author":[{"embeddable":true,"href":"https:\/\/www.europesays.com\/es\/wp-json\/wp\/v2\/users\/2"}],"replies":[{"embeddable":true,"href":"https:\/\/www.europesays.com\/es\/wp-json\/wp\/v2\/comments?post=191786"}],"version-history":[{"count":0,"href":"https:\/\/www.europesays.com\/es\/wp-json\/wp\/v2\/posts\/191786\/revisions"}],"wp:featuredmedia":[{"embeddable":true,"href":"https:\/\/www.europesays.com\/es\/wp-json\/wp\/v2\/media\/191787"}],"wp:attachment":[{"href":"https:\/\/www.europesays.com\/es\/wp-json\/wp\/v2\/media?parent=191786"}],"wp:term":[{"taxonomy":"category","embeddable":true,"href":"https:\/\/www.europesays.com\/es\/wp-json\/wp\/v2\/categories?post=191786"},{"taxonomy":"post_tag","embeddable":true,"href":"https:\/\/www.europesays.com\/es\/wp-json\/wp\/v2\/tags?post=191786"}],"curies":[{"name":"wp","href":"https:\/\/api.w.org\/{rel}","templated":true}]}}